{"id":1297,"date":"2020-11-04T18:21:52","date_gmt":"2020-11-04T15:21:52","guid":{"rendered":"http:\/\/mersinekonomipolitikagazetesi.com\/?p=1297"},"modified":"2020-11-04T18:21:52","modified_gmt":"2020-11-04T15:21:52","slug":"mersinde-ramazan-hazirliklari-tamamlandi","status":"publish","type":"post","link":"https:\/\/akdenizolaygazetesi.com\/?p=1297","title":{"rendered":"Mersin&#8217;de Ramazan haz\u0131rl\u0131klar\u0131 tamamland\u0131"},"content":{"rendered":"<p>Ramazan ay\u0131n\u0131n geli\u015fiyle her y\u0131l birbirinden g\u00fczel etkinliklere imza atarak Ramazan\u0131n k\u00fclt\u00fcr\u00fcn\u00fc ve ruhunu en g\u00fczel \u015fekilde ya\u015fatan Mersin B\u00fcy\u00fck\u015fehir Belediyesi, Ramazan ay\u0131 \u00f6ncesi t\u00fcm haz\u0131rl\u0131klar\u0131n\u0131 tamaml\u0131yor.<\/p>\n<p>B\u00fcy\u00fck\u015fehir Belediyesi&#8217;nden yap\u0131lan a\u00e7\u0131klamaya g\u00f6re, park bah\u00e7elerden zab\u0131ta ekiplerine kadar haz\u0131rl\u0131klar\u0131na t\u00fcm h\u0131z\u0131yla devam eden Mersin B\u00fcy\u00fck\u015fehir Belediyesi, kenti Ramazan ay\u0131n\u0131n maneviyat\u0131na yak\u0131\u015f\u0131r bir hale getiriyor.<br \/>\nA\u015fhane 200 bin ki\u015filik iftar yeme\u011fi yapacak<br \/>\nBu kapsamda, ihtiya\u00e7 sahibi bir\u00e7ok vatanda\u015f\u0131n \u00fccretsiz olarak yemek ihtiyac\u0131n\u0131 kar\u015f\u0131layan Mersin B\u00fcy\u00fck\u015fehir Belediyesi A\u015fhanesi, ge\u00e7ti\u011fimiz Ramazan ay\u0131nda oldu\u011fu gibi bu Ramazan ay\u0131nda da iftar sofralar\u0131n\u0131 bereketlendirecek. A\u015fhane, 15 personeli ile Mersin merkez ve il\u00e7elerde kurulacak iftar sofralar\u0131 i\u00e7in Ramazan ay\u0131 boyunca yakla\u015f\u0131k 200 bin adet iftar yeme\u011fi haz\u0131rlayacak.<br \/>\nAyr\u0131ca a\u015fhaneye gelerek iftarlar\u0131n\u0131 burada a\u00e7mak isteyen ve evine yemek g\u00f6t\u00fcrmek isteyen vatanda\u015flar i\u00e7in g\u00fcnl\u00fck 5 bin ki\u015filik iftar yeme\u011fi yap\u0131lacakken, Ramazan ay\u0131 boyunca her g\u00fcn Ulu \u00c7ar\u015f\u0131 Meydan\u0131nda, Akdeniz Zeki Sabah \u0130lkokulunda ve 9-24 Haziran tarihleri aras\u0131nda Toroslar Anadolu Lisesi\u2019nde kurulacak iftar sofralar\u0131 i\u00e7in de g\u00fcnl\u00fck 4 bin ki\u015filik iftar yeme\u011fi a\u015fhane taraf\u0131ndan \u00e7\u0131kar\u0131lacak.<br \/>\nSofralar\u0131 kaliteli, hijyenik ve ekonomik ekmekle bulu\u015fturan Mersin B\u00fcy\u00fck\u015fehir Belediyesi Ekmek Fabrikas\u0131 ise Ramazan ay\u0131 i\u00e7in yapt\u0131\u011f\u0131 haz\u0131rl\u0131klar\u0131 tamamlad\u0131. Ramazan ay\u0131 boyunca rutin ekmek \u00fcretimine devam edecek ve kurulan iftar sofralar\u0131n\u0131n ekmek \u00fcretimini ger\u00e7ekle\u015ftirecek olan MER-EK, geleneksel Ramazan pidesi \u00fcretimine de ba\u015fl\u0131yor. 500\u2019er graml\u0131k susaml\u0131 ve \u00e7\u00f6rek otlu geleneksel Ramazan pideleri, tanesi 1.20 kuru\u015ftan Mersinlilerin iftar sofralar\u0131nda yerini alacak.<br \/>\nMersin B\u00fcy\u00fck\u015fehir Belediyesi, Ramazan ay\u0131 \u00f6ncesi yap\u0131lan haz\u0131rl\u0131k \u00e7al\u0131\u015fmalar\u0131 kapsam\u0131nda rutin olarak ger\u00e7ekle\u015ftirdi\u011fi cami temizliklerine merkez camilerin yan\u0131 s\u0131ra mahalle ve yayla camilerini de ekledi. Ramazan ay\u0131nda Mersinliler taraf\u0131ndan ziyaret edilecek olan camiler, ba\u015ftan a\u015fa\u011f\u0131 temizlenerek dezenfekte ediliyor, saf ve i\u015flenmemi\u015f g\u00fcl ya\u011f\u0131ndan elde edilen g\u00fcl suyu ile kal\u0131c\u0131 ve ferah bir kokuya sahip oluyor.<br \/>\nZab\u0131ta ekipleri denetimlerini tamamlad\u0131<br \/>\nAyr\u0131ca halk sa\u011fl\u0131\u011f\u0131 kapsam\u0131nda yapt\u0131\u011f\u0131 denetimler ile sa\u011fl\u0131ks\u0131z g\u0131da sat\u0131\u015f\u0131na ge\u00e7it vermeyen Mersin B\u00fcy\u00fck\u015fehir Belediyesi, kent genelinde ger\u00e7ekle\u015ftirdi\u011fi f\u0131r\u0131n denetimlerini Ramazan ay\u0131n\u0131n hemen \u00f6ncesinde tamamlad\u0131. Zab\u0131ta ve Sa\u011fl\u0131k \u0130\u015fleri Dairesi Ba\u015fkanl\u0131\u011f\u0131 G\u0131da Denetim \u015eube M\u00fcd\u00fcrl\u00fc\u011f\u00fc ekiplerinin ortakla\u015fa y\u00fcr\u00fctt\u00fc\u011f\u00fc denetimler esnas\u0131nda y\u00f6netmeliklere uymayan f\u0131r\u0131n i\u015fletmeleri hakk\u0131nda tespit tutana\u011f\u0131 tutularak, gerekli yasal i\u015flem yap\u0131ld\u0131.<\/p>\n","protected":false},"excerpt":{"rendered":"<p>Ramazan ay\u0131n\u0131n geli\u015fiyle her y\u0131l birbirinden g\u00fczel etkinliklere imza atarak Ramazan\u0131n k\u00fclt\u00fcr\u00fcn\u00fc ve ruhunu en g\u00fczel \u015fekilde ya\u015fatan Mersin B\u00fcy\u00fck\u015fehir Belediyesi, Ramazan ay\u0131 \u00f6ncesi t\u00fcm haz\u0131rl\u0131klar\u0131n\u0131 tamaml\u0131yor. B\u00fcy\u00fck\u015fehir Belediyesi&#8217;nden yap\u0131lan &hellip; <a href=\"https:\/\/akdenizolaygazetesi.com\/?p=1297\" class=\"more-link\">Devam\u0131n\u0131 Oku&#8230;<\/a><\/p>\n","protected":false},"author":1,"featured_media":0,"comment_status":"open","ping_status":"open","sticky":false,"template":"","format":"standard","meta":[],"categories":[],"tags":[],"_links":{"self":[{"href":"https:\/\/akdenizolaygazetesi.com\/index.php?rest_route=\/wp\/v2\/posts\/1297"}],"collection":[{"href":"https:\/\/akdenizolaygazetesi.com\/index.php?rest_route=\/wp\/v2\/posts"}],"about":[{"href":"https:\/\/akdenizolaygazetesi.com\/index.php?rest_route=\/wp\/v2\/types\/post"}],"author":[{"embeddable":true,"href":"https:\/\/akdenizolaygazetesi.com\/index.php?rest_route=\/wp\/v2\/users\/1"}],"replies":[{"embeddable":true,"href":"https:\/\/akdenizolaygazetesi.com\/index.php?rest_route=%2Fwp%2Fv2%2Fcomments&post=1297"}],"version-history":[{"count":0,"href":"https:\/\/akdenizolaygazetesi.com\/index.php?rest_route=\/wp\/v2\/posts\/1297\/revisions"}],"wp:attachment":[{"href":"https:\/\/akdenizolaygazetesi.com\/index.php?rest_route=%2Fwp%2Fv2%2Fmedia&parent=1297"}],"wp:term":[{"taxonomy":"category","embeddable":true,"href":"https:\/\/akdenizolaygazetesi.com\/index.php?rest_route=%2Fwp%2Fv2%2Fcategories&post=1297"},{"taxonomy":"post_tag","embeddable":true,"href":"https:\/\/akdenizolaygazetesi.com\/index.php?rest_route=%2Fwp%2Fv2%2Ftags&post=1297"}],"curies":[{"name":"wp","href":"https:\/\/api.w.org\/{rel}","templated":true}]}}