{"id":12972,"date":"2021-06-22T12:40:11","date_gmt":"2021-06-22T09:40:11","guid":{"rendered":"http:\/\/akdenizolaygazetesi.com\/?p=12972"},"modified":"2021-06-22T12:40:11","modified_gmt":"2021-06-22T09:40:11","slug":"toroslarda-oncelik-is-guvenligi","status":"publish","type":"post","link":"https:\/\/akdenizolaygazetesi.com\/?p=12972","title":{"rendered":"Toroslar&#8217;da \u00d6ncelik \u0130\u015f G\u00fcvenli\u011fi"},"content":{"rendered":"<p>\u00c7evik Belediyecilik anlay\u0131\u015f\u0131yla \u00e7al\u0131\u015fmalar\u0131n\u0131 s\u00fcrd\u00fcren Toroslar Belediye Ba\u015fkan\u0131 Ats\u0131z Af\u015f\u0131n Y\u0131lmaz, belediye b\u00fcnyesinde \u00e7al\u0131\u015fan 400 i\u015f\u00e7i ve in\u015faat ustas\u0131na Mesleki Yeterlilik Belgesi kazand\u0131r\u0131yor.<\/p>\n<p>Ba\u015fkan Y\u0131lmaz; &#8220;Personelimiz, bilgi ve becerilerini bu belgeyle tescillemi\u015f olacak. Amac\u0131m\u0131z, daha kaliteli ve g\u00fcvenli bir i\u015f ortam\u0131 sa\u011flamak&#8221; dedi.<\/p>\n<p>Toroslar Belediyesi, nitelikli i\u015f g\u00fcc\u00fcn\u00fc art\u0131rmak amac\u0131yla y\u00fcr\u00fctt\u00fc\u011f\u00fc \u00e7al\u0131\u015fmalarla g\u00f6z dolduruyor.<\/p>\n<p>Tehlikeli ve \u00e7ok tehlikeli meslek alanlar\u0131nda \u00e7al\u0131\u015fan belediye i\u015f\u00e7ileri, Fen \u0130\u015fleri M\u00fcd\u00fcrl\u00fc\u011f\u00fc sahas\u0131nda uygulamal\u0131 e\u011fitimin ard\u0131ndan yap\u0131lan s\u0131nav sonucuna g\u00f6re uluslararas\u0131 ge\u00e7erlili\u011fe sahip olan Mesleki Yeterlilik Belgesi&#8217;ni almaya hak kazanacaklar.<\/p>\n<p>Toroslar&#8217;da \u00d6ncelik \u0130\u015f G\u00fcvenli\u011fi<\/p>\n<p>Hayata ge\u00e7irdikleri projelerle her ge\u00e7en g\u00fcn b\u00fcy\u00fcyen ve geli\u015fen Toroslar&#8217;da hizmet kalitesini daha da art\u0131rmak amac\u0131yla \u00e7al\u0131\u015ft\u0131klar\u0131n\u0131 kaydeden Toroslar Belediye Ba\u015fkan\u0131 Ats\u0131z Af\u015f\u0131n Y\u0131lmaz; &#8220;Personelimizin e\u011fitimi ve nitelikli i\u015f g\u00fcc\u00fcn\u00fcn artmas\u0131 i\u00e7in \u00e7al\u0131\u015f\u0131yoruz. Bu projeyle  i\u015f\u00e7ilerimiz, bilgi ve donan\u0131mlar\u0131n\u0131n yan\u0131 s\u0131ra mesleki yeterliliklerini de tescillemi\u015f olacaklar. \u00d6nceli\u011fimiz her zaman i\u015f g\u00fcvenli\u011fi ve sa\u011fl\u0131\u011f\u0131. Bu nedenle bu e\u011fitimleri \u00e7ok \u00f6nemsiyoruz&#8221; \u015feklinde konu\u015ftu.<\/p>\n","protected":false},"excerpt":{"rendered":"<p>\u00c7evik Belediyecilik anlay\u0131\u015f\u0131yla \u00e7al\u0131\u015fmalar\u0131n\u0131 s\u00fcrd\u00fcren Toroslar Belediye Ba\u015fkan\u0131 Ats\u0131z Af\u015f\u0131n Y\u0131lmaz, belediye b\u00fcnyesinde \u00e7al\u0131\u015fan 400 i\u015f\u00e7i ve in\u015faat ustas\u0131na Mesleki Yeterlilik Belgesi kazand\u0131r\u0131yor. Ba\u015fkan Y\u0131lmaz; &#8220;Personelimiz, bilgi ve becerilerini bu &hellip; <a href=\"https:\/\/akdenizolaygazetesi.com\/?p=12972\" class=\"more-link\">Devam\u0131n\u0131 Oku&#8230;<\/a><\/p>\n","protected":false},"author":2,"featured_media":0,"comment_status":"open","ping_status":"open","sticky":false,"template":"","format":"standard","meta":[],"categories":[1,3],"tags":[],"_links":{"self":[{"href":"https:\/\/akdenizolaygazetesi.com\/index.php?rest_route=\/wp\/v2\/posts\/12972"}],"collection":[{"href":"https:\/\/akdenizolaygazetesi.com\/index.php?rest_route=\/wp\/v2\/posts"}],"about":[{"href":"https:\/\/akdenizolaygazetesi.com\/index.php?rest_route=\/wp\/v2\/types\/post"}],"author":[{"embeddable":true,"href":"https:\/\/akdenizolaygazetesi.com\/index.php?rest_route=\/wp\/v2\/users\/2"}],"replies":[{"embeddable":true,"href":"https:\/\/akdenizolaygazetesi.com\/index.php?rest_route=%2Fwp%2Fv2%2Fcomments&post=12972"}],"version-history":[{"count":1,"href":"https:\/\/akdenizolaygazetesi.com\/index.php?rest_route=\/wp\/v2\/posts\/12972\/revisions"}],"predecessor-version":[{"id":12974,"href":"https:\/\/akdenizolaygazetesi.com\/index.php?rest_route=\/wp\/v2\/posts\/12972\/revisions\/12974"}],"wp:attachment":[{"href":"https:\/\/akdenizolaygazetesi.com\/index.php?rest_route=%2Fwp%2Fv2%2Fmedia&parent=12972"}],"wp:term":[{"taxonomy":"category","embeddable":true,"href":"https:\/\/akdenizolaygazetesi.com\/index.php?rest_route=%2Fwp%2Fv2%2Fcategories&post=12972"},{"taxonomy":"post_tag","embeddable":true,"href":"https:\/\/akdenizolaygazetesi.com\/index.php?rest_route=%2Fwp%2Fv2%2Ftags&post=12972"}],"curies":[{"name":"wp","href":"https:\/\/api.w.org\/{rel}","templated":true}]}}