{"id":12978,"date":"2021-06-22T12:43:44","date_gmt":"2021-06-22T09:43:44","guid":{"rendered":"http:\/\/akdenizolaygazetesi.com\/?p=12978"},"modified":"2021-06-22T12:43:44","modified_gmt":"2021-06-22T09:43:44","slug":"enerji-izleme-scadasi-olarak-meskide-birim-olusturduk","status":"publish","type":"post","link":"https:\/\/akdenizolaygazetesi.com\/?p=12978","title":{"rendered":"\u201cENERJ\u0130 \u0130ZLEME SCADASI OLARAK MESK\u0130\u2019DE B\u0130R\u0130M OLU\u015eTURDUK\u201d"},"content":{"rendered":"<p>Mersin B\u00fcy\u00fck\u015fehir Belediye Ba\u015fkan\u0131 Vahap Se\u00e7er, Mezitli Belediyesi ile TMMOB Makina M\u00fchendisleri Odas\u0131 Mersin \u015eubesi\u2019nin birlikte d\u00fczenledi\u011fi \u201821 Haziran D\u00fcnya G\u00fcne\u015f G\u00fcn\u00fc\u2019 etkinli\u011fine kat\u0131ld\u0131. Mezitli Belediyesi G\u00fcne\u015fpark Enerji Kompleksi\u2019nde yap\u0131lan etkinlikte konu\u015fan Ba\u015fkan Se\u00e7er, g\u00fcne\u015f enerjisinin \u00f6nemine vurgu yaparak, yak\u0131n zamanda MESK\u0130 b\u00fcnyesinde faaliyete girecek olan Enerji \u0130zleme SCADA\u2019s\u0131 hakk\u0131nda bilgiler verdi.<\/p>\n<p>Mezitli Belediye Ba\u015fkan\u0131 Ne\u015fet Tarhan ve TMMOB Mersin \u015eubesi y\u00f6neticilerinin yer ald\u0131\u011f\u0131 etkinlikte Ba\u015fkan Se\u00e7er, e\u015fi Meral Se\u00e7er, Yeni\u015fehir Belediye Ba\u015fkan\u0131 Abdullah \u00d6zyi\u011fit, TMMOB Makine M\u00fchendisleri Odas\u0131 Genel Ba\u015fkan\u0131 Yunus Yener, CHP Mersin \u0130l Ba\u015fkan\u0131 Adil Aktay ile Mersin Ticaret ve Sanayi Odas\u0131 Ba\u015fkan\u0131 Ayhan K\u0131z\u0131ltan da yer ald\u0131.<\/p>\n<p>\u201cBilim olmasayd\u0131 bug\u00fcn g\u00fcne\u015f enerjisi, r\u00fczgar enerjisi ya da hidrolik enerjisi olmazd\u0131\u201d<\/p>\n<p>Ba\u015fkan Se\u00e7er, 21 Haziran\u2019\u0131n g\u00fcne\u015flenme saatinin en uzun oldu\u011fu g\u00fcn oldu\u011funu an\u0131msatarak, Mersin\u2019in g\u00fcne\u015fli bir kent oldu\u011funu, g\u00fcne\u015fin de\u011ferini ve \u00f6nemini iyi bildiklerini s\u00f6yledi. Ba\u015fkan Se\u00e7er, TMMOB\u2019ta \u00e7ok kaliteli m\u00fchendislerin bir arada oldu\u011funu dile getirerek, \u201cAllah\u2019tan m\u00fchendisler var\u201d vurgusu yapt\u0131. Se\u00e7er, \u201c\u0130\u015f biraz i\u015f bilmez siyasilere kalsa d\u00fcnya tersine d\u00f6necek. \u00c7ok farkl\u0131 geli\u015fmeler olacak. Hayat\u0131n her alan\u0131 bir m\u00fchendislik diye d\u00fc\u015f\u00fcn\u00fcyorum. Kurgu, bir m\u00fchendislik kurgusu. Hayat\u0131n o do\u011fal sirk\u00fclasyonu; ya\u015fam\u0131m\u0131z, hareketimiz, yapt\u0131\u011f\u0131m\u0131z her \u015fey. Bu anlamda her \u015feyi bilimsel yapma zorunlulu\u011fumuz var. Mustafa Kemal Atat\u00fcrk\u2019\u00fcn 100 y\u0131l \u00f6nce s\u00f6yledi\u011fi gibi: \u2018Hayatta en hakiki m\u00fcr\u015fit ilimdir\u2019. Ama gel gelelim geriye do\u011fru bir gidi\u015f var\u201d dedi. Bilimin \u00f6nemine de\u011finen Se\u00e7er, \u201cBilim olmasayd\u0131 bug\u00fcn g\u00fcne\u015f enerjisi, r\u00fczgar enerjisi ya da hidrolik enerjisi olmazd\u0131. Bunlar enerjiye d\u00f6n\u00fc\u015fmezdi\u201d ifadelerini kulland\u0131.<\/p>\n<p>\u201c3 MW g\u00fcne\u015f enerjisi panellerimizin imalat\u0131 ger\u00e7ekle\u015fiyor\u201d<\/p>\n<p>Mersin B\u00fcy\u00fck\u015fehir Belediyesi olarak g\u00fcne\u015f enerjisine y\u00f6nelik y\u00fcr\u00fctt\u00fckleri \u00e7al\u0131\u015fmalar\u0131 anlatan Ba\u015fkan Se\u00e7er, \u015funlar\u0131 s\u00f6yledi:<\/p>\n<p>\u201cMESK\u0130\u2019nin b\u00fct\u00e7esi 1 milyar lira. Gelen fatura 145 milyon kW saat elektrik, 129 milyon lira. Ge\u00e7en y\u0131l. Ben a\u00e7\u0131klama da yapt\u0131m. Onu da yanl\u0131\u015f tarifeden kullan\u0131yorlarm\u0131\u015f eski y\u00f6netim. Tarifeleri d\u00fczelttik. Y\u00fczde 30 indirim oldu. Nas\u0131l y\u00f6netilmi\u015f bu kurumlar? Hatta y\u00f6netilmi\u015f demeyelim idare edilmi\u015f. Biz \u015fimdi y\u00f6netmeye \u00e7al\u0131\u015f\u0131yoruz. Di\u011fer taraftan B\u00fcy\u00fck\u015fehir\u2019e bak\u0131yorum. Onun 10\u2019da 1\u2019i oran\u0131nda bir elektrik t\u00fcketimi var. Ge\u00e7en y\u0131l faturas\u0131 17 milyon lira. \u00dcst \u00fcste, alt ata, di\u011fer ba\u011fl\u0131 kurulu\u015flar 150 milyonun \u00fczerinde fatura \u00f6d\u00fcyoruz. Ama di\u011fer taraftan da i\u015flenmeye muhta\u00e7 yenilenebilir enerji var. Bunlar\u0131n en ba\u015f\u0131nda da GES\u2019ler geliyor. Bir ARGE birimi olu\u015fturduk. TMMOB \u00fcyesi bir karde\u015fimizi oran\u0131n daire ba\u015fkanl\u0131\u011f\u0131na getirdik. G\u00fcne\u015f enerjisi konusunda da yakla\u015f\u0131k 1,5 y\u0131lda \u00f6nemli \u00e7al\u0131\u015fmalar yap\u0131yoruz. Bu anlamda da \u015fu anda 3 ayr\u0131 noktada Tarsus, Yeni\u015fehir ve Toroslar\u2019da 3 MW g\u00fcne\u015f enerjisi panellerimizin imalat\u0131 ger\u00e7ekle\u015fiyor. MESK\u0130 yap\u0131yor bunu. Toplam t\u00fcketimimizi, y\u0131ll\u0131k verdi\u011fim rakamlar\u0131 d\u00fc\u015f\u00fcn\u00fcn. Onun y\u00fczde 3\u2019\u00fcne tekab\u00fcl edecek elektrik \u00fcretece\u011fiz. Bu yat\u0131r\u0131mlar devam ettik\u00e7e y\u00fczde 3 olacak, y\u00fczde 30; y\u00fczde 30 olacak y\u00fczde 60. Belirli bir s\u00fcre sonra \u00f6nemli bir miktarda g\u00fcne\u015f enerjisinden elde etti\u011fimiz elektri\u011fi biz vatanda\u015flar\u0131m\u0131za hizmetlerimizde kullanabilece\u011fiz.\u201d<\/p>\n<p>M\u0130CROGES\u2019ler konusuna da de\u011finen Ba\u015fkan Se\u00e7er, \u201cArkada\u015flar\u0131m\u0131z 32 ayr\u0131 noktada hem su depolar\u0131n\u0131n \u00e7at\u0131lar\u0131nda hem de terfi pompa istasyonlar\u0131nda bu \u00e7al\u0131\u015fmalar\u0131 yap\u0131yorlar. \u015eu anda imalat i\u015flemleri ba\u015flad\u0131. Erdemli, Bozyaz\u0131, Silifke, G\u00fclnar, Ayd\u0131nc\u0131k, Mezitli, Yeni\u015fehir, Toroslar ve Tarsus. Niye bunlar\u0131 sayd\u0131m? \u015eehrimizin her il\u00e7esi buna uygun. Bu anlamda \u00e7ok \u00f6nemli diye d\u00fc\u015f\u00fcn\u00fcyorum. Yine bu y\u0131l i\u00e7erisinde 3 MW\u2019\u0131n \u00fczerine planlanan 2. etap olarak d\u00fc\u015f\u00fcnd\u00fc\u011f\u00fcm\u00fcz farkl\u0131 noktalarda i\u00e7mesuyu ar\u0131tma tesislerinde, Tarsus Berdan\u2019da, Tarsus at\u0131k su ar\u0131tma tesislerinde, Karaduvar\u2019da yine at\u0131ksu ar\u0131tma tesislerimizde ve muhtelif depolar\u0131m\u0131zda 15 MW\u2019l\u0131k kurulu g\u00fcce sahip g\u00fcne\u015f enerjisi sistemlerini hayata ge\u00e7irece\u011fiz\u201d dedi.<\/p>\n<p>\u201cBiz toplumu bilin\u00e7lendirmek istiyoruz\u201d<\/p>\n<p>Ula\u015f\u0131mda da g\u00fcne\u015f enerjisinden faydaland\u0131klar\u0131n\u0131 belirten Ba\u015fkan Se\u00e7er, 51 ak\u0131ll\u0131 duraktaki panolar\u0131n g\u00fcne\u015f enerjisi ile \u00e7al\u0131\u015ft\u0131\u011f\u0131n\u0131 s\u00f6yledi. Yak\u0131n zamanda hizmete a\u00e7t\u0131klar\u0131 \u2018Mersinden G\u00fcne\u015f Enerjisi ile Kurutma Tesisi\u2019ne de de\u011finen Se\u00e7er, \u201c25 kad\u0131n istihdam ediliyor. Orada 52 adet g\u00fcne\u015f enerjisi paneli kuruldu. 50 metrekare alan \u00fczerinde kurulan bu sistem bize saatlik olarak 18,5 kw elektrik \u00fcretiyor ve o tesisin y\u00fczde 60\u2019\u0131 da g\u00fcne\u015f enerjisinden besleniyor. Yine spor tesislerimizde 60 kw\u2019l\u0131k bir fotovoltatik g\u00fcne\u015f enerji sistemi kuruldu. Yine bizim Mahalle Mutfaklar\u0131m\u0131z var. Bunlar \u00f6nemli diye d\u00fc\u015f\u00fcn\u00fcyorum. Bunlar k\u00fc\u00e7\u00fck dokunu\u015flar ama damlaya damlaya nerelere gelecek. Orada kulland\u0131\u011f\u0131m\u0131z elektri\u011fi g\u00fcne\u015f enerjisinden elde ediyoruz. \u015eu anda 5 Mahalle Mutfa\u011f\u0131m\u0131zda 1\u2019i Demirta\u015f\u2019ta, di\u011ferleri Tarsus\u2019un muhtelif mahallelerinde g\u00fcne\u015f enerjilerinden elektrik \u00fcretiyoruz. Yine yeni WC\u2019ler kurduk, \u015fehrin muhtelif yerlerine. Orada pilot \u00e7al\u0131\u015fmas\u0131n\u0131 tamamlad\u0131 arkada\u015flar. Verim ald\u0131lar. Her WC\u2019nin, K\u00fclt\u00fcr Park\u2019ta var; tamam\u0131na konacak bunlar. Art\u0131k onlar da g\u00fcne\u015f enerjisinden faydalanacak. \u015eimdi bu \u00e7al\u0131\u015fmalar\u0131n parasal de\u011ferinden ziyade bir fark\u0131ndal\u0131k yaratmak. Biz toplumu bilin\u00e7lendirmek istiyoruz. B\u00f6yle bir y\u00f6netim anlay\u0131\u015f\u0131m\u0131z var. \u2018Bu uygundur\u2019 deyip vatanda\u015flar\u0131m\u0131z\u0131 buna sevk etmek\u201d ifadelerine yer verdi.<\/p>\n<p>\u201cEnerji \u0130zleme SCADA\u2019s\u0131 olarak MESK\u0130\u2019de 2. bir birim olu\u015fturduk\u201d<\/p>\n<p>Ba\u015fkan Se\u00e7er, do\u011fru bir kaynak olan yenilenebilir enerji kaynaklar\u0131n\u0131n yap\u0131m y\u00f6ntemlerinin yanl\u0131\u015f oldu\u011funu ve parlamento s\u00fcrecinde ana muhalefet partisi olarak bu konular\u0131 dile getirdiklerini belirterek, \u201cBu \u00fclkeyi y\u00f6netenlerin kula\u011f\u0131 duymazsa, duvarsa bazen \u00e7aresiz kalabiliyorsunuz. Umut ediyorum bu gidi\u015fat da nas\u0131l olsa art\u0131k de\u011fi\u015fecektir\u201d dedi. MESK\u0130\u2019de y\u00fcr\u00fct\u00fclen \u00f6nemli bir \u00e7al\u0131\u015fmay\u0131 aktaran Se\u00e7er, \u015f\u00f6yle devam etti:<\/p>\n<p>\u201cBizim su SCADA\u2019s\u0131 var. Yani geni\u015f bir oda d\u00fc\u015f\u00fcn\u00fcn. Ekranlardan Mersin\u2019in; Anamur\u2019dan Tarsus\u2019a kadar suyu izleyebiliyorsunuz. Suyun \u00e7\u0131kt\u0131\u011f\u0131 noktadan en son at\u0131ksu ar\u0131tma tesisinde ar\u0131t\u0131lan suyun son nihai noktas\u0131na kadar \u2018Nerede s\u0131k\u0131nt\u0131, ka\u00e7ak kay\u0131p, debi d\u00fc\u015fmesi, patlak, \u00e7atlak var?\u2019 bunlar\u0131n hepsini g\u00f6rebiliyorsunuz. Onun i\u00e7in bu sene ge\u00e7en y\u0131la g\u00f6re biraz daha rahat nefes alabildik. \u00c7\u00fcnk\u00fc su s\u0131k\u0131nt\u0131s\u0131 olabilir kurakl\u0131k nedeni ile. Biz bu su SCADA\u2019s\u0131n\u0131 Enerji \u0130zleme SCADA\u2019s\u0131 olarak MESK\u0130\u2019de 2. bir birim olarak olu\u015fturduk. Burada 7\/24 art\u0131k sistemdeki bu elektrik ak\u0131m\u0131n\u0131n o seyahatini takip edece\u011fiz. Bize \u00e7ok \u00f6nemli katk\u0131lar sunaca\u011f\u0131n\u0131 d\u00fc\u015f\u00fcn\u00fcyoruz. \u00d6n ar\u0131za tespitinden tasarrufa kadar, sistem \u00f6mr\u00fcn\u00fcn uzamas\u0131na kadar bir\u00e7ok konuda bize yararl\u0131 olacakt\u0131r.\u201d<\/p>\n<p>Akkuyu\u2019da yap\u0131m\u0131 s\u00fcren n\u00fckleer enerji g\u00fc\u00e7 santraline de de\u011finen Ba\u015fkan Se\u00e7er, \u201cBuna parlamentoda diren\u00e7 g\u00f6steren partilerin ba\u015f\u0131nda CHP geliyordu o d\u00f6nem. O d\u00f6nemin parlamento tutanaklar\u0131n\u0131 inceleyin. Bu konuda kimler s\u00f6z alm\u0131\u015f, kimler ne demi\u015f? Bu, konu uluslararas\u0131 s\u00f6zle\u015fme stat\u00fcs\u00fcnde. Daha \u00f6nce bir ihale yap\u0131ld\u0131 yine Rus firmas\u0131 ald\u0131 bu ihaleyi. Yarg\u0131 yolu a\u00e7\u0131k b\u00f6yle bir ihaleye. Dan\u0131\u015ftay bunu durdurdu. \u2018Bu ihale yanl\u0131\u015ft\u0131r\u2019 dedi. Nas\u0131l yapal\u0131m? \u2018Yasay\u0131 arkas\u0131ndan dolanal\u0131m\u2019. Nas\u0131l olur bu? \u2018Uluslararas\u0131 s\u00f6zle\u015fme stat\u00fcs\u00fcne getirelim\u2019. Peki, uluslararas\u0131 s\u00f6zle\u015fme stat\u00fcs\u00fcnde olursa ne olur bu? Tabi ki i\u00e7 hukukun \u00fczerinde olur. Yani uluslararas\u0131 tahkim bakar buna. Dolay\u0131s\u0131yla bizim \u015fu a\u015famada, \u2018Biz iktidara geldi\u011fimiz zaman biz bu anla\u015fmay\u0131 y\u0131rt\u0131p ataca\u011f\u0131z\u2019 gibi bir s\u00f6ylem i\u00e7erisinde olmam\u0131z kolay de\u011fil hukuken. Ama burada yanl\u0131\u015f bir yat\u0131r\u0131md\u0131r\u201d dedi.<\/p>\n","protected":false},"excerpt":{"rendered":"<p>Mersin B\u00fcy\u00fck\u015fehir Belediye Ba\u015fkan\u0131 Vahap Se\u00e7er, Mezitli Belediyesi ile TMMOB Makina M\u00fchendisleri Odas\u0131 Mersin \u015eubesi\u2019nin birlikte d\u00fczenledi\u011fi \u201821 Haziran D\u00fcnya G\u00fcne\u015f G\u00fcn\u00fc\u2019 etkinli\u011fine kat\u0131ld\u0131. Mezitli Belediyesi G\u00fcne\u015fpark Enerji Kompleksi\u2019nde yap\u0131lan &hellip; <a href=\"https:\/\/akdenizolaygazetesi.com\/?p=12978\" class=\"more-link\">Devam\u0131n\u0131 Oku&#8230;<\/a><\/p>\n","protected":false},"author":2,"featured_media":12979,"comment_status":"open","ping_status":"open","sticky":false,"template":"","format":"standard","meta":[],"categories":[3],"tags":[],"_links":{"self":[{"href":"https:\/\/akdenizolaygazetesi.com\/index.php?rest_route=\/wp\/v2\/posts\/12978"}],"collection":[{"href":"https:\/\/akdenizolaygazetesi.com\/index.php?rest_route=\/wp\/v2\/posts"}],"about":[{"href":"https:\/\/akdenizolaygazetesi.com\/index.php?rest_route=\/wp\/v2\/types\/post"}],"author":[{"embeddable":true,"href":"https:\/\/akdenizolaygazetesi.com\/index.php?rest_route=\/wp\/v2\/users\/2"}],"replies":[{"embeddable":true,"href":"https:\/\/akdenizolaygazetesi.com\/index.php?rest_route=%2Fwp%2Fv2%2Fcomments&post=12978"}],"version-history":[{"count":1,"href":"https:\/\/akdenizolaygazetesi.com\/index.php?rest_route=\/wp\/v2\/posts\/12978\/revisions"}],"predecessor-version":[{"id":12980,"href":"https:\/\/akdenizolaygazetesi.com\/index.php?rest_route=\/wp\/v2\/posts\/12978\/revisions\/12980"}],"wp:featuredmedia":[{"embeddable":true,"href":"https:\/\/akdenizolaygazetesi.com\/index.php?rest_route=\/wp\/v2\/media\/12979"}],"wp:attachment":[{"href":"https:\/\/akdenizolaygazetesi.com\/index.php?rest_route=%2Fwp%2Fv2%2Fmedia&parent=12978"}],"wp:term":[{"taxonomy":"category","embeddable":true,"href":"https:\/\/akdenizolaygazetesi.com\/index.php?rest_route=%2Fwp%2Fv2%2Fcategories&post=12978"},{"taxonomy":"post_tag","embeddable":true,"href":"https:\/\/akdenizolaygazetesi.com\/index.php?rest_route=%2Fwp%2Fv2%2Ftags&post=12978"}],"curies":[{"name":"wp","href":"https:\/\/api.w.org\/{rel}","templated":true}]}}