{"id":1298,"date":"2020-11-04T18:21:52","date_gmt":"2020-11-04T15:21:52","guid":{"rendered":"http:\/\/mersinekonomipolitikagazetesi.com\/?p=1298"},"modified":"2020-11-04T18:21:52","modified_gmt":"2020-11-04T15:21:52","slug":"erdemlide-cop-bidonlarina-estetik-kafes","status":"publish","type":"post","link":"https:\/\/akdenizolaygazetesi.com\/?p=1298","title":{"rendered":"Erdemli&#8217;de \u00e7\u00f6p bidonlar\u0131na estetik kafes"},"content":{"rendered":"<p>Erdemli Belediyesi il\u00e7e genelinde belediyeye ait \u00e7\u00f6p bidonlar\u0131na estetik bir dokunu\u015f yaparak g\u00fczel bir g\u00f6r\u00fcn\u00fcme kavu\u015fturuyor.<\/p>\n<p>Erdemli Belediyesi Temizlik ve \u00c7evre Koruma M\u00fcd\u00fcrl\u00fc\u011f\u00fc ekiplerince il\u00e7e genelinde s\u00fcrd\u00fcr\u00fclen \u00e7al\u0131\u015fmada, b\u00fct\u00fcn \u00e7\u00f6p bidonlar\u0131 estetik bir g\u00f6r\u00fcn\u00fcme kavu\u015fturuluyor. Bu \u00e7al\u0131\u015fman\u0131n il\u00e7enin sokaklar\u0131n\u0131 g\u00fczel bir g\u00f6r\u00fcn\u00fcme kavu\u015fturaca\u011f\u0131na vurgu yapan Erdemli Belediye Ba\u015fkan\u0131 M\u00fckerrem Tollu, bu g\u00fczel \u00e7al\u0131\u015fmayla bir turizm kenti olan Erdemli\u2019de g\u00f6r\u00fcnt\u00fc kirlili\u011finin de \u00f6n\u00fcne ge\u00e7eceklerini dile getirdi. Erdemli\u2019nin daha ya\u015fanabilir ve g\u00f6ze g\u00f6nle hitap eden bir kent olabilmesi i\u00e7in her t\u00fcrl\u00fc \u00e7al\u0131\u015fmay\u0131 yapt\u0131klar\u0131n\u0131 dile getiren Tollu, \u201cTemiz, yemye\u015fil ve estetik bir Erdemli i\u00e7in \u00e7al\u0131\u015fmalar\u0131m\u0131z aral\u0131ks\u0131z s\u00fcrecek. Erdemli bizimle ilkleri ya\u015famaya devam edecek\u201d dedi.<\/p>\n","protected":false},"excerpt":{"rendered":"<p>Erdemli Belediyesi il\u00e7e genelinde belediyeye ait \u00e7\u00f6p bidonlar\u0131na estetik bir dokunu\u015f yaparak g\u00fczel bir g\u00f6r\u00fcn\u00fcme kavu\u015fturuyor. Erdemli Belediyesi Temizlik ve \u00c7evre Koruma M\u00fcd\u00fcrl\u00fc\u011f\u00fc ekiplerince il\u00e7e genelinde s\u00fcrd\u00fcr\u00fclen \u00e7al\u0131\u015fmada, b\u00fct\u00fcn \u00e7\u00f6p &hellip; <a href=\"https:\/\/akdenizolaygazetesi.com\/?p=1298\" class=\"more-link\">Devam\u0131n\u0131 Oku&#8230;<\/a><\/p>\n","protected":false},"author":1,"featured_media":0,"comment_status":"open","ping_status":"open","sticky":false,"template":"","format":"standard","meta":[],"categories":[],"tags":[],"_links":{"self":[{"href":"https:\/\/akdenizolaygazetesi.com\/index.php?rest_route=\/wp\/v2\/posts\/1298"}],"collection":[{"href":"https:\/\/akdenizolaygazetesi.com\/index.php?rest_route=\/wp\/v2\/posts"}],"about":[{"href":"https:\/\/akdenizolaygazetesi.com\/index.php?rest_route=\/wp\/v2\/types\/post"}],"author":[{"embeddable":true,"href":"https:\/\/akdenizolaygazetesi.com\/index.php?rest_route=\/wp\/v2\/users\/1"}],"replies":[{"embeddable":true,"href":"https:\/\/akdenizolaygazetesi.com\/index.php?rest_route=%2Fwp%2Fv2%2Fcomments&post=1298"}],"version-history":[{"count":0,"href":"https:\/\/akdenizolaygazetesi.com\/index.php?rest_route=\/wp\/v2\/posts\/1298\/revisions"}],"wp:attachment":[{"href":"https:\/\/akdenizolaygazetesi.com\/index.php?rest_route=%2Fwp%2Fv2%2Fmedia&parent=1298"}],"wp:term":[{"taxonomy":"category","embeddable":true,"href":"https:\/\/akdenizolaygazetesi.com\/index.php?rest_route=%2Fwp%2Fv2%2Fcategories&post=1298"},{"taxonomy":"post_tag","embeddable":true,"href":"https:\/\/akdenizolaygazetesi.com\/index.php?rest_route=%2Fwp%2Fv2%2Ftags&post=1298"}],"curies":[{"name":"wp","href":"https:\/\/api.w.org\/{rel}","templated":true}]}}