{"id":12981,"date":"2021-06-22T13:06:09","date_gmt":"2021-06-22T10:06:09","guid":{"rendered":"http:\/\/akdenizolaygazetesi.com\/?p=12981"},"modified":"2021-06-22T13:06:09","modified_gmt":"2021-06-22T10:06:09","slug":"turabtan-baskan-gultaka-ziyaret","status":"publish","type":"post","link":"https:\/\/akdenizolaygazetesi.com\/?p=12981","title":{"rendered":"TURAB&#8217;TAN BA\u015eKAN G\u00dcLTAK&#8217;A Z\u0130YARET"},"content":{"rendered":"<p>T\u00fcrk ve Arap \u00dclkeleri \u0130\u015f \u0130nsanlar\u0131 Derne\u011fi&#8217;nin (TURAB) 9\u2019uncu Ola\u011fan Genel Kurulu sonucu Genel Ba\u015fkanl\u0131\u011fa se\u00e7ilen Fahri Ku\u015f ve yeni Y\u00f6netim Kurulu \u00fcyeleri, Akdeniz Belediye Ba\u015fkan\u0131 M. Mustafa G\u00fcltak&#8217;\u0131 makam\u0131nda ziyaret etti.<br \/>\nBa\u015fkan Mustafa G\u00fcltak, ziyaretten duydu\u011fu memnuniyeti dile getirerek, TURAB y\u00f6netiminin y\u00fcr\u00fctmeyi planlad\u0131klar\u0131 plan ve projeleri fazlas\u0131yla \u00f6nemsediklerini ifade etti. Ba\u015fkan G\u00fcltak; \u201cBizler Akdeniz Belediyesi olarak, sa\u011flam temeller \u00fczerine in\u015fa edilen, \u00fclkemize ve kentimize katma de\u011fer sunan, insanlar\u0131m\u0131za istihdam sa\u011flayan meslek odalar\u0131 ve sivil toplum kurulu\u015flar\u0131 ile g\u00fc\u00e7 birli\u011fi yapmaktan her daim mutlu olmu\u015fuzdur. Bu ba\u011flamda, kentimize ve \u00fclkemize katk\u0131 noktas\u0131nda deste\u011fimizi esirgemeyece\u011fimiz TURAB&#8217;\u0131n yeni Ba\u015fkan\u0131 Fahri Ku\u015f ve y\u00f6netimini tebrik ediyor, yeni g\u00f6revlerinde ba\u015far\u0131lar diliyorum\u201d diye konu\u015ftu.<br \/>\nT\u00fcrk Arap \u00dclkeleri \u0130\u015f \u0130nsanlar\u0131 Derne\u011fi Ba\u015fkan\u0131 Fahri Ku\u015f ise konu\u015fmas\u0131nda; yerel dinamiklerle i\u015fbirli\u011fi ve ileti\u015fimin \u00f6nemine dikkat \u00e7ekti. Ku\u015f; \u201cTURAB; T\u00fcrkiye, 6 T\u00fcrk Cumhuriyeti ve 22 Arap \u00fclkesi aras\u0131nda karde\u015f ve dostluk ili\u015fkilerinin geli\u015fmesini, ayr\u0131ca uluslararas\u0131 platformlarda dayan\u0131\u015fmas\u0131n\u0131 ve ortak \u00e7\u0131karlar\u0131n\u0131 desteklemeyi temel misyon edinmi\u015f bir sivil toplum \u00f6rg\u00fct\u00fcd\u00fcr.<br \/>\nBuradan hareketle, TURAB gibi \u00f6nemli sivil toplum kurulu\u015flar\u0131n\u0131n b\u00f6lgemize ve dolay\u0131s\u0131yla da \u00fclkemize olan ekonomik katk\u0131s\u0131 yads\u0131namaz bir ger\u00e7ektir. Ku\u015fkusuz kent dinamiklerinin destekleri de bizler gibi meslek \u00f6rg\u00fctleri i\u00e7in olduk\u00e7a \u00f6nem arz etmektedir. Akdeniz Belediye Ba\u015fkan\u0131 Say\u0131n Mustafa G\u00fcltak&#8217;a da bu vesile ile te\u015fekk\u00fcr ediyor, kentimize sundu\u011fu ba\u015far\u0131l\u0131 hizmetlerin devam\u0131n\u0131 temenni ediyorum\u201d ifadelerini kulland\u0131.<\/p>\n","protected":false},"excerpt":{"rendered":"<p>T\u00fcrk ve Arap \u00dclkeleri \u0130\u015f \u0130nsanlar\u0131 Derne\u011fi&#8217;nin (TURAB) 9\u2019uncu Ola\u011fan Genel Kurulu sonucu Genel Ba\u015fkanl\u0131\u011fa se\u00e7ilen Fahri Ku\u015f ve yeni Y\u00f6netim Kurulu \u00fcyeleri, Akdeniz Belediye Ba\u015fkan\u0131 M. Mustafa G\u00fcltak&#8217;\u0131 makam\u0131nda &hellip; <a href=\"https:\/\/akdenizolaygazetesi.com\/?p=12981\" class=\"more-link\">Devam\u0131n\u0131 Oku&#8230;<\/a><\/p>\n","protected":false},"author":2,"featured_media":12982,"comment_status":"open","ping_status":"open","sticky":false,"template":"","format":"standard","meta":[],"categories":[3,5],"tags":[],"_links":{"self":[{"href":"https:\/\/akdenizolaygazetesi.com\/index.php?rest_route=\/wp\/v2\/posts\/12981"}],"collection":[{"href":"https:\/\/akdenizolaygazetesi.com\/index.php?rest_route=\/wp\/v2\/posts"}],"about":[{"href":"https:\/\/akdenizolaygazetesi.com\/index.php?rest_route=\/wp\/v2\/types\/post"}],"author":[{"embeddable":true,"href":"https:\/\/akdenizolaygazetesi.com\/index.php?rest_route=\/wp\/v2\/users\/2"}],"replies":[{"embeddable":true,"href":"https:\/\/akdenizolaygazetesi.com\/index.php?rest_route=%2Fwp%2Fv2%2Fcomments&post=12981"}],"version-history":[{"count":1,"href":"https:\/\/akdenizolaygazetesi.com\/index.php?rest_route=\/wp\/v2\/posts\/12981\/revisions"}],"predecessor-version":[{"id":12983,"href":"https:\/\/akdenizolaygazetesi.com\/index.php?rest_route=\/wp\/v2\/posts\/12981\/revisions\/12983"}],"wp:featuredmedia":[{"embeddable":true,"href":"https:\/\/akdenizolaygazetesi.com\/index.php?rest_route=\/wp\/v2\/media\/12982"}],"wp:attachment":[{"href":"https:\/\/akdenizolaygazetesi.com\/index.php?rest_route=%2Fwp%2Fv2%2Fmedia&parent=12981"}],"wp:term":[{"taxonomy":"category","embeddable":true,"href":"https:\/\/akdenizolaygazetesi.com\/index.php?rest_route=%2Fwp%2Fv2%2Fcategories&post=12981"},{"taxonomy":"post_tag","embeddable":true,"href":"https:\/\/akdenizolaygazetesi.com\/index.php?rest_route=%2Fwp%2Fv2%2Ftags&post=12981"}],"curies":[{"name":"wp","href":"https:\/\/api.w.org\/{rel}","templated":true}]}}