{"id":12984,"date":"2021-06-23T12:53:46","date_gmt":"2021-06-23T09:53:46","guid":{"rendered":"http:\/\/akdenizolaygazetesi.com\/?p=12984"},"modified":"2021-06-23T12:53:46","modified_gmt":"2021-06-23T09:53:46","slug":"baskan-yilmaz-saglik-onceligimiz","status":"publish","type":"post","link":"https:\/\/akdenizolaygazetesi.com\/?p=12984","title":{"rendered":"BA\u015eKAN YILMAZ; &#8220;SA\u011eLIK \u00d6NCEL\u0130\u011e\u0130M\u0130Z&#8221;"},"content":{"rendered":"<p>Toroslar Belediyesi, Sa\u011fl\u0131k Bakanl\u0131\u011f\u0131 taraf\u0131ndan Covid-19&#8217;a kar\u015f\u0131 ba\u015flat\u0131lan &#8220;Yerinde A\u015f\u0131 Uygulamas\u0131&#8221; kapsam\u0131nda harekete ge\u00e7ti.<\/p>\n<p>Pandemi s\u00fcresince koronavir\u00fcsle m\u00fccadelesini titizlikle s\u00fcrd\u00fcren belediye, kampanyaya kat\u0131ld\u0131.<\/p>\n<p>Belediye personeli, Toroslar \u0130l\u00e7e Sa\u011fl\u0131k M\u00fcd\u00fcrl\u00fc\u011f\u00fc ile birlikte Yunus Emre K\u00fclt\u00fcr Merkezi&#8217;nde olu\u015fturulan a\u015f\u0131 noktas\u0131nda a\u015f\u0131lar\u0131n\u0131 oldu. A\u015f\u0131lama, haz\u0131rlanan forumun doldurulmas\u0131n\u0131n ard\u0131ndan telefon numaras\u0131na gelen kod ile g\u00f6revli doktor kontrol\u00fcnde ger\u00e7ekle\u015ftirildi.<\/p>\n<p>BA\u015eKAN YILMAZ; &#8220;SA\u011eLIK \u00d6NCEL\u0130\u011e\u0130M\u0130Z&#8221;<\/p>\n<p>Toroslar Belediye Ba\u015fkan\u0131 Ats\u0131z Af\u015f\u0131n Y\u0131lmaz, T\u00fcrkiye&#8217;nin salg\u0131n s\u00fcrecinde a\u015f\u0131 politikas\u0131n\u0131 istikrarl\u0131 bir \u015fekilde uygulayan \u00fclkelerin ba\u015f\u0131nda geldi\u011fini ve bununla da gurur duyduklar\u0131n\u0131 belirterek; &#8220;Daha g\u00fczel g\u00fcnlere kavu\u015fmak i\u00e7in tedbirlere uyal\u0131m. Bu s\u00fcrecin de \u00fcstesinden hep birlikte gelece\u011fiz&#8221; dedi.<\/p>\n<p>&#8220;Toroslar Belediyesi olarak \u00f6nceli\u011fimiz sa\u011fl\u0131k&#8221; diyen Ba\u015fkan Y\u0131lmaz; &#8220;Covid-19 a\u015f\u0131lamas\u0131 h\u0131zla devam ederken, \u0130l\u00e7e Sa\u011fl\u0131k M\u00fcd\u00fcrl\u00fc\u011f\u00fcm\u00fcz ile birlikte belediyemizde personelimiz i\u00e7in a\u015f\u0131 noktas\u0131 olu\u015fturduk. A\u015f\u0131 hakk\u0131 bulunan ve a\u015f\u0131lar\u0131n\u0131 hen\u00fcz olmam\u0131\u015f olan personelimizin a\u015f\u0131lar\u0131n\u0131 koordineli bir \u015fekilde ger\u00e7ekle\u015ftiriyoruz. Gereken hassasiyeti g\u00f6stererek, bu s\u00fcreci ba\u015far\u0131yla atlataca\u011f\u0131z&#8221; diye konu\u015ftu.<\/p>\n<p>Ba\u015fkan Y\u0131lmaz, \u00f6zveriyle \u00e7al\u0131\u015fmalar\u0131n\u0131 s\u00fcrd\u00fcren t\u00fcm sa\u011fl\u0131k \u00e7al\u0131\u015fanlar\u0131na da te\u015fekk\u00fcr ederek, kolayl\u0131klar diledi.<\/p>\n","protected":false},"excerpt":{"rendered":"<p>Toroslar Belediyesi, Sa\u011fl\u0131k Bakanl\u0131\u011f\u0131 taraf\u0131ndan Covid-19&#8217;a kar\u015f\u0131 ba\u015flat\u0131lan &#8220;Yerinde A\u015f\u0131 Uygulamas\u0131&#8221; kapsam\u0131nda harekete ge\u00e7ti. Pandemi s\u00fcresince koronavir\u00fcsle m\u00fccadelesini titizlikle s\u00fcrd\u00fcren belediye, kampanyaya kat\u0131ld\u0131. Belediye personeli, Toroslar \u0130l\u00e7e Sa\u011fl\u0131k M\u00fcd\u00fcrl\u00fc\u011f\u00fc ile &hellip; <a href=\"https:\/\/akdenizolaygazetesi.com\/?p=12984\" class=\"more-link\">Devam\u0131n\u0131 Oku&#8230;<\/a><\/p>\n","protected":false},"author":2,"featured_media":12985,"comment_status":"open","ping_status":"open","sticky":false,"template":"","format":"standard","meta":[],"categories":[3,9],"tags":[],"_links":{"self":[{"href":"https:\/\/akdenizolaygazetesi.com\/index.php?rest_route=\/wp\/v2\/posts\/12984"}],"collection":[{"href":"https:\/\/akdenizolaygazetesi.com\/index.php?rest_route=\/wp\/v2\/posts"}],"about":[{"href":"https:\/\/akdenizolaygazetesi.com\/index.php?rest_route=\/wp\/v2\/types\/post"}],"author":[{"embeddable":true,"href":"https:\/\/akdenizolaygazetesi.com\/index.php?rest_route=\/wp\/v2\/users\/2"}],"replies":[{"embeddable":true,"href":"https:\/\/akdenizolaygazetesi.com\/index.php?rest_route=%2Fwp%2Fv2%2Fcomments&post=12984"}],"version-history":[{"count":1,"href":"https:\/\/akdenizolaygazetesi.com\/index.php?rest_route=\/wp\/v2\/posts\/12984\/revisions"}],"predecessor-version":[{"id":12986,"href":"https:\/\/akdenizolaygazetesi.com\/index.php?rest_route=\/wp\/v2\/posts\/12984\/revisions\/12986"}],"wp:featuredmedia":[{"embeddable":true,"href":"https:\/\/akdenizolaygazetesi.com\/index.php?rest_route=\/wp\/v2\/media\/12985"}],"wp:attachment":[{"href":"https:\/\/akdenizolaygazetesi.com\/index.php?rest_route=%2Fwp%2Fv2%2Fmedia&parent=12984"}],"wp:term":[{"taxonomy":"category","embeddable":true,"href":"https:\/\/akdenizolaygazetesi.com\/index.php?rest_route=%2Fwp%2Fv2%2Fcategories&post=12984"},{"taxonomy":"post_tag","embeddable":true,"href":"https:\/\/akdenizolaygazetesi.com\/index.php?rest_route=%2Fwp%2Fv2%2Ftags&post=12984"}],"curies":[{"name":"wp","href":"https:\/\/api.w.org\/{rel}","templated":true}]}}