{"id":12987,"date":"2021-06-23T12:56:19","date_gmt":"2021-06-23T09:56:19","guid":{"rendered":"http:\/\/akdenizolaygazetesi.com\/?p=12987"},"modified":"2021-06-23T12:56:19","modified_gmt":"2021-06-23T09:56:19","slug":"ahkib-moda-devlerinin-ulkesi-ispanyada-ihracat-rekoru-kirdi","status":"publish","type":"post","link":"https:\/\/akdenizolaygazetesi.com\/?p=12987","title":{"rendered":"AHK\u0130B, MODA DEVLER\u0130N\u0130N \u00dcLKES\u0130 \u0130SPANYA\u2019DA \u0130HRACAT REKORU KIRDI"},"content":{"rendered":"<p>Akdeniz Haz\u0131r Giyim ve Konfeksiyon \u0130hracat\u00e7\u0131lar\u0131 Birli\u011fi (AHK\u0130B) Y\u00f6netim Kurulu Ba\u015fkan\u0131 G\u00fcrkan Tekin, may\u0131s ay\u0131nda 23,2 milyon dolarl\u0131k ihracat ger\u00e7ekle\u015ftirirken uluslararas\u0131 moda toplulu\u011funun merkezi olan \u0130spanya pazar\u0131nda ge\u00e7en y\u0131l\u0131n ayn\u0131 ay\u0131na g\u00f6re 14 kat art\u0131\u015f yakalad\u0131klar\u0131n\u0131 a\u00e7\u0131klad\u0131. May\u0131s ay\u0131nda \u0130spanya\u2019ya 6,9 milyon dolarl\u0131k ihracat ger\u00e7ekle\u015ftirdiklerini kaydeden Ba\u015fkan G\u00fcrkan Tekin, \u201cCovid-19 salg\u0131n\u0131na kar\u015f\u0131 a\u015f\u0131laman\u0131n yayg\u0131nla\u015fmas\u0131 ve normalle\u015fmeye ge\u00e7ilmesine paralel olarak \u0130spanya ba\u015fta olmak \u00fczere Avrupa pazar\u0131nda sipari\u015flerin artarak devam edece\u011fini \u00f6ng\u00f6r\u00fcyoruz.\u201d dedi.<\/p>\n<p>\u2018\u0130spanyol al\u0131c\u0131lar kuma\u015ftan modaya entegre bir yakla\u015f\u0131ma sahip\u2019<br \/>\nD\u00fcnya genelinde 229 \u00fclke ve b\u00f6lgeye ihracat yapan T\u00fcrk haz\u0131r giyim ve konfeksiyon sekt\u00f6r\u00fcn\u00fcn may\u0131s ay\u0131nda y\u00fczde 56\u2019l\u0131k art\u0131\u015fla 1,3 milyar dolarl\u0131k d\u0131\u015f sat\u0131ma ula\u015ft\u0131\u011f\u0131n\u0131 ve \u00fclke ihracat\u0131na y\u00fczde 7,9 oran\u0131nda destek verdi\u011fini kaydeden Ba\u015fkan G\u00fcrkan Tekin, \u201cSekt\u00f6r\u00fcm\u00fcz i\u00e7in \u0130spanya pazar\u0131 sadece bu \u00fclke s\u0131n\u0131rlar\u0131ndan ibaret de\u011fil. \u00c7\u00fcnk\u00fc d\u00fcnya modas\u0131na y\u00f6n veren, k\u00fcresel \u00f6l\u00e7ekte g\u00fc\u00e7l\u00fc sat\u0131\u015f a\u011f\u0131 bulunan \u0130spanyol firmalar\u0131 ile ba\u011flant\u0131lar sa\u011flamak di\u011fer \u00fclkelerde de etkin olmak a\u00e7\u0131s\u0131ndan \u00e7ok b\u00fcy\u00fck \u00f6nem ta\u015f\u0131yor. Kuma\u015ftan modaya entegre bir yakla\u015f\u0131ma sahip olan \u0130spanyol al\u0131c\u0131lar, kuma\u015f\u0131, ham maddeyi ve haz\u0131r giyim \u00fcretimini ger\u00e7ekle\u015ftirecek firmay\u0131 ayn\u0131 potada de\u011ferlendirmek istiyorlar. Bu bak\u0131mdan kaliteli kuma\u015f, zengin aksesuar ve kalifiye insan g\u00fcc\u00fcne sahip olan, h\u0131zl\u0131 \u00fcretim kabiliyetine sahip T\u00fcrk haz\u0131r giyim ve konfeksiyon firmalar\u0131m\u0131z \u0130spanya pazar\u0131nda g\u00fcnden g\u00fcne etkinli\u011fini art\u0131r\u0131yor. Zira may\u0131s ay\u0131 ihracat rakamlar\u0131na bakt\u0131\u011f\u0131m\u0131zda \u0130spanya pazar\u0131nda sekt\u00f6r ihracat\u0131m\u0131z y\u00fczde 374 art\u0131\u015f ve 183,3 milyon dolar de\u011fere ula\u015f\u0131rken b\u00f6lge ihracat\u0131m\u0131z y\u00fczde bin 438 art\u0131\u015fla 6 milyon 901 bin dolara ula\u015ft\u0131. Bu geli\u015fmeler \u0131\u015f\u0131\u011f\u0131nda sekt\u00f6r\u00fcm\u00fcz\u00fcn \u00f6n\u00fcm\u00fczdeki aylarda daha iyi performans sergilemesini bekliyoruz.\u201d diye konu\u015ftu.<\/p>\n<p>\u2018En fazla ihracat art\u0131\u015flar\u0131n\u0131 Polonya ve Bulgaristan\u2019da yakalad\u0131k\u2019<br \/>\nBa\u015fkan G\u00fcrkan Tekin, AHK\u0130B olarak \u0130spanya\u2019n\u0131n yan\u0131 s\u0131ra Polonya ve Bulgaristan pazarlar\u0131nda dikkat \u00e7eken ihracat art\u0131\u015flar\u0131na imza att\u0131klar\u0131n\u0131 dile getirip, \u201cMay\u0131s ay\u0131nda en fazla d\u0131\u015f sat\u0131m yapt\u0131\u011f\u0131m\u0131z \u00fclkeler listesinde \u0130spanya lider \u00fclke olurken 3,7 milyon dolar de\u011fer ile Almanya ikinci, 3,5 milyon dolar de\u011fer ile Hollanda \u00fc\u00e7\u00fcnc\u00fc s\u0131rada yer ald\u0131. May\u0131s ay\u0131nda en fazla ihracat art\u0131\u015flar\u0131n\u0131 ise Polonya ve Bulgaristan pazarlar\u0131nda yakalad\u0131k. Polonya\u2019ya y\u00fczde 23 bin 315 art\u0131\u015fla 1 milyon 76 bin dolarl\u0131k, Bulgaristan\u2019a y\u00fczde 3 bin 681 art\u0131\u015fla 556 bin dolarl\u0131k ihracat ger\u00e7ekle\u015ftirdik.\u201d ifadelerini kulland\u0131.  <\/p>\n<p>\u2018B\u00f6lge ihracat\u0131n\u0131n y\u00fczde 86\u2019s\u0131n\u0131 4 \u00fcr\u00fcn grubunda k\u00fcmelendi\u2019<br \/>\nAHK\u0130B\u2019in may\u0131s ay\u0131 ihracat\u0131n\u0131 \u00fcr\u00fcn gruplar\u0131na g\u00f6re de\u011ferlendiren Ba\u015fkan G\u00fcrkan Tekin, bayan d\u0131\u015f giyim, di\u011fer haz\u0131r e\u015fya, bay d\u0131\u015f giyim ve pamuklu ev tekstili \u00fcr\u00fcnlerinin b\u00f6lge ihracat\u0131n\u0131n y\u00fczde 86\u2019s\u0131n\u0131 olu\u015fturdu\u011funu kaydetti. Ba\u015fkan G\u00fcrkan Tekin, \u201cMay\u0131s ay\u0131nda 2 bin 826 ton \u00fcr\u00fcne ihra\u00e7 pazarlar\u0131nda de\u011fer kazand\u0131ran Birli\u011fimizin en fazla d\u0131\u015f sat\u0131m yapt\u0131\u011f\u0131 \u00fcr\u00fcn grubu y\u00fczde 37 art\u0131\u015f ve 10,7 milyon dolar de\u011fer ile bayan d\u0131\u015f giyim oldu. B\u00f6lge ihracat\u0131nda y\u00fczde 46\u2019l\u0131k paya sahip bayan d\u0131\u015f giyimin ard\u0131ndan y\u00fczde 16 pay ve 3,8 milyon dolar de\u011fer ile di\u011fer haz\u0131r e\u015fya ikinci, y\u00fczde 12 pay ve 2,8 milyon dolar de\u011fer ile bay d\u0131\u015f giyim \u00fc\u00e7\u00fcnc\u00fc s\u0131rada yer ald\u0131. AHK\u0130B\u2019in may\u0131s ay\u0131nda ihracat hacminde art\u0131\u015f yakalad\u0131\u011f\u0131 \u00fcr\u00fcn gruplar\u0131na bakt\u0131\u011f\u0131m\u0131zda y\u00fcnl\u00fc ev tekstili, suni-sentetik ev tekstili, y\u00fcnl\u00fc yatak k\u0131yafetleri, di\u011fer ev tekstili, suni-sentetik yatak k\u0131yafetleri, pamuklu ev tekstili \u00f6n s\u0131ralarda yer ald\u0131.\u201d \u015feklinde konu\u015ftu.  <\/p>\n","protected":false},"excerpt":{"rendered":"<p>Akdeniz Haz\u0131r Giyim ve Konfeksiyon \u0130hracat\u00e7\u0131lar\u0131 Birli\u011fi (AHK\u0130B) Y\u00f6netim Kurulu Ba\u015fkan\u0131 G\u00fcrkan Tekin, may\u0131s ay\u0131nda 23,2 milyon dolarl\u0131k ihracat ger\u00e7ekle\u015ftirirken uluslararas\u0131 moda toplulu\u011funun merkezi olan \u0130spanya pazar\u0131nda ge\u00e7en y\u0131l\u0131n ayn\u0131 &hellip; <a href=\"https:\/\/akdenizolaygazetesi.com\/?p=12987\" class=\"more-link\">Devam\u0131n\u0131 Oku&#8230;<\/a><\/p>\n","protected":false},"author":2,"featured_media":12988,"comment_status":"open","ping_status":"open","sticky":false,"template":"","format":"standard","meta":[],"categories":[8,3],"tags":[],"_links":{"self":[{"href":"https:\/\/akdenizolaygazetesi.com\/index.php?rest_route=\/wp\/v2\/posts\/12987"}],"collection":[{"href":"https:\/\/akdenizolaygazetesi.com\/index.php?rest_route=\/wp\/v2\/posts"}],"about":[{"href":"https:\/\/akdenizolaygazetesi.com\/index.php?rest_route=\/wp\/v2\/types\/post"}],"author":[{"embeddable":true,"href":"https:\/\/akdenizolaygazetesi.com\/index.php?rest_route=\/wp\/v2\/users\/2"}],"replies":[{"embeddable":true,"href":"https:\/\/akdenizolaygazetesi.com\/index.php?rest_route=%2Fwp%2Fv2%2Fcomments&post=12987"}],"version-history":[{"count":1,"href":"https:\/\/akdenizolaygazetesi.com\/index.php?rest_route=\/wp\/v2\/posts\/12987\/revisions"}],"predecessor-version":[{"id":12989,"href":"https:\/\/akdenizolaygazetesi.com\/index.php?rest_route=\/wp\/v2\/posts\/12987\/revisions\/12989"}],"wp:featuredmedia":[{"embeddable":true,"href":"https:\/\/akdenizolaygazetesi.com\/index.php?rest_route=\/wp\/v2\/media\/12988"}],"wp:attachment":[{"href":"https:\/\/akdenizolaygazetesi.com\/index.php?rest_route=%2Fwp%2Fv2%2Fmedia&parent=12987"}],"wp:term":[{"taxonomy":"category","embeddable":true,"href":"https:\/\/akdenizolaygazetesi.com\/index.php?rest_route=%2Fwp%2Fv2%2Fcategories&post=12987"},{"taxonomy":"post_tag","embeddable":true,"href":"https:\/\/akdenizolaygazetesi.com\/index.php?rest_route=%2Fwp%2Fv2%2Ftags&post=12987"}],"curies":[{"name":"wp","href":"https:\/\/api.w.org\/{rel}","templated":true}]}}