{"id":1299,"date":"2020-11-04T18:21:52","date_gmt":"2020-11-04T15:21:52","guid":{"rendered":"http:\/\/mersinekonomipolitikagazetesi.com\/?p=1299"},"modified":"2020-11-04T18:21:52","modified_gmt":"2020-11-04T15:21:52","slug":"asut-istihdam-seferberliginde-hedefimizi-asarak-17-bini-yakaladik","status":"publish","type":"post","link":"https:\/\/akdenizolaygazetesi.com\/?p=1299","title":{"rendered":"A\u015fut: \u201c\u0130stihdam seferberli\u011finde hedefimizi a\u015farak 17 bini yakalad\u0131k\u201d"},"content":{"rendered":"<p>Mersin Ticaret ve Sanayi Odas\u0131 (MTSO) Ba\u015fkan\u0131 \u015eerafettin A\u015fut, istihdam seferberli\u011finde Mersin\u2019de ilk etapta 13 bin ki\u015filik ek istihdam hedefi belirlendi\u011fini, ancak May\u0131s ay\u0131 itibariyle hedefin a\u015f\u0131larak 17 bine yakla\u015ft\u0131\u011f\u0131n\u0131 s\u00f6yledi. Seferberlikle kay\u0131td\u0131\u015f\u0131 \u00e7al\u0131\u015fanlar\u0131n da kay\u0131t alt\u0131na al\u0131nd\u0131\u011f\u0131n\u0131 belirten A\u015fut, \u201cHedefimiz y\u00fczde 5\u2019ti, biz \u015fu an y\u00fczde 7\u2019yi yakalad\u0131k\u201d dedi.<\/p>\n<p>MTSO Ba\u015fkan\u0131 A\u015fut, d\u00fczenledi\u011fi ayl\u0131k bas\u0131n toplant\u0131s\u0131nda May\u0131s ay\u0131 boyunca ger\u00e7ekle\u015ftirdikleri \u00e7al\u0131\u015fmalar hakk\u0131nda bilgiler vererek, g\u00fcndemi de\u011ferlendirdi. MTSO\u2019da yap\u0131lan toplant\u0131ya Y\u00f6netim Kurulu \u00dcyeleri Hakan Sefa \u00c7ak\u0131r ve Ufuk Maya da kat\u0131ld\u0131. Toplant\u0131da, Ankara\u2019da ger\u00e7ekle\u015ftirilen 73. TOBB Genel Kurulu\u2019na ili\u015fkin bilgi veren A\u015fut, Cumhurba\u015fkan\u0131 Recep Tayyip Erdo\u011fan\u2019\u0131n kat\u0131l\u0131m\u0131yla yap\u0131lan genel kurulda TOBB Ba\u015fkan\u0131 Rifat Hisarc\u0131kl\u0131o\u011flu\u2019nun, Erdo\u011fan\u2019a i\u015f d\u00fcnyas\u0131n\u0131n beklentilerini anlatt\u0131\u011f\u0131n\u0131 s\u00f6yledi. A\u015fut, \u00f6ncelikli konular y\u00fcksek faizin indirilmesi, istihdam seferberli\u011finde sa\u011flanan kolayl\u0131klar\u0131n 2018\u2019e de ta\u015f\u0131nmas\u0131 ve bizlerin her f\u0131rsatta dile getirdi\u011fi End\u00fcstri 4.0 i\u00e7in at\u0131lmas\u0131 gereken ad\u0131mlar oldu\u011funu belirtti.<br \/>\n\u201cRusya\u2019n\u0131n T\u00fcrkiye Ticaret Temsilcileri Eyl\u00fcl\u2019de Mersin\u2019e gelecek\u201d<br \/>\nT\u00fcrkiye ve Rusya aras\u0131nda ticari ili\u015fkilerin \u00f6n\u00fcndeki engel ve k\u0131s\u0131tlamalar\u0131n kald\u0131r\u0131lmas\u0131na y\u00f6nelik ortak bir bildiri imzaland\u0131\u011f\u0131n\u0131 an\u0131msatan A\u015fut, bu kapsamda Ankara\u2019da genel kurul \u00f6ncesinde Rusya Federasyonu\u2019nun T\u00fcrkiye Ticaret Temsilcisi Aydar Ga\u015figullin ile bir araya geldiklerini ifade etti. A\u015fut, \u201c\u00d6ncelikli konular\u0131m\u0131z turizm ve tar\u0131m oldu. \u00c7ukurova B\u00f6lgesel Havaliman\u0131 hakk\u0131nda bilgi verip kargo ta\u015f\u0131malar\u0131n\u0131n ba\u015flamas\u0131 ile birlikte farkl\u0131 \u00fcr\u00fcnlerin ihracat\u0131n\u0131 da ger\u00e7ekle\u015ftirebilece\u011fimiz g\u00fcndeme geldi. Eyl\u00fcl ay\u0131nda Mersin\u2019de bir araya gelip daha kapsaml\u0131 bir toplant\u0131 d\u00fczenlemeye karar verdik\u201d diye konu\u015ftu.<br \/>\n\u201cMersin\u2019de May\u0131s ay\u0131 itibariyle ek istihdam 17 bine yakla\u015ft\u0131\u201d<br \/>\n\u0130stihdam seferberli\u011fi \u00e7er\u00e7evesinde Mersin\u2019in geldi\u011fi son noktay\u0131 da aktaran A\u015fut, Mart ve Nisan aylar\u0131ndaki bas\u0131n bulu\u015fmalar\u0131nda, istihdam seferberli\u011finde Mersin\u2019in k\u0131sa s\u00fcrede hedefine yakla\u015ft\u0131\u011f\u0131n\u0131 dile getirdi\u011fini an\u0131msatan A\u015fut, \u00e7abalar\u0131n\u0131n devam etti\u011fini ve al\u0131nan sonu\u00e7lar\u0131n giderek daha umut verici hale geldi\u011fini vurgulad\u0131. TOBB Ba\u015fkan\u0131 Hisarc\u0131kl\u0131o\u011flu\u2019nun, genel kurulda T\u00fcrkiye genelindeki istihdam\u0131n May\u0131s ay\u0131 itibariyle 1 milyonu a\u015ft\u0131\u011f\u0131n\u0131 dile getirdi\u011fini belirten A\u015fut, \u201cBu da demek oluyor ki, ba\u015flang\u0131\u00e7ta belirlenen hedeflerimize y\u0131l sonunda ula\u015fmakta hi\u00e7 de zorlanmayaca\u011f\u0131z. \u00d6te yandan, bu konuda kentimizle ilgili sevindirici rakamlar var. Mersin genelinde ilk etapta konulan hedef 13 bin ki\u015filik ek istihdam sa\u011flanmas\u0131yd\u0131. Bizler bu hedefi May\u0131s ay\u0131 itibariyle a\u015fm\u0131\u015f bulunuyoruz. \u0130\u015f d\u00fcnyam\u0131z\u0131n \u00f6zverili \u00e7al\u0131\u015fmalar\u0131 sonucu bu rakam\u0131n 17 bine yakla\u015ft\u0131\u011f\u0131n\u0131 b\u00fcy\u00fck bir memnuniyetle payla\u015fmak isterim. Ancak amac\u0131m\u0131z, Mersin&#8217;in ve T\u00fcrkiye&#8217;nin istihdamla b\u00fcy\u00fcmesini kal\u0131c\u0131 hale getirmektir\u201d ifadelerini kulland\u0131.<br \/>\n\u201cE\u011fitim odak noktam\u0131z\u201d<br \/>\nBu konuda Oda olarak yapt\u0131klar\u0131 en b\u00fcy\u00fck yat\u0131r\u0131m\u0131n e\u011fitim oldu\u011funun alt\u0131n\u0131 \u00e7izen A\u015fut, e\u011fitimin odak noktalar\u0131 oldu\u011funu her f\u0131rsatta yinelediklerini kaydetti. Bu \u00e7er\u00e7evede May\u0131s ay\u0131nda Dijital Pazarlama, End\u00fcstri 4.0 ve Meslek Komiteleri Kamp\u0131 e\u011fitimleri ile e\u011fitim etkinliklerine devam ettiklerini anlatan A\u015fut, Y\u00f6netim Kurulu \u00dcyeleri ve personelin de g\u00f6rev alanlar\u0131 ile ilgili konularda e\u011fitimlere kat\u0131lmalar\u0131na \u00f6zen g\u00f6sterdiklerini ifade etti. A\u015fut, \u201cKonjonkt\u00fcr gere\u011fi bir projemiz ask\u0131ya al\u0131nabilir, ertelenebilir vazge\u00e7ilebilir ama e\u011fitim projeleri asla b\u0131rakmayaca\u011f\u0131m\u0131z tek aland\u0131r. Odam\u0131z\u0131n ve ekonomimizin bel kemi\u011fidir\u201d \u015feklinde konu\u015ftu.<br \/>\nRIS-PLUS Projesi\u2019ne de de\u011finen A\u015fut, projenin t\u00fcm payda\u015flarla devam etti\u011fini, RIS PLUS projesi ile sekt\u00f6rleri de\u011fil, firmalar\u0131 \u00f6n plana \u00e7\u0131karacaklar\u0131n\u0131 ve ba\u015far\u0131 hikayeleri olu\u015fturacaklar\u0131n\u0131 vurgulad\u0131. Rol modellere ve ba\u015far\u0131 hikayelerine ihtiya\u00e7lar\u0131 oldu\u011funa i\u015faret eden A\u015fut, katma de\u011fer yaratan, y\u00fcksek teknolojili, End\u00fcstri 4.0 mant\u0131\u011f\u0131n\u0131 benimseyen firmalara odaklanmay\u0131 ama\u00e7lad\u0131klar\u0131n\u0131 dile getirdi.<br \/>\n\u201cMersin art\u0131k kimyasal kullanmadan verimli \u00fcretim yapmay\u0131 \u00f6\u011freniyor\u201d<br \/>\nHafta ba\u015f\u0131nda MTSO Avrupa Birli\u011fi Bilgi Merkezi taraf\u0131ndan \u2018Avrupa Birli\u011fi\u2019nde G\u0131da G\u00fcvenli\u011fi ve \u0130zlenebilirlik\u2019 konferans\u0131n\u0131 d\u00fczenlediklerini an\u0131msatan A\u015fut, iyi tar\u0131m uygulamalar\u0131 ve \u00fcr\u00fcnlerin izlenebilirli\u011finin sa\u011flanmas\u0131n\u0131n \u00f6nemine dikkat \u00e7ekerek, \u015funlar\u0131 s\u00f6yledi: \u201c\u00c7\u00fcnk\u00fc konu sadece \u00fcreticiyle, ihracat\u00e7\u0131yla ilgili de\u011fil, sa\u011fl\u0131\u011f\u0131m\u0131zla ilgili. Tar\u0131m \u00fcr\u00fcnlerini g\u00f6n\u00fcl rahatl\u0131\u011f\u0131yla t\u00fcketemiyoruz. Bunun en \u00f6nemli sebebi de bilin\u00e7sizce kullan\u0131lan tar\u0131m ila\u00e7lar\u0131. Daha \u00e7ok \u00fcretmek ad\u0131na do\u011fan\u0131n d\u00f6ng\u00fcs\u00fcn\u00fc bozuyoruz ve ortaya kirlenen topraklar, ihra\u00e7 edilemeyen kal\u0131nt\u0131l\u0131 \u00fcr\u00fcnler ve sa\u011fl\u0131\u011f\u0131 bozulan insanlar \u00e7\u0131k\u0131yor. Mersin, iyi tar\u0131m uygulamalar\u0131 ile buna son vermeye ba\u015flad\u0131. Pazartesi g\u00fcn\u00fc d\u00fczenledi\u011fimiz toplant\u0131 da bu konudaki fark\u0131ndal\u0131\u011f\u0131m\u0131z\u0131n en belirgin \u00f6rne\u011fidir. Bildi\u011finiz \u00fczere bundan \u00f6nce yapt\u0131\u011f\u0131m\u0131z \u00e7al\u0131\u015fmalar da mevcuttu. Solarizasyon metodu ile biberde b\u00fcy\u00fck ba\u015far\u0131lar elde ettik. Bunu \u00e7ile\u011fe de uygulamaya ba\u015flad\u0131k. Mersin art\u0131k kimyasal kullanmadan verimli \u00fcretim yapmay\u0131 \u00f6\u011freniyor. \u0130n\u015fallah Mersin bu konuyu daha \u00e7ok g\u00fcndeme getirerek, \u00fcreticiyi e\u011fitimlerle bilin\u00e7lendirerek ve i\u015fi takip ederek sa\u011fl\u0131kl\u0131 tar\u0131m \u00fcretiminin yap\u0131ld\u0131\u011f\u0131 bir yere d\u00f6n\u00fc\u015fecektir. Bu sadece ihracat i\u00e7in de\u011fil, insan\u0131m\u0131z i\u00e7in \u00f6nemlidir. Biz Mersin i\u015f camias\u0131 olarak \u2018\u00f6nce insan\u2019 demeye devam edece\u011fiz. MTSO olarak, verimli topraklar\u0131m\u0131z\u0131n \u00e7orakla\u015fmas\u0131na, kal\u0131nt\u0131 sorunu ile tar\u0131msal ihracat\u0131m\u0131z\u0131n sekteye u\u011framas\u0131na ve insan\u0131m\u0131za zarar gelmesine izin vermeyece\u011fiz.\u201d<br \/>\n\u201cSeferberlikle kay\u0131t d\u0131\u015f\u0131 \u00e7al\u0131\u015fanlar da kay\u0131t alt\u0131na girdi\u201d<br \/>\nY\u00f6netim Kurulu \u00dcyeleri \u00c7ak\u0131r ve Maya\u2019n\u0131n son bir ayda yapt\u0131klar\u0131 \u00e7al\u0131\u015fmalara ili\u015fkin bilgi verdi\u011fi toplant\u0131da, bas\u0131n mensuplar\u0131n\u0131n sorular\u0131n\u0131 da yan\u0131tlayan A\u015fut, istihdam seferberli\u011fine ili\u015fkin sorular \u00fczerine \u015fu yan\u0131t\u0131 verdi: \u201c\u0130stihdamdaki veriler ger\u00e7ek veriler, net rakamlar. \u00d6rne\u011fin bir i\u015fletmenin \u00e7al\u0131\u015fan\u0131n\u0131 i\u015ften \u00e7\u0131kar\u0131p yeniden i\u015fe alarak bu te\u015fvikten faydalanma \u015fans\u0131 yok. \u00c7\u00fcnk\u00fc 3 ay\u0131 doldurmas\u0131 gerekir. Bu bir kural. O kural\u0131 i\u015f d\u00fcnyas\u0131 bozamad\u0131\u011f\u0131 gibi i\u015fveren de bozam\u0131yor.\u201d<br \/>\nSeferberlik \u00e7al\u0131\u015fmalar\u0131 \u00e7er\u00e7evesinde \u00f6zellikle hedef belirledi\u011fi i\u015fletmeleri ziyaret ederek, kay\u0131t d\u0131\u015f\u0131 \u00e7al\u0131\u015ft\u0131r\u0131lan personeli kay\u0131t alt\u0131na almalar\u0131 \u00f6nerisinde bulundu\u011funu aktaran A\u015fut, \u201cDevlet zaten sana bunu \u00f6d\u00fcyor. Biz de bu i\u015fin 2018\u2019in sonuna kadar g\u00f6t\u00fcr\u00fclmesi i\u00e7in m\u00fccadele ediyoruz. Devlet zaten bunu 2018\u2019in sonuna kadar verecek. Bunun i\u00e7in kay\u0131t d\u0131\u015f\u0131 \u00e7al\u0131\u015fanlar\u0131n kay\u0131t alt\u0131na al\u0131nmalar\u0131n\u0131 istedik. Ziyaret etti\u011fimiz o b\u00f6lgelerden tepkiler olumlu y\u00f6nde d\u00f6nd\u00fc ve bu art\u0131 istihdam\u0131n verdi\u011fi rakamlar\u0131 yakalad\u0131k. Yani kay\u0131t d\u0131\u015f\u0131 \u00e7al\u0131\u015fanlar da bu seferberlikle kay\u0131t alt\u0131na girdi. Bunun yan\u0131nda art\u0131 istihdam da var. Tabi giri\u015fler var, \u00e7\u0131k\u0131\u015flar var, kapanan i\u015f yerleri var. Bas\u0131nda yer ald\u0131, \u2018A\u015fut\u2019ta personel \u00e7\u0131kar\u0131ld\u0131\u2019 diye. Evet A\u015fut\u2019ta personel \u00e7\u0131kard\u0131m, \u00e7\u00fcnk\u00fc o proje bitti. Onlar\u0131 \u00e7\u0131kard\u0131m ama bu taraftan da 25 personel ald\u0131m. Burada \u00e7\u0131kard\u0131\u011f\u0131m 7-8 ki\u015fi ama bu tarafta ald\u0131\u011f\u0131m 25 ki\u015fi. B\u00f6yle bakt\u0131\u011f\u0131n\u0131z zaman art\u0131 istihdam oldu. Girecek ve \u00e7\u0131kacak. \u0130\u015f d\u00fcnyas\u0131 esnek olmak zorunda. Bizim taleplerimiz do\u011frultusunda h\u00fck\u00fcmet, i\u015f d\u00fcnyas\u0131n\u0131n rahatlayabilmesi, \u00e7al\u0131\u015fanlar\u0131n da kay\u0131t alt\u0131na al\u0131nabilmesi revizyonlar yapt\u0131lar ve rahatlatt\u0131lar bizi\u201d dedi.<br \/>\n\u201cHedefimiz y\u00fczde 5\u2019ti, biz \u015fu an y\u00fczde 7\u2019yi yakalad\u0131k\u201d<br \/>\n2016 sonu itibariyle mevcut personele eklenecek her art\u0131 bir istihdama devletin te\u015fvik verdi\u011fini an\u0131msatan A\u015fut, \u015f\u00f6yle devam etti: \u201cB\u00f6yle g\u00fczel bir sistem oldu. O a\u00e7\u0131dan benim bir teredd\u00fcd\u00fcm yok. T\u00fcrkiye geneli i\u00e7in de durum ayn\u0131. \u00c7\u00fcnk\u00fc \u0130\u015eKUR ile birebir \u00e7al\u0131\u015f\u0131yoruz. TOBB\u2019da bu konular\u0131 hep beraber tart\u0131\u015f\u0131yoruz. Yani Hakkari\u2019den Edirne\u2019ye, Mersin\u2019den Samsun\u2019a kadar b\u00fct\u00fcn gruplar\u0131n oldu\u011fu bir ortam. Bir ilde bir s\u0131k\u0131nt\u0131 varsa onlar konu\u015fuluyor ve \u00e7\u00f6z\u00fcm yoluna gidiliyor \u0130\u015eKUR ile birlikte. \u00c7\u00fcnk\u00fc haks\u0131z rekabetin \u00f6n\u00fcne ge\u00e7memiz laz\u0131m. Mersin\u2019de istihdam seferberli\u011finde Say\u0131n Vali ile yapt\u0131\u011f\u0131m\u0131z toplant\u0131da hedefimiz y\u00fczde 5\u2019ti, biz \u015fu anda y\u00fczde 7\u2019yi yakalad\u0131k.\u201d<br \/>\n\u201cKOSGEB, selden zarar g\u00f6ren firmalara 100 bin liraya kadar kredi verecek\u201d<br \/>\nToplant\u0131da, Mersin\u2019de 29 Aral\u0131k 2016\u2019da ya\u015fanan sel felaketinde zarar g\u00f6ren firmalara da m\u00fcjde veren A\u015fut, \u201cYa\u015fanan sel felaketinden sonra zarar g\u00f6ren firmalar\u0131n kullanabilmesi i\u00e7in KOSGEB 100 bin TL\u2019ye kadar bir krediyi ortaya koydu. Bununla ilgili protokol imzaland\u0131. \u00d6n\u00fcm\u00fczdeki g\u00fcnlerde selden zarar g\u00f6ren ve protokoldeki kriterlere uyan firmalar, KOSGEB\u2019e m\u00fcracaat edecekler ve 100 bin liraya kadar destek alacaklar\u201d diye konu\u015ftu.<\/p>\n","protected":false},"excerpt":{"rendered":"<p>Mersin Ticaret ve Sanayi Odas\u0131 (MTSO) Ba\u015fkan\u0131 \u015eerafettin A\u015fut, istihdam seferberli\u011finde Mersin\u2019de ilk etapta 13 bin ki\u015filik ek istihdam hedefi belirlendi\u011fini, ancak May\u0131s ay\u0131 itibariyle hedefin a\u015f\u0131larak 17 bine yakla\u015ft\u0131\u011f\u0131n\u0131 &hellip; <a href=\"https:\/\/akdenizolaygazetesi.com\/?p=1299\" class=\"more-link\">Devam\u0131n\u0131 Oku&#8230;<\/a><\/p>\n","protected":false},"author":1,"featured_media":0,"comment_status":"open","ping_status":"open","sticky":false,"template":"","format":"standard","meta":[],"categories":[],"tags":[],"_links":{"self":[{"href":"https:\/\/akdenizolaygazetesi.com\/index.php?rest_route=\/wp\/v2\/posts\/1299"}],"collection":[{"href":"https:\/\/akdenizolaygazetesi.com\/index.php?rest_route=\/wp\/v2\/posts"}],"about":[{"href":"https:\/\/akdenizolaygazetesi.com\/index.php?rest_route=\/wp\/v2\/types\/post"}],"author":[{"embeddable":true,"href":"https:\/\/akdenizolaygazetesi.com\/index.php?rest_route=\/wp\/v2\/users\/1"}],"replies":[{"embeddable":true,"href":"https:\/\/akdenizolaygazetesi.com\/index.php?rest_route=%2Fwp%2Fv2%2Fcomments&post=1299"}],"version-history":[{"count":0,"href":"https:\/\/akdenizolaygazetesi.com\/index.php?rest_route=\/wp\/v2\/posts\/1299\/revisions"}],"wp:attachment":[{"href":"https:\/\/akdenizolaygazetesi.com\/index.php?rest_route=%2Fwp%2Fv2%2Fmedia&parent=1299"}],"wp:term":[{"taxonomy":"category","embeddable":true,"href":"https:\/\/akdenizolaygazetesi.com\/index.php?rest_route=%2Fwp%2Fv2%2Fcategories&post=1299"},{"taxonomy":"post_tag","embeddable":true,"href":"https:\/\/akdenizolaygazetesi.com\/index.php?rest_route=%2Fwp%2Fv2%2Ftags&post=1299"}],"curies":[{"name":"wp","href":"https:\/\/api.w.org\/{rel}","templated":true}]}}