{"id":12997,"date":"2021-06-23T13:02:17","date_gmt":"2021-06-23T10:02:17","guid":{"rendered":"http:\/\/akdenizolaygazetesi.com\/?p=12997"},"modified":"2021-06-23T13:02:17","modified_gmt":"2021-06-23T10:02:17","slug":"mersin-gelecek-15-yil-icerisinde-cok-parlak-bir-kent-olarak-gorunuyor","status":"publish","type":"post","link":"https:\/\/akdenizolaygazetesi.com\/?p=12997","title":{"rendered":"\u201cMERS\u0130N GELECEK 15 YIL \u0130\u00c7ER\u0130S\u0130NDE \u00c7OK PARLAK B\u0130R KENT OLARAK G\u00d6R\u00dcN\u00dcYOR\u201d"},"content":{"rendered":"<p>Mersin B\u00fcy\u00fck\u015fehir Belediye Ba\u015fkan\u0131 Vahap Se\u00e7er, Mersin Giri\u015fimci \u0130\u015fadamlar\u0131 Derne\u011fi\u2019nin (G\u0130AD) 9. Ola\u011fan Genel Kurulu\u2019na kat\u0131ld\u0131. Yeni se\u00e7ilen y\u00f6netime \u00e7al\u0131\u015fmalar\u0131nda ba\u015far\u0131lar dileyen Ba\u015fkan Se\u00e7er, eski y\u00f6netim \u00fcyelerine ise plaket takdim etti. Mersin\u2019in gelecek 15 y\u0131l i\u00e7erisinde \u00e7ok parlak bir kent olarak g\u00f6r\u00fcnd\u00fc\u011f\u00fcn\u00fc vurgulayan Se\u00e7er, ortaya konulacak vizyonla Mersin\u2019in \u00e7ok daha iyi yerlere gelece\u011fini s\u00f6yledi.<\/p>\n<p>\u201cMersin\u2019in muazzam bir kent oldu\u011funu biliyorum ve \u00e7ok seviyorum\u201d<\/p>\n<p>Ba\u015fkan Se\u00e7er, Mersin\u2019in T\u00fcrkiye\u2019nin her yerinden daha iyi bir ya\u015fam i\u00e7in farkl\u0131 gerek\u00e7elerle g\u00f6\u00e7 ald\u0131\u011f\u0131n\u0131 belirterek, \u201cHerkes Mersinlidir ama Mersin bir T\u00fcrkiye mozai\u011fi. Bu kadar insan\u0131 \u00fclkenin farkl\u0131 yerlerinden b\u00fcnyesine \u00e7eken bir kentin de \u00e7ok \u00f6nemli dinamikleri vard\u0131r. \u00c7ok \u00f6nemli potansiyelleri vard\u0131r. Yoksa kimse buraya gelmezdi. Do\u011fu\u2019dan ve G\u00fcneydo\u011fu\u2019dan belki g\u00fcvenlik gerek\u00e7eleri ile ya da Orta Anadolu\u2019dan ekonomik gerek\u00e7elerle, di\u011fer b\u00f6lgelerden farkl\u0131 gerek\u00e7elerle buraya geliyorsa insanlar, Mersin \u00e7ok de\u011ferli bir kent. Bulundu\u011funuz s\u00fcre i\u00e7erisinde bir siyasi olarak \u00e7ok aktif bir siyasi iseniz yani Anamur\u2019dan Tarsus\u2019a, \u00c7aml\u0131yayla\u2019dan Mut\u2019a kadar b\u00f6lgeyi analiz etme \u015fans\u0131n\u0131 kendinize yarat\u0131yorsan\u0131z, b\u00f6lgeyi \u00e7ok iyi tan\u0131rs\u0131n\u0131z. Muazzam zengin bir yer. Bu \u015fans\u0131 ben yakalad\u0131m ve kentimi \u00e7ok iyi tan\u0131yorum. Muazzam bir kent oldu\u011funu biliyorum ve \u00e7ok seviyorum\u201d dedi.<\/p>\n<p>\u201cT\u00fcrkiye\u2019de en az tan\u0131nan kentlerin ba\u015f\u0131nda geliyoruz\u201d<\/p>\n<p>Ba\u015fkan Se\u00e7er, T\u00fcrkiye\u2019nin Mersin\u2019i bilmedi\u011fini, bunu ara\u015ft\u0131rmalar\u0131n ortaya koydu\u011funu ifade ederek, s\u00f6zlerine \u015f\u00f6yle devam etti:<\/p>\n<p>\u201cT\u00fcrkiye\u2019de en az tan\u0131nan kentlerin ba\u015f\u0131nda geliyoruz. Bu ara\u015ft\u0131rmalar sonucu ortaya \u00e7\u0131km\u0131\u015f tabi. Ben bunu duydu\u011fumda ger\u00e7ekten \u00e7ok \u00fcz\u00fcld\u00fcm. \u00c7ok yak\u0131n bir tarih \u00f6ncesi yap\u0131lan bir ara\u015ft\u0131rma bize aktar\u0131ld\u0131. B\u00fcy\u00fck\u015fehir Belediye Ba\u015fkan\u0131y\u0131m. Bana dediler: \u2018Sen T\u00fcrkiye\u2019nin en zor b\u00fcy\u00fck\u015fehrinde Belediye Ba\u015fkanl\u0131\u011f\u0131 yapt\u0131\u011f\u0131n\u0131n fark\u0131nda m\u0131s\u0131n?\u2019 Bunu s\u00f6yleyen uzmanlar. Bir di\u011feri de dediler ki; bizim yapt\u0131\u011f\u0131m\u0131z ara\u015ft\u0131rmalarda insanlara soruyoruz. \u00d6rne\u011fin bu ara\u015ft\u0131rmay\u0131 \u0130stanbul\u2019da yap\u0131yorsak, \u2018E\u011fer \u0130stanbul\u2019da ya\u015famasayd\u0131n\u0131z hangi kentte ya\u015fard\u0131n\u0131z?\u2019 diye se\u00e7enekler sunuyoruz. Mersin\u2019in s\u0131ralamas\u0131 en son. Tabi ben bunu hayretle kar\u015f\u0131lad\u0131m. \u2018Hi\u00e7 \u015fa\u015f\u0131rmay\u0131n\u2019 dediler. Siz Mersin\u2019in g\u00fczel oldu\u011funu biliyorsunuz ama \u00fclke Mersin\u2019i tan\u0131m\u0131yor. Bu dinamiklerini bilmiyor. Havas\u0131 g\u00fczel, iklimi g\u00fczel, insan\u0131 g\u00fczel, Akdeniz\u2019in incisi ama insanlar bunu bilmiyor. Ger\u00e7ekten bu ger\u00e7e\u011fin fark\u0131nda olal\u0131m. Bunu kabullenmek zor olabilir bir Mersinli olarak ama bu bir realite. Bunun i\u00e7in \u00f6nce bir \u00fclkemize tan\u0131tmal\u0131y\u0131z. \u00c7ok iyi bir siyaset\u00e7i olabilirsiniz. Tan\u0131nm\u0131yorsan\u0131z, alg\u0131n\u0131z yoksa toplum sizi bilmiyorsa iyi bir siyaset\u00e7i de\u011filsiniz. Ba\u015far\u0131l\u0131 olamazs\u0131n\u0131z. \u00c7ok iyi bir sanat\u00e7\u0131 olabilirsiniz. Ama tan\u0131nm\u0131yorsan\u0131z, o de\u011fer a\u00e7\u0131\u011fa \u00e7\u0131km\u0131yorsa iyi bir sanat\u00e7\u0131 olamazs\u0131n\u0131z. Toroslar\u2019\u0131n tepesinde nadide endemik bir bitkisiniz, bir \u00e7i\u00e7eksiniz ama insanl\u0131k bunun fark\u0131nda de\u011filse siz nadide bir \u00e7i\u00e7ek de\u011filsiniz. Mersin\u2019i ben buna benzetiyorum.\u201d<\/p>\n<p>\u201cTaraf\u0131m\u0131z halk\u0131n taraf\u0131d\u0131r, Mersin\u2019in taraf\u0131d\u0131r\u201d<\/p>\n<p>\u0130\u015fin otoriteleri taraf\u0131ndan yap\u0131lan de\u011ferlendirmelerde T\u00fcrkiye\u2019de belki de gelecek 15 y\u0131l i\u00e7erisinde Mersin\u2019in \u00e7ok parlak bir kent olarak g\u00f6r\u00fcnd\u00fc\u011f\u00fcn\u00fc vurgulayan Ba\u015fkan Se\u00e7er, \u201cBuradaki dinamikler, hem merkezi y\u00f6netimin buraya pozitif yakla\u015f\u0131m\u0131, ortaya koyaca\u011f\u0131 politikalarla hem de yerel y\u00f6netimlerin ba\u015fta B\u00fcy\u00fck\u015fehir\u2019in, il\u00e7e belediyelerinin ortaya koyaca\u011f\u0131 vizyonla \u00e7ok muazzam yerlere gelebilir. \u015eunu t\u00fcm samimiyetimizle s\u00f6yleyebilirim: Bunu Ne\u015fet Bey ad\u0131na da s\u00f6yleyebilirim. Neticede ayn\u0131 siyasi gelenekten gelip ayn\u0131 siyasi partisi \u00e7at\u0131s\u0131 alt\u0131nda Belediye Ba\u015fkanl\u0131\u011f\u0131 yap\u0131yoruz. Bu anlamda samimi bir \u015fekilde \u00e7ok yo\u011fun mesai harcayan, tamamen taraf\u0131m\u0131z bunu \u00e7ok net s\u00f6yl\u00fcyorum: Halk\u0131n taraf\u0131d\u0131r, Mersin\u2019in taraf\u0131d\u0131r. Bu y\u00f6nde tav\u0131r koyan Belediye Ba\u015fkanlar\u0131 taraf\u0131ndan y\u00f6netiliyor son 2 y\u0131ld\u0131r Mersin. Ama \u00f6n\u00fcm\u00fczde tabi ki bo\u011fu\u015ftu\u011fumuz baz\u0131 sorunlar, engeller var. \u00c7ok net g\u00f6r\u00fcyorum ki bunlar a\u015f\u0131lacak. \u00c7\u00fcnk\u00fc Mersin\u2019de birlik havas\u0131 oldu\u011funu s\u00f6yleyebiliriz. Zaman zaman gerginlik olsa da. Gelecek g\u00fcnlerin bug\u00fcnlerden \u00e7ok daha iyi olabilece\u011fini \u00e7ok net s\u00f6yleyebilirim Ba\u015fkan\u0131n\u0131z olarak\u201d ifadelerine yer verdi. <\/p>\n","protected":false},"excerpt":{"rendered":"<p>Mersin B\u00fcy\u00fck\u015fehir Belediye Ba\u015fkan\u0131 Vahap Se\u00e7er, Mersin Giri\u015fimci \u0130\u015fadamlar\u0131 Derne\u011fi\u2019nin (G\u0130AD) 9. Ola\u011fan Genel Kurulu\u2019na kat\u0131ld\u0131. Yeni se\u00e7ilen y\u00f6netime \u00e7al\u0131\u015fmalar\u0131nda ba\u015far\u0131lar dileyen Ba\u015fkan Se\u00e7er, eski y\u00f6netim \u00fcyelerine ise plaket takdim &hellip; <a href=\"https:\/\/akdenizolaygazetesi.com\/?p=12997\" class=\"more-link\">Devam\u0131n\u0131 Oku&#8230;<\/a><\/p>\n","protected":false},"author":2,"featured_media":12998,"comment_status":"open","ping_status":"open","sticky":false,"template":"","format":"standard","meta":[],"categories":[8,3],"tags":[],"_links":{"self":[{"href":"https:\/\/akdenizolaygazetesi.com\/index.php?rest_route=\/wp\/v2\/posts\/12997"}],"collection":[{"href":"https:\/\/akdenizolaygazetesi.com\/index.php?rest_route=\/wp\/v2\/posts"}],"about":[{"href":"https:\/\/akdenizolaygazetesi.com\/index.php?rest_route=\/wp\/v2\/types\/post"}],"author":[{"embeddable":true,"href":"https:\/\/akdenizolaygazetesi.com\/index.php?rest_route=\/wp\/v2\/users\/2"}],"replies":[{"embeddable":true,"href":"https:\/\/akdenizolaygazetesi.com\/index.php?rest_route=%2Fwp%2Fv2%2Fcomments&post=12997"}],"version-history":[{"count":1,"href":"https:\/\/akdenizolaygazetesi.com\/index.php?rest_route=\/wp\/v2\/posts\/12997\/revisions"}],"predecessor-version":[{"id":12999,"href":"https:\/\/akdenizolaygazetesi.com\/index.php?rest_route=\/wp\/v2\/posts\/12997\/revisions\/12999"}],"wp:featuredmedia":[{"embeddable":true,"href":"https:\/\/akdenizolaygazetesi.com\/index.php?rest_route=\/wp\/v2\/media\/12998"}],"wp:attachment":[{"href":"https:\/\/akdenizolaygazetesi.com\/index.php?rest_route=%2Fwp%2Fv2%2Fmedia&parent=12997"}],"wp:term":[{"taxonomy":"category","embeddable":true,"href":"https:\/\/akdenizolaygazetesi.com\/index.php?rest_route=%2Fwp%2Fv2%2Fcategories&post=12997"},{"taxonomy":"post_tag","embeddable":true,"href":"https:\/\/akdenizolaygazetesi.com\/index.php?rest_route=%2Fwp%2Fv2%2Ftags&post=12997"}],"curies":[{"name":"wp","href":"https:\/\/api.w.org\/{rel}","templated":true}]}}