{"id":1300,"date":"2020-11-04T18:21:52","date_gmt":"2020-11-04T15:21:52","guid":{"rendered":"http:\/\/mersinekonomipolitikagazetesi.com\/?p=1300"},"modified":"2020-11-04T18:21:52","modified_gmt":"2020-11-04T15:21:52","slug":"yucelen-odulleri-sahiplerini-buldu","status":"publish","type":"post","link":"https:\/\/akdenizolaygazetesi.com\/?p=1300","title":{"rendered":"Y\u00fccelen \u00f6d\u00fclleri sahiplerini buldu"},"content":{"rendered":"<p>\u0130\u00e7i\u015fleri, Devlet ve Sanayi eski bakanlar\u0131ndan R\u00fc\u015ft\u00fc Kaz\u0131m Y\u00fccelen&#8217;in an\u0131s\u0131na d\u00fczenlenen \u015fiir ve \u00f6yk\u00fc yar\u0131\u015fmas\u0131nda dereceye girenlere \u00f6d\u00fclleri verildi.<\/p>\n<p>Her ge\u00e7en y\u0131l enerjisi y\u00fckselen yar\u0131\u015fma bu sene Mersin genelindeki t\u00fcm okullarda e\u011fitim g\u00f6ren \u00f6\u011frencilere vatan sevgisi konusu \u00fczerine d\u00fc\u015f\u00fcnmeye, yazmaya, \u00e7izmeye y\u00f6nlendirdi. Yar\u0131\u015fman\u0131n Anamur\u2019da ger\u00e7ekle\u015ftirilen \u00f6d\u00fcl t\u00f6reni kapsam\u0131nda Mavi K\u00f6pr\u00fc m\u00fczik grubu konser verirken Sunay Ak\u0131n da keyifli bir s\u00f6yle\u015fi ger\u00e7ekle\u015ftirdi.<br \/>\nHer y\u0131l d\u00fczenlenen yar\u0131\u015fman\u0131n bu seneki \u00f6d\u00fcl t\u00f6reni, Anamur R\u00fc\u015ft\u00fc Kaz\u0131m Y\u00fccelen \u0130lk\u00f6\u011fretim Okulu\u2019nda ger\u00e7ekle\u015ftirildi. Mersinli \u00e7ocuklar\u0131n sanat dallar\u0131nda yetkinliklerini ke\u015ffetmesini hedefleyen ve \u00e7ocuklar\u0131 sanata te\u015fvik etmeyi sa\u011flayan yar\u0131\u015fman\u0131n \u00f6d\u00fcl t\u00f6reninde Y\u00fccelen ailesi ad\u0131na bir konu\u015fma yapan Ali Y\u00fccelen, her sene \u00e7ocuklar\u0131n katk\u0131lar\u0131yla yar\u0131\u015fman\u0131n geli\u015fti\u011fini s\u00f6yledi.<br \/>\n&#8220;Her ad\u0131mda acizane rahmetli babam\u0131z\u0131n an\u0131s\u0131n\u0131 ya\u015fatma gayretinin yan\u0131 s\u0131ra \u00e7ocuklar\u0131m\u0131z\u0131n da gelecekte ya\u015fayaca\u011f\u0131 Mersin\u2019e katk\u0131 sa\u011flama \u00e7abam\u0131z\u0131 s\u00fcrd\u00fcr\u00fcyoruz&#8221; diyen Ali Y\u00fccelen, &#8220;\u00c7ocuklar\u0131n vatan sevgisi \u00fczerine yazd\u0131klar\u0131 sat\u0131rlar\u0131, \u00e7izdikleri resimleri g\u00f6r\u00fcnce ne kadar do\u011fru bir i\u015f yapt\u0131\u011f\u0131m\u0131z\u0131 bir kez daha anlad\u0131k. \u00c7ocuklar\u0131m\u0131z bize umut ve enerji a\u015f\u0131lad\u0131lar. \u00c7ocuklar\u0131m\u0131z\u0131n resim, \u015fiir, \u00f6yk\u00fc gibi sanat dallar\u0131nda eser ortaya koyup, kendilerini ifade etmelerini ve yeteneklerini ke\u015ffetmelerini istiyoruz. Yar\u0131\u015fma vesilesiyle onlar\u0131 te\u015fvik edebilirsek ve gelecek y\u0131llarda memleketimizden sanat\u00e7\u0131lar yeti\u015fmesine katk\u0131da bulunabilirsek bu bizler i\u00e7in en b\u00fcy\u00fck kazan\u00e7 ve gurur kayna\u011f\u0131 olacakt\u0131r. Bir \u00fclke ne kadar bilim adam\u0131 ve sanat\u00e7\u0131 yeti\u015ftirirse, o kadar kalk\u0131n\u0131r&#8221; \u015feklinde konu\u015ftu.<br \/>\nYap\u0131lan konu\u015fmalar\u0131n ard\u0131ndan dereceye giren \u00e7ocuklara \u00f6d\u00fclleri verildi. Resim, \u015fiir ve \u00f6yk\u00fc dallar\u0131nda, anas\u0131n\u0131f\u0131, ilkokul, ortaokul ve lise \u00f6\u011frencilerinin, &#8216;Sevgilerin en g\u00fczeli vatan sevgisi&#8217; konulu eserlerini de\u011ferlendiren j\u00fcrinin verdi\u011fi puanlara g\u00f6re, yar\u0131\u015fmada dereceye girenlere bisiklet, diz\u00fcst\u00fc bilgisayar, tablet bilgisayar ve telefon arma\u011fan edildi.<\/p>\n","protected":false},"excerpt":{"rendered":"<p>\u0130\u00e7i\u015fleri, Devlet ve Sanayi eski bakanlar\u0131ndan R\u00fc\u015ft\u00fc Kaz\u0131m Y\u00fccelen&#8217;in an\u0131s\u0131na d\u00fczenlenen \u015fiir ve \u00f6yk\u00fc yar\u0131\u015fmas\u0131nda dereceye girenlere \u00f6d\u00fclleri verildi. Her ge\u00e7en y\u0131l enerjisi y\u00fckselen yar\u0131\u015fma bu sene Mersin genelindeki t\u00fcm &hellip; <a href=\"https:\/\/akdenizolaygazetesi.com\/?p=1300\" class=\"more-link\">Devam\u0131n\u0131 Oku&#8230;<\/a><\/p>\n","protected":false},"author":1,"featured_media":0,"comment_status":"open","ping_status":"open","sticky":false,"template":"","format":"standard","meta":[],"categories":[],"tags":[],"_links":{"self":[{"href":"https:\/\/akdenizolaygazetesi.com\/index.php?rest_route=\/wp\/v2\/posts\/1300"}],"collection":[{"href":"https:\/\/akdenizolaygazetesi.com\/index.php?rest_route=\/wp\/v2\/posts"}],"about":[{"href":"https:\/\/akdenizolaygazetesi.com\/index.php?rest_route=\/wp\/v2\/types\/post"}],"author":[{"embeddable":true,"href":"https:\/\/akdenizolaygazetesi.com\/index.php?rest_route=\/wp\/v2\/users\/1"}],"replies":[{"embeddable":true,"href":"https:\/\/akdenizolaygazetesi.com\/index.php?rest_route=%2Fwp%2Fv2%2Fcomments&post=1300"}],"version-history":[{"count":0,"href":"https:\/\/akdenizolaygazetesi.com\/index.php?rest_route=\/wp\/v2\/posts\/1300\/revisions"}],"wp:attachment":[{"href":"https:\/\/akdenizolaygazetesi.com\/index.php?rest_route=%2Fwp%2Fv2%2Fmedia&parent=1300"}],"wp:term":[{"taxonomy":"category","embeddable":true,"href":"https:\/\/akdenizolaygazetesi.com\/index.php?rest_route=%2Fwp%2Fv2%2Fcategories&post=1300"},{"taxonomy":"post_tag","embeddable":true,"href":"https:\/\/akdenizolaygazetesi.com\/index.php?rest_route=%2Fwp%2Fv2%2Ftags&post=1300"}],"curies":[{"name":"wp","href":"https:\/\/api.w.org\/{rel}","templated":true}]}}