{"id":13001,"date":"2021-06-24T13:00:02","date_gmt":"2021-06-24T10:00:02","guid":{"rendered":"http:\/\/akdenizolaygazetesi.com\/?p=13001"},"modified":"2021-06-24T13:00:02","modified_gmt":"2021-06-24T10:00:02","slug":"gultak-sizlere-her-turlu-destegi-verdigi-icin-sayin-cumhurbaskanimiza-tesekkur-ediyoruz","status":"publish","type":"post","link":"https:\/\/akdenizolaygazetesi.com\/?p=13001","title":{"rendered":"G\u00fcltak; &#8220;Sizlere her t\u00fcrl\u00fc deste\u011fi verdi\u011fi i\u00e7in Say\u0131n Cumhurba\u015fkan\u0131m\u0131za te\u015fekk\u00fcr ediyoruz&#8221;"},"content":{"rendered":"<p>Akdeniz Belediyesi K\u00fclt\u00fcr ve Sosyal \u0130\u015fler M\u00fcd\u00fcrl\u00fc\u011f\u00fc ile T\u00fcrk K\u0131z\u0131lay Mersin Toplum Merkezi  i\u015fbirli\u011finde, \u201c20 Haziran D\u00fcnya M\u00fclteciler G\u00fcn\u00fc\u201d dolay\u0131s\u0131yla kendi vatanlar\u0131ndan T\u00fcrkiye&#8217;ye s\u0131\u011f\u0131nmak zorunda kalan aileler ve o ailelerin \u00e7ocuklar\u0131n\u0131n kat\u0131l\u0131m\u0131yla renkli bir etkinli\u011fe imza at\u0131ld\u0131.<br \/>\nAkdeniz Belediyesi K\u00fclt\u00fcr ve Sosyal \u0130\u015fler M\u00fcd\u00fcrl\u00fc\u011f\u00fc ile T\u00fcrk K\u0131z\u0131lay Mersin Toplum Merkezi  i\u015fbirli\u011finde, \u201c20 Haziran D\u00fcnya M\u00fclteciler G\u00fcn\u00fc\u201d dolay\u0131s\u0131yla Adanal\u0131o\u011flu&#8217;nda m\u00fclteci ve g\u00f6\u00e7men ailelerin ya\u015fad\u0131\u011f\u0131 yerde bir etkinlik ger\u00e7ekle\u015fti. \u0130lk olarak \u00e7ocuklar a\u00e7\u0131k havada film izleme keyfi ya\u015farken, y\u00fcz boyama etkinli\u011fi ve palya\u00e7o g\u00f6sterileri ile de keyifli vakit ge\u00e7irdiler. T\u00fcrk K\u0131z\u0131lay Toplum Merkezi taraf\u0131ndan da kad\u0131nlar ile \u00e7ocuklara \u00e7e\u015fitli hediyeler verildi. Etkinlikte, K\u00fclt\u00fcr Sanat Evi \u00f6\u011fretmen ve kursiyerlerince kat\u0131l\u0131mc\u0131 kad\u0131nlara ve \u00e7ocuklara kuaf\u00f6r hizmeti de sunuldu.<br \/>\nG\u00fcltak; &#8220;Sizlere her t\u00fcrl\u00fc deste\u011fi verdi\u011fi i\u00e7in Say\u0131n Cumhurba\u015fkan\u0131m\u0131za te\u015fekk\u00fcr ediyoruz&#8221;<br \/>\nAkdeniz Belediye Ba\u015fkan\u0131 M. Mustafa G\u00fcltak da D\u00fcnya M\u00fclteciler G\u00fcn\u00fc nedeniyle ger\u00e7ekle\u015fen etkinli\u011fe kat\u0131larak, \u00e7ocuklar ve ailelerinin heyecan\u0131na, sevin\u00e7 ve mutlulu\u011funa ortak oldu. Bir konu\u015fma da yapan Ba\u015fkan G\u00fcltak, &#8220;Belediyemizin K\u00fclt\u00fcr ve Sosyal \u0130\u015fler M\u00fcd\u00fcrl\u00fc\u011f\u00fc ile birlikte  T\u00fcrk K\u0131z\u0131lay Mersin Toplum Merkezi&#8217;nin beraber y\u00fcr\u00fctm\u00fc\u015f oldu\u011fu bu etkinli\u011fe kat\u0131ld\u0131\u011f\u0131n\u0131z i\u00e7in hepinize ayr\u0131 ayr\u0131 te\u015fekk\u00fcr ederiz. B\u00f6lgemizdeki t\u00fcm m\u00fclteci ailelere elimizden geldi\u011fi kadar yard\u0131mc\u0131 olmaya \u00e7al\u0131\u015f\u0131yoruz. \u0130nsanlar\u0131n ana vatan\u0131ndan g\u00f6n\u00fcls\u00fcz bir \u015fekilde ba\u015fka yerlere g\u00f6\u00e7 etme nedenlerini ortadan kald\u0131rmad\u0131ktan sonra sadece yard\u0131mlarla d\u00fcnyadaki m\u00fclteci sorunu \u00e7\u00f6z\u00fclemez. Etraf\u0131m\u0131zdaki bir\u00e7ok \u00fclkeden vatanlar\u0131ndan zorla \u00e7\u0131kar\u0131lan m\u00fcltecileri kendi \u00fclkemizde  misafir etti\u011fimiz i\u00e7in ve her t\u00fcrl\u00fc deste\u011fi verdi\u011finden dolay\u0131 Say\u0131n Cumhurba\u015fkan\u0131m\u0131z Recep Tayyip Erdo\u011fan&#8217;a te\u015fekk\u00fcr ediyoruz&#8221; dedi.<br \/>\n&#8220;T\u00fcm liderler, m\u00fclteci sorununa \u00e7\u00f6z\u00fcm i\u00e7in \u00e7al\u0131\u015fma yapmas\u0131 gerekiyor&#8221;<br \/>\nBa\u015fkan G\u00fcltak, &#8220;Sizleri bu topraklarda misafir etmemiz elbette \u00e7ok \u00f6nemli ama \u00f6zellikle \u015funun alt\u0131n\u0131 \u00e7izmek istiyorum. T\u00fcm d\u00fcnya liderlerinin bu m\u00fcltecilik  sorununu ortadan kald\u0131racak bir \u00e7al\u0131\u015fma yapmas\u0131 gerekiyor. Bunun nedeni bir sava\u015f ya da do\u011fal afet olabilir. \u0130nsanlar\u0131n kendi topraklar\u0131ndan zoraki gitme nedenlerini ortadan kald\u0131rmak gerekir. O y\u00fczden t\u00fcm d\u00fcnyadaki liderlerin sava\u015flara, zulme ve haks\u0131z bir \u015fekilde di\u011fer insanlar\u0131n topraklar\u0131n\u0131 gasp\u0131na kar\u015f\u0131 durmalar\u0131 gerekiyor&#8221; ifadelerini kulland\u0131.<br \/>\n&#8220;Biz bar\u0131\u015ftan, insanl\u0131ktan, karde\u015flikten yanay\u0131z&#8221;<br \/>\nD\u00fcnyan\u0131n \u00e7ok b\u00fcy\u00fck oldu\u011funu ve herkesin insanca ya\u015famas\u0131 i\u00e7in bolca imkan sunuldu\u011fundan s\u00f6z eden Ba\u015fkan Mustafa G\u00fcltak, &#8220;O y\u00fczden insanlar\u0131 kendi topraklar\u0131ndan s\u00fcr\u00fckleyerek s\u00f6m\u00fcrgecilik yapan t\u00fcm zalimleri buradan k\u0131n\u0131yorum. Cumhurba\u015fkan\u0131m\u0131z Say\u0131n Recep Tayyip Erdo\u011fan&#8217;\u0131n dedi\u011fi gibi d\u00fcnya her zaman 5&#8217;ten b\u00fcy\u00fckt\u00fcr. O y\u00fczden biz, bar\u0131\u015ftan, insanl\u0131ktan, karde\u015flikten yanay\u0131z. Topraklar\u0131ndan istemeden \u00e7\u0131km\u0131\u015f vatanda\u015flar\u0131m\u0131z bar\u0131\u015f sayesinde in\u015fallah topraklar\u0131na geri d\u00f6nerler ve ana vatan \u00f6zlemi \u00e7ekmezler. Topraklar\u0131n\u0131za d\u00f6nene kadar bizler sizleri en iyi \u015fekilde misafir edece\u011fiz. Elimizden geldi\u011fi kadar her konuda yard\u0131mc\u0131 olaca\u011f\u0131z&#8221; \u015feklinde konu\u015ftu. Etkinli\u011fin sonuna do\u011fru, Dillerin Ahengi M\u00fczik Grubu da kat\u0131l\u0131mc\u0131lara g\u00fczel bir m\u00fczik dinletisi sundu ve ard\u0131ndan etkinlik sona erdi.<\/p>\n","protected":false},"excerpt":{"rendered":"<p>Akdeniz Belediyesi K\u00fclt\u00fcr ve Sosyal \u0130\u015fler M\u00fcd\u00fcrl\u00fc\u011f\u00fc ile T\u00fcrk K\u0131z\u0131lay Mersin Toplum Merkezi i\u015fbirli\u011finde, \u201c20 Haziran D\u00fcnya M\u00fclteciler G\u00fcn\u00fc\u201d dolay\u0131s\u0131yla kendi vatanlar\u0131ndan T\u00fcrkiye&#8217;ye s\u0131\u011f\u0131nmak zorunda kalan aileler ve o ailelerin &hellip; <a href=\"https:\/\/akdenizolaygazetesi.com\/?p=13001\" class=\"more-link\">Devam\u0131n\u0131 Oku&#8230;<\/a><\/p>\n","protected":false},"author":2,"featured_media":13002,"comment_status":"open","ping_status":"open","sticky":false,"template":"","format":"standard","meta":[],"categories":[5,6],"tags":[],"_links":{"self":[{"href":"https:\/\/akdenizolaygazetesi.com\/index.php?rest_route=\/wp\/v2\/posts\/13001"}],"collection":[{"href":"https:\/\/akdenizolaygazetesi.com\/index.php?rest_route=\/wp\/v2\/posts"}],"about":[{"href":"https:\/\/akdenizolaygazetesi.com\/index.php?rest_route=\/wp\/v2\/types\/post"}],"author":[{"embeddable":true,"href":"https:\/\/akdenizolaygazetesi.com\/index.php?rest_route=\/wp\/v2\/users\/2"}],"replies":[{"embeddable":true,"href":"https:\/\/akdenizolaygazetesi.com\/index.php?rest_route=%2Fwp%2Fv2%2Fcomments&post=13001"}],"version-history":[{"count":1,"href":"https:\/\/akdenizolaygazetesi.com\/index.php?rest_route=\/wp\/v2\/posts\/13001\/revisions"}],"predecessor-version":[{"id":13003,"href":"https:\/\/akdenizolaygazetesi.com\/index.php?rest_route=\/wp\/v2\/posts\/13001\/revisions\/13003"}],"wp:featuredmedia":[{"embeddable":true,"href":"https:\/\/akdenizolaygazetesi.com\/index.php?rest_route=\/wp\/v2\/media\/13002"}],"wp:attachment":[{"href":"https:\/\/akdenizolaygazetesi.com\/index.php?rest_route=%2Fwp%2Fv2%2Fmedia&parent=13001"}],"wp:term":[{"taxonomy":"category","embeddable":true,"href":"https:\/\/akdenizolaygazetesi.com\/index.php?rest_route=%2Fwp%2Fv2%2Fcategories&post=13001"},{"taxonomy":"post_tag","embeddable":true,"href":"https:\/\/akdenizolaygazetesi.com\/index.php?rest_route=%2Fwp%2Fv2%2Ftags&post=13001"}],"curies":[{"name":"wp","href":"https:\/\/api.w.org\/{rel}","templated":true}]}}