{"id":13007,"date":"2021-06-24T13:04:06","date_gmt":"2021-06-24T10:04:06","guid":{"rendered":"http:\/\/akdenizolaygazetesi.com\/?p=13007"},"modified":"2021-06-24T13:04:06","modified_gmt":"2021-06-24T10:04:06","slug":"bu-yayinevi-ve-yazarin-baska-kac-kitabi-bulunmaktadir","status":"publish","type":"post","link":"https:\/\/akdenizolaygazetesi.com\/?p=13007","title":{"rendered":"&#8216;Bu yay\u0131nevi ve yazar\u0131n ba\u015fka ka\u00e7 kitab\u0131 bulunmaktad\u0131r?&#8217;"},"content":{"rendered":"<p>Karatay Akademi Yay\u0131nlar\u0131&#8217;ndan \u00e7\u0131kan &#8216;Onlar Ermi\u015f Murad\u0131na &#8211; En G\u00fczel T\u00fcrk Masallar\u0131&#8217; isimli kitapta \u00e7ocuk istismar\u0131 ve ensest ili\u015fkiyi me\u015frula\u015ft\u0131ran \u2018sand\u0131k\u2019 isimli s\u00f6zde masal sonras\u0131 CHP Konuyu Meclis G\u00fcndemine ta\u015f\u0131d\u0131. CHP Mersin Milletvekili Alpay Antmen, Milli E\u011fitim Bakan\u0131 Ziya Sel\u00e7uk taraf\u0131ndan yan\u0131tlanmas\u0131 istemiyle verdi\u011fi soru \u00f6nergesinde \u201cBu kitap nas\u0131l onaylan\u0131p bandrol alabilmi\u015ftir? K\u0131z \u00e7ocuklar\u0131n\u0131 istismar\u0131 me\u015fru g\u00f6steren bu kitap bug\u00fcne kadar ka\u00e7 \u00e7ocu\u011fumuza okutuldu? Bahsi ge\u00e7en kitap bug\u00fcne kadar ka\u00e7 bask\u0131 yapt\u0131 ve ka\u00e7 adet da\u011f\u0131t\u0131ld\u0131?\u201d diye sordu.<\/p>\n<p>&#8220;En G\u00fczel T\u00fcrk Masallar\u0131&#8221; ad\u0131 verilen \u00e7ocuk kitab\u0131nda yer alan &#8220;Sand\u0131k&#8221; adl\u0131 hikayede baban\u0131n, k\u0131z\u0131n\u0131 istismar etmesi me\u015fru g\u00f6steriliyor. Hikayede s\u00f6zde bir baba bir hocaya giderek &#8220;Hocam, yeti\u015ftirdi\u011fin meyveyi \u00f6nce kendin mi yersin, yoksa ba\u015fkas\u0131na m\u0131 yedirirsin?&#8221; sorusunu soruyor.<\/p>\n<p>Hoca ise \u201cEvvela kendin yersin\u201d \u015feklinde yan\u0131t veriyor. Hocadan olur alan s\u00f6zde baba, k\u0131z\u0131na durumu anlatmakta ve \u201cben hocadan onay ald\u0131m\u201d diyor.  K\u0131z ise \u201cBaba hi\u00e7 \u00f6yle \u015fey olur mu, ben senin k\u0131z\u0131n\u0131m, baban\u0131n k\u0131z\u0131yla evlenmesi olur mu?\u201d yan\u0131t\u0131n\u0131 vermekte, babas\u0131 ise &#8220;Olur k\u0131z\u0131m&#8221; demektedir.<\/p>\n<p>Antmen\u2019in \u00f6nergesinde yer alan sorular \u015fu \u015fekilde;<\/p>\n<p>\u2013 H. Erol Y\u0131ld\u0131z imzal\u0131 ve Karatay \u00c7ocuk yay\u0131nevi taraf\u0131ndan bas\u0131lan \u2018En G\u00fczel T\u00fcrk Masallar\u0131\u2019 isimli s\u00f6zde \u00e7ocuk kitab\u0131 ne zamandan bu yana sat\u0131lmaktad\u0131r? Bu kitab\u0131 basan yay\u0131nevi ve yazan Erol Y\u0131ld\u0131z hakk\u0131nda hukuki bir soru\u015fturma a\u00e7\u0131lmas\u0131 i\u00e7in harekete ge\u00e7ilmi\u015f midir? Bu yay\u0131nevi ve yazar\u0131n ba\u015fka ka\u00e7 kitab\u0131 bulunmaktad\u0131r?<\/p>\n<p>&#8211; Bu kitap nas\u0131l onaylan\u0131p bandrol alabilmi\u015ftir? K\u0131z \u00e7ocuklar\u0131n\u0131 istismar\u0131 me\u015fru g\u00f6steren bu kitap bug\u00fcne kadar ka\u00e7 \u00e7ocu\u011fumuza okutuldu? Bahsi ge\u00e7en kitap bug\u00fcne kadar ka\u00e7 bask\u0131 yapt\u0131 ve ka\u00e7 adet da\u011f\u0131t\u0131ld\u0131?<\/p>\n<p>\u2013 Bu kitap okullar\u0131m\u0131zda da\u011f\u0131t\u0131lm\u0131\u015f m\u0131d\u0131r? Varsa bu okullar hangileridir? Bu kitap okullardan ve kitap\u00e7\u0131lardan toplat\u0131larak imha edilmi\u015f midir?<\/p>\n<p>\u2013 \u00d6zellikle \u00e7ocuklar\u0131n okuyaca\u011f\u0131 kitaplar \u00e7ok daha titizlikle incelenmesi gerekirken bu kitap nas\u0131l oluyor da sat\u0131\u015fa sunulabilmi\u015ftir? Kitapla ilgili gerekli denetimler yap\u0131ld\u0131 m\u0131? Varsa kim ya da kimler yapm\u0131\u015ft\u0131r? Bu ki\u015filerle ilgili soru\u015fturma a\u00e7\u0131lm\u0131\u015f m\u0131d\u0131r?<\/p>\n<p>\u2013 \u00c7ocuk istismar\u0131n\u0131 me\u015fru g\u00f6steren ve \u00e7ocuklar\u0131 olumsuz etkileyecek ba\u015fka kitap veya yay\u0131nlar tespit edilmi\u015f midir? Varsa bunlar hangileridir?<\/p>\n","protected":false},"excerpt":{"rendered":"<p>Karatay Akademi Yay\u0131nlar\u0131&#8217;ndan \u00e7\u0131kan &#8216;Onlar Ermi\u015f Murad\u0131na &#8211; En G\u00fczel T\u00fcrk Masallar\u0131&#8217; isimli kitapta \u00e7ocuk istismar\u0131 ve ensest ili\u015fkiyi me\u015frula\u015ft\u0131ran \u2018sand\u0131k\u2019 isimli s\u00f6zde masal sonras\u0131 CHP Konuyu Meclis G\u00fcndemine ta\u015f\u0131d\u0131. &hellip; <a href=\"https:\/\/akdenizolaygazetesi.com\/?p=13007\" class=\"more-link\">Devam\u0131n\u0131 Oku&#8230;<\/a><\/p>\n","protected":false},"author":2,"featured_media":13008,"comment_status":"open","ping_status":"open","sticky":false,"template":"","format":"standard","meta":[],"categories":[34,3,5,6],"tags":[],"_links":{"self":[{"href":"https:\/\/akdenizolaygazetesi.com\/index.php?rest_route=\/wp\/v2\/posts\/13007"}],"collection":[{"href":"https:\/\/akdenizolaygazetesi.com\/index.php?rest_route=\/wp\/v2\/posts"}],"about":[{"href":"https:\/\/akdenizolaygazetesi.com\/index.php?rest_route=\/wp\/v2\/types\/post"}],"author":[{"embeddable":true,"href":"https:\/\/akdenizolaygazetesi.com\/index.php?rest_route=\/wp\/v2\/users\/2"}],"replies":[{"embeddable":true,"href":"https:\/\/akdenizolaygazetesi.com\/index.php?rest_route=%2Fwp%2Fv2%2Fcomments&post=13007"}],"version-history":[{"count":1,"href":"https:\/\/akdenizolaygazetesi.com\/index.php?rest_route=\/wp\/v2\/posts\/13007\/revisions"}],"predecessor-version":[{"id":13009,"href":"https:\/\/akdenizolaygazetesi.com\/index.php?rest_route=\/wp\/v2\/posts\/13007\/revisions\/13009"}],"wp:featuredmedia":[{"embeddable":true,"href":"https:\/\/akdenizolaygazetesi.com\/index.php?rest_route=\/wp\/v2\/media\/13008"}],"wp:attachment":[{"href":"https:\/\/akdenizolaygazetesi.com\/index.php?rest_route=%2Fwp%2Fv2%2Fmedia&parent=13007"}],"wp:term":[{"taxonomy":"category","embeddable":true,"href":"https:\/\/akdenizolaygazetesi.com\/index.php?rest_route=%2Fwp%2Fv2%2Fcategories&post=13007"},{"taxonomy":"post_tag","embeddable":true,"href":"https:\/\/akdenizolaygazetesi.com\/index.php?rest_route=%2Fwp%2Fv2%2Ftags&post=13007"}],"curies":[{"name":"wp","href":"https:\/\/api.w.org\/{rel}","templated":true}]}}