{"id":1301,"date":"2020-11-04T18:21:52","date_gmt":"2020-11-04T15:21:52","guid":{"rendered":"http:\/\/mersinekonomipolitikagazetesi.com\/?p=1301"},"modified":"2020-11-04T18:21:52","modified_gmt":"2020-11-04T15:21:52","slug":"genc-girisimci-kadinlar-sertifikalarini-vali-cakacakin-elinden-aldi","status":"publish","type":"post","link":"https:\/\/akdenizolaygazetesi.com\/?p=1301","title":{"rendered":"Gen\u00e7 giri\u015fimci kad\u0131nlar sertifikalar\u0131n\u0131 Vali \u00c7akacak\u2019\u0131n elinden ald\u0131"},"content":{"rendered":"<p>G\u0131da, Tar\u0131m ve Hayvanc\u0131l\u0131k Bakanl\u0131\u011f\u0131 taraf\u0131ndan Mersin dahil toplam 16 ilde y\u00fcr\u00fct\u00fclen \u201cTar\u0131mda Gen\u00e7 Giri\u015fimci Kad\u0131nlar G\u00fc\u00e7leniyor\u201d projesinde, Mersinli 68 gen\u00e7 giri\u015fimci kad\u0131n, sertifikalar\u0131n\u0131 Vali \u00d6zdemir \u00c7akacak\u2019\u0131n elinden ald\u0131lar. \u00c7akacak, kad\u0131nlara projeye haz\u0131rlamaya devam etmeleri \u00e7a\u011fr\u0131s\u0131nda bulundu.<\/p>\n<p>\u201cTar\u0131mda Gen\u00e7 Giri\u015fimci Kad\u0131nlar G\u00fc\u00e7leniyor\u201d projesinin sertifika t\u00f6reni Akdeniz \u0130hracat\u00e7\u0131 Birlikleri\u2019nde yap\u0131ld\u0131. Tar\u0131m alan\u0131nda kad\u0131n giri\u015fimcili\u011finin desteklenmesinin ama\u00e7land\u0131\u011f\u0131 program\u0131n sertifika t\u00f6renine kat\u0131lan Vali \u00c7akacak, t\u00f6ren \u00f6ncesinde, konferans salonu fuayesinde gen\u00e7 giri\u015fimci kad\u0131nlar\u0131n haz\u0131rlad\u0131\u011f\u0131 tar\u0131msal \u00fcretim projelerinin tan\u0131t\u0131ld\u0131\u011f\u0131 \u2018Proje Pazar\u0131\u2019n\u0131n a\u00e7\u0131l\u0131\u015f\u0131n\u0131 ger\u00e7ekle\u015ftirerek, projeler hakk\u0131nda bilgi ald\u0131.<br \/>\n\u201cMersin, 5,5 milyar TL\u2019lik de\u011fer ile bitkisel \u00fcretimde T\u00fcrkiye \u00fc\u00e7\u00fcnc\u00fcs\u00fc\u201d<br \/>\n\u00c7akacak, t\u00f6rende yapt\u0131\u011f\u0131 konu\u015fmada ise gen\u00e7 giri\u015fimci kad\u0131nlar\u0131n giri\u015fimcilik ruhuna ortak olmaktan, ba\u015far\u0131lar\u0131n\u0131 payla\u015fmaktan duydu\u011fu memnuniyeti dile getirdi. Mersin\u2019de sanayi, ticaret, lojistik ve turizmin yan\u0131nda tar\u0131m ve tar\u0131ma dayal\u0131 sanayinin de olduk\u00e7a geli\u015fti\u011fini belirten \u00c7akacak, Mersin\u2019de 400 bin hektara yak\u0131n tar\u0131m arazisinde tar\u0131msal \u00fcretimin her t\u00fcr\u00fcn\u00fcn yap\u0131labildi\u011fine dikkat \u00e7ekti. Mersin\u2019in, 7 milyar TL\u2019lik tar\u0131msal \u00fcretim de\u011feri ile T\u00fcrkiye\u2019nin \u00f6nde gelen tar\u0131m kentlerinden biri oldu\u011funu ifade eden \u00c7akacak, \u00f6zellikle bitkisel \u00fcretim bak\u0131m\u0131ndan 5,5 milyar TL\u2019lik de\u011fer ile Mersin\u2019in T\u00fcrkiye \u00fc\u00e7\u00fcnc\u00fcs\u00fc oldu\u011funu vurgulad\u0131. \u00c7akacak, \u201cMersinli \u00fcretici ve \u00e7ift\u00e7imiz bug\u00fcne kadar g\u00f6sterdikleri \u00fcst\u00fcn ba\u015far\u0131 ile ilimizin ve \u00fclkemizin tar\u0131msal geli\u015fimine ve kalk\u0131nmas\u0131na b\u00fcy\u00fck katk\u0131 sa\u011flamaktad\u0131r. Bu sayede ilimiz tar\u0131msal \u00fcretim de\u011feri ve \u00fcr\u00fcn \u00e7e\u015fitlili\u011fi bak\u0131m\u0131ndan \u00fclkemizin \u00f6nde gelen illerinden biri olma konumunu her ge\u00e7en g\u00fcn daha da ileri noktalara ta\u015f\u0131maktad\u0131r\u201d dedi.<br \/>\n\u201cTar\u0131msal \u00fcretimin geli\u015ftirilmesi noktas\u0131nda kad\u0131nlar\u0131m\u0131za b\u00fcy\u00fck g\u00f6rev d\u00fc\u015fmektedir\u201d<br \/>\nDevletin ve h\u00fck\u00fcmetin hayata ge\u00e7irdi\u011fi yat\u0131r\u0131m, uygulad\u0131\u011f\u0131 te\u015fvik ve verdi\u011fi destekler ile \u00e7ift\u00e7inin her zaman yan\u0131nda olmaya devam etti\u011fini vurgulayan \u00c7akacak, tar\u0131msal \u00fcretimin geli\u015ftirilmesi ve tar\u0131mdan elde edilen katma de\u011ferin art\u0131r\u0131lmas\u0131 noktas\u0131nda kad\u0131nlara b\u00fcy\u00fck g\u00f6rev d\u00fc\u015ft\u00fc\u011f\u00fcn\u00fc s\u00f6yledi. \u00c7akacak, tar\u0131msal destek uygulamalar\u0131n\u0131n, tar\u0131mda bilin\u00e7li \u00fcretimin yayg\u0131nla\u015ft\u0131r\u0131lmas\u0131na, verimlili\u011fin ve kalitenin art\u0131r\u0131lmas\u0131na, teknolojinin etkin kullan\u0131m\u0131n\u0131n sa\u011flanmas\u0131na ve tar\u0131m sekt\u00f6r\u00fcn\u00fcn geli\u015fimine ve ilerlemesine \u00f6nemli katk\u0131lar sa\u011flad\u0131\u011f\u0131n\u0131 dile getirdi. \u00c7akacak, \u201cSa\u011flanan destek ile 68 gen\u00e7 giri\u015fimci kad\u0131n\u0131m\u0131z daha G\u0131da, Tar\u0131m ve Hayvanc\u0131l\u0131k Bakanl\u0131\u011f\u0131m\u0131z\u0131n koordinesinde \u0130\u015eKUR ve KOSGEB i\u015fbirli\u011fiyle haz\u0131rlad\u0131klar\u0131 projeleri hayata ge\u00e7irme noktas\u0131nda \u00f6nemli bir ad\u0131m atm\u0131\u015flard\u0131r. Giri\u015fimcilerimize, \u00fcreticilerimize \u00f6zellikle de kad\u0131nlar\u0131m\u0131za a\u00e7\u0131lan bu ve benzeri desteklerden azami \u00f6l\u00e7\u00fcde yararlanmalar\u0131n\u0131 sa\u011flayacak projeler haz\u0131rlamaya ve ba\u015fvuruda bulunmaya devam etmeleri i\u00e7in bir kez daha \u00e7a\u011fr\u0131da bulunuyorum\u201d diye konu\u015ftu.<br \/>\nMersin Valili\u011fi\u2019nin, kad\u0131nlar\u0131n \u00e7al\u0131\u015fma hayat\u0131nda daha fazla yer almalar\u0131n\u0131 sa\u011flayacak her t\u00fcrl\u00fc giri\u015fimi her zaman destekledi\u011fini ve desteklemeye de devam edece\u011fini kaydeden \u00c7akacak, giri\u015fimci ruhlar\u0131n\u0131 ortaya koyan t\u00fcm kad\u0131nlar\u0131 kutlayarak, Mersin\u2019i \u00fclke genelinde temsil edecek kad\u0131n giri\u015fimcilere ba\u015far\u0131lar diledi.<br \/>\n68 proje sahibi kad\u0131n giri\u015fimciye sertifikalar\u0131n\u0131 veren Vali \u00c7akacak, sertifika t\u00f6reninin ard\u0131ndan proje pazar\u0131nda dereceye giren ilk 3 kad\u0131n giri\u015fimciye te\u015fvik \u00f6d\u00fcl\u00fc verdi.<\/p>\n","protected":false},"excerpt":{"rendered":"<p>G\u0131da, Tar\u0131m ve Hayvanc\u0131l\u0131k Bakanl\u0131\u011f\u0131 taraf\u0131ndan Mersin dahil toplam 16 ilde y\u00fcr\u00fct\u00fclen \u201cTar\u0131mda Gen\u00e7 Giri\u015fimci Kad\u0131nlar G\u00fc\u00e7leniyor\u201d projesinde, Mersinli 68 gen\u00e7 giri\u015fimci kad\u0131n, sertifikalar\u0131n\u0131 Vali \u00d6zdemir \u00c7akacak\u2019\u0131n elinden ald\u0131lar. \u00c7akacak, &hellip; <a href=\"https:\/\/akdenizolaygazetesi.com\/?p=1301\" class=\"more-link\">Devam\u0131n\u0131 Oku&#8230;<\/a><\/p>\n","protected":false},"author":1,"featured_media":0,"comment_status":"open","ping_status":"open","sticky":false,"template":"","format":"standard","meta":[],"categories":[],"tags":[],"_links":{"self":[{"href":"https:\/\/akdenizolaygazetesi.com\/index.php?rest_route=\/wp\/v2\/posts\/1301"}],"collection":[{"href":"https:\/\/akdenizolaygazetesi.com\/index.php?rest_route=\/wp\/v2\/posts"}],"about":[{"href":"https:\/\/akdenizolaygazetesi.com\/index.php?rest_route=\/wp\/v2\/types\/post"}],"author":[{"embeddable":true,"href":"https:\/\/akdenizolaygazetesi.com\/index.php?rest_route=\/wp\/v2\/users\/1"}],"replies":[{"embeddable":true,"href":"https:\/\/akdenizolaygazetesi.com\/index.php?rest_route=%2Fwp%2Fv2%2Fcomments&post=1301"}],"version-history":[{"count":0,"href":"https:\/\/akdenizolaygazetesi.com\/index.php?rest_route=\/wp\/v2\/posts\/1301\/revisions"}],"wp:attachment":[{"href":"https:\/\/akdenizolaygazetesi.com\/index.php?rest_route=%2Fwp%2Fv2%2Fmedia&parent=1301"}],"wp:term":[{"taxonomy":"category","embeddable":true,"href":"https:\/\/akdenizolaygazetesi.com\/index.php?rest_route=%2Fwp%2Fv2%2Fcategories&post=1301"},{"taxonomy":"post_tag","embeddable":true,"href":"https:\/\/akdenizolaygazetesi.com\/index.php?rest_route=%2Fwp%2Fv2%2Ftags&post=1301"}],"curies":[{"name":"wp","href":"https:\/\/api.w.org\/{rel}","templated":true}]}}