{"id":13010,"date":"2021-06-24T13:05:44","date_gmt":"2021-06-24T10:05:44","guid":{"rendered":"http:\/\/akdenizolaygazetesi.com\/?p=13010"},"modified":"2021-06-24T13:05:44","modified_gmt":"2021-06-24T10:05:44","slug":"kadin-emegini-gorunur-kilan-belgesele-mersin-buyuksehirden-buyuk-destek","status":"publish","type":"post","link":"https:\/\/akdenizolaygazetesi.com\/?p=13010","title":{"rendered":"KADIN EME\u011e\u0130N\u0130 G\u00d6R\u00dcN\u00dcR KILAN BELGESELE MERS\u0130N B\u00dcY\u00dcK\u015eEH\u0130R\u2019DEN B\u00dcY\u00dcK DESTEK"},"content":{"rendered":"<p>Mersin\u2019de kad\u0131n eme\u011finin g\u00f6r\u00fcn\u00fcr k\u0131l\u0131nmas\u0131 i\u00e7in \u00f6nemli \u00e7al\u0131\u015fmalara imza atan Mersin B\u00fcy\u00fck\u015fehir Belediye Ba\u015fkan\u0131 Vahap Se\u00e7er, kad\u0131n\u0131 \u00f6nceleyen projelere de destek olmaya devam ediyor. B\u00fcy\u00fck\u015fehir Belediyesi ana sponsorlu\u011funda haz\u0131rlanan 33 Kad\u0131n Belgeseli\u2019nde yer alan kad\u0131nlar, program\u0131n haz\u0131rlay\u0131c\u0131s\u0131 Gazeteci Yazar Ufuk Cavl\u0131 ile birlikte Ba\u015fkan Se\u00e7er\u2019e te\u015fekk\u00fcr ziyareti ger\u00e7ekle\u015ftirdi. Belgesel ekibi, Ba\u015fkan Se\u00e7er\u2019i 25 Haziran 2021 saat 19.00\u2019da Noax Otel\u2019de yap\u0131lacak olan galaya davet ederek, desteklerinden dolay\u0131 plaket takdim etti.<\/p>\n<p>\u201833\u2019 B\u00fcy\u00fck\u015fehir\u2019in destekleri ile tescillendi<\/p>\n<p>Mersin B\u00fcy\u00fck\u015fehir Belediyesi\u2019nin ana sponsorlu\u011funda haz\u0131rlanan belgeselin \u201833\u2019 ismi B\u00fcy\u00fck\u015fehir\u2019in deste\u011fi ile tescillendi ve patenti al\u0131nd\u0131. \u0130lerleyen aylarda Antalya, Hatay, Diyarbak\u0131r, Gaziantep, Mardin, Erzurum, Kars ve \u0130zmir&#8217;de de \u201833\u2019 ismi ile Kad\u0131n Belgeseli \u00e7ekimlerinin yap\u0131lmas\u0131 hedefleniyor.<\/p>\n<p>\u201833 Kad\u0131n 33 Hayat 33 Ba\u015far\u0131 Hikayesi\u2019 alt ba\u015fl\u0131\u011f\u0131 ile belgesel, ma\u011fdur kad\u0131nlar\u0131n aksine g\u00fc\u00e7l\u00fc kad\u0131nlar\u0131 anlat\u0131yor. Kad\u0131nlar\u0131n Mersin\u2019de ya\u015f\u0131yor olmas\u0131, hikayelerinin olmas\u0131, ba\u015far\u0131l\u0131 ve g\u00fc\u00e7l\u00fc olmalar\u0131 ortak \u00f6zellikleri aras\u0131nda yer al\u0131yor. Belgeselde her g\u00f6r\u00fc\u015ften, her inan\u0131\u015ftan kad\u0131nlarla birliktelik sa\u011flan\u0131yor. Her b\u00f6l\u00fcm\u00fc 20 dakika olan belgeselde Mersin\u2019in dokusu hissettiriliyor ve kent tan\u0131t\u0131m\u0131na katk\u0131 sa\u011flanmas\u0131 da ama\u00e7lan\u0131yor.<\/p>\n","protected":false},"excerpt":{"rendered":"<p>Mersin\u2019de kad\u0131n eme\u011finin g\u00f6r\u00fcn\u00fcr k\u0131l\u0131nmas\u0131 i\u00e7in \u00f6nemli \u00e7al\u0131\u015fmalara imza atan Mersin B\u00fcy\u00fck\u015fehir Belediye Ba\u015fkan\u0131 Vahap Se\u00e7er, kad\u0131n\u0131 \u00f6nceleyen projelere de destek olmaya devam ediyor. B\u00fcy\u00fck\u015fehir Belediyesi ana sponsorlu\u011funda haz\u0131rlanan 33 &hellip; <a href=\"https:\/\/akdenizolaygazetesi.com\/?p=13010\" class=\"more-link\">Devam\u0131n\u0131 Oku&#8230;<\/a><\/p>\n","protected":false},"author":2,"featured_media":13011,"comment_status":"open","ping_status":"open","sticky":false,"template":"","format":"standard","meta":[],"categories":[3,5],"tags":[],"_links":{"self":[{"href":"https:\/\/akdenizolaygazetesi.com\/index.php?rest_route=\/wp\/v2\/posts\/13010"}],"collection":[{"href":"https:\/\/akdenizolaygazetesi.com\/index.php?rest_route=\/wp\/v2\/posts"}],"about":[{"href":"https:\/\/akdenizolaygazetesi.com\/index.php?rest_route=\/wp\/v2\/types\/post"}],"author":[{"embeddable":true,"href":"https:\/\/akdenizolaygazetesi.com\/index.php?rest_route=\/wp\/v2\/users\/2"}],"replies":[{"embeddable":true,"href":"https:\/\/akdenizolaygazetesi.com\/index.php?rest_route=%2Fwp%2Fv2%2Fcomments&post=13010"}],"version-history":[{"count":1,"href":"https:\/\/akdenizolaygazetesi.com\/index.php?rest_route=\/wp\/v2\/posts\/13010\/revisions"}],"predecessor-version":[{"id":13012,"href":"https:\/\/akdenizolaygazetesi.com\/index.php?rest_route=\/wp\/v2\/posts\/13010\/revisions\/13012"}],"wp:featuredmedia":[{"embeddable":true,"href":"https:\/\/akdenizolaygazetesi.com\/index.php?rest_route=\/wp\/v2\/media\/13011"}],"wp:attachment":[{"href":"https:\/\/akdenizolaygazetesi.com\/index.php?rest_route=%2Fwp%2Fv2%2Fmedia&parent=13010"}],"wp:term":[{"taxonomy":"category","embeddable":true,"href":"https:\/\/akdenizolaygazetesi.com\/index.php?rest_route=%2Fwp%2Fv2%2Fcategories&post=13010"},{"taxonomy":"post_tag","embeddable":true,"href":"https:\/\/akdenizolaygazetesi.com\/index.php?rest_route=%2Fwp%2Fv2%2Ftags&post=13010"}],"curies":[{"name":"wp","href":"https:\/\/api.w.org\/{rel}","templated":true}]}}