{"id":13013,"date":"2021-06-24T13:07:26","date_gmt":"2021-06-24T10:07:26","guid":{"rendered":"http:\/\/akdenizolaygazetesi.com\/?p=13013"},"modified":"2021-06-24T13:07:26","modified_gmt":"2021-06-24T10:07:26","slug":"buyuksehir-250-bin-lavanta-fidesini-120-uretici-ile-bulusturdu","status":"publish","type":"post","link":"https:\/\/akdenizolaygazetesi.com\/?p=13013","title":{"rendered":"B\u00dcY\u00dcK\u015eEH\u0130R, 250 B\u0130N LAVANTA F\u0130DES\u0130N\u0130 120 \u00dcRET\u0130C\u0130 \u0130LE BULU\u015eTURDU"},"content":{"rendered":"<p>Mersin B\u00fcy\u00fck\u015fehir Belediyesi Tar\u0131msal ve Veteriner Hizmetleri Dairesi, tar\u0131msal alanda hayata ge\u00e7irdi\u011fi projeyle k\u00fc\u00e7\u00fck \u00fcreticileri ekonomik de\u011feri y\u00fcksek ve maliyeti az olan lavanta yeti\u015ftiricili\u011fine te\u015fvik ediyor. Bu y\u0131l ilk olarak Silifke\u2019de da\u011f\u0131t\u0131m\u0131 yap\u0131lan lavanta fideleri, 13 il\u00e7ede toplam 120 \u00fcreticiye ula\u015ft\u0131r\u0131ld\u0131. \u00dcreticiler, toplam 250 bin lavanta fidesini toprakla bulu\u015fturman\u0131n heyecan\u0131n\u0131 ya\u015f\u0131yor.<\/p>\n<p>B\u00fcy\u00fck\u015fehir Belediyesi\u2019nin bu y\u0131lki lavanta fidesi da\u011f\u0131t\u0131mlar\u0131 Silifke\u2019den ba\u015flam\u0131\u015ft\u0131. B\u00fcy\u00fck\u015fehir Belediye Ba\u015fkan\u0131 Vahap Se\u00e7er\u2019in kat\u0131l\u0131m\u0131yla ger\u00e7ekle\u015ftirilen t\u00f6rende Silifkeli \u00fcreticilere 40 bin lavanta fidesi da\u011f\u0131t\u0131ld\u0131 ve \u00fcretilen \u00fcr\u00fcnlerin ya\u011f\u0131n\u0131 \u00e7\u0131karmak i\u00e7in de distilasyon makinesi deste\u011fi sunuldu. Tar\u0131msal ve Veteriner Hizmetleri Dairesi\u2019nin \u00f6nc\u00fcl\u00fc\u011f\u00fcnde ilerleyen d\u00f6nemde Mut ve Silifke\u2019de 19\u2019ar, Tarsus\u2019ta 17, G\u00fclnar\u2019da 13, Erdemli\u2019de 12, Toroslar\u2019da 11, Bozyaz\u0131\u2019da 9, Anamur\u2019da 6, Mezitli\u2019de 5, Ayd\u0131nc\u0131k ve Akdeniz 3\u2019er, Yeni\u015fehir\u2019de 2, \u00c7aml\u0131yayla\u2019da ise 1 \u00fcreticiye lavanta fidesi ula\u015ft\u0131r\u0131ld\u0131.   <\/p>\n<p>\u201cMutlu \u00fcreticiler i\u00e7in bulunmaz bir de\u011fer\u201d<\/p>\n<p>B\u00fcy\u00fck\u015fehir\u2019in \u00e7al\u0131\u015fmalar\u0131 kapsam\u0131nda Mutlu 19 \u00fcreticiye toplam 9 bin 500 lavanta fidesi da\u011f\u0131t\u0131ld\u0131. Mut il\u00e7esinin iklim a\u00e7\u0131s\u0131ndan 12 ay boyunca \u00fcretim yap\u0131labilen bir b\u00f6lge oldu\u011funu ve \u00fcreticilerin \u00fcr\u00fcn \u00e7e\u015fitlili\u011fine b\u00fcy\u00fck ihtiya\u00e7 duyduklar\u0131n\u0131 s\u00f6yleyen Mersin B\u00fcy\u00fck\u015fehir Belediye Meclis \u00dcyesi Salahattin Arslan, \u015funlar\u0131 s\u00f6yledi:<\/p>\n<p>\u201cLavanta bu konuda bulunmaz bir nimet, bir imkan. Pazar pay\u0131 y\u00fcksek ve ciddi bir talep olunan bir \u00fcretim. B\u00f6yle bir \u00fcretime \u00fcreticilerin de katk\u0131 vermesi Mutlu \u00fcreticiler i\u00e7in bulunmaz bir de\u011fer. Bu konuda Mutlu \u00fcreticiler ad\u0131na ben tekrardan Mersin B\u00fcy\u00fck\u015fehir Belediye Ba\u015fkan\u0131m\u0131z\u0131 hem kutlamak hem de te\u015fekk\u00fcr etmek istiyorum. Mersin B\u00fcy\u00fck\u015fehir Belediyesi olarak \u00e7ift\u00e7inin her konuda yan\u0131nda olmak, \u00fcretimin destek\u00e7isi olmak, \u00fcretime katk\u0131 sa\u011flamak istiyoruz. Bu yaln\u0131z Mersin i\u00e7in de\u011fil ayn\u0131 zamanda \u00fclkenin ekonomik milli has\u0131las\u0131na katk\u0131 vermek i\u00e7in ciddi bir \u00e7aba ve m\u00fccadele. Bu \u00e7abay\u0131 da Mersin B\u00fcy\u00fck\u015fehir Belediyemiz fazlas\u0131yla yerine getiriyor.\u201d<\/p>\n<p>\u201cK\u0131ra\u00e7 topraklar\u0131 tar\u0131ma kazand\u0131rm\u0131\u015f olaca\u011f\u0131z\u201d<\/p>\n<p>Mersin B\u00fcy\u00fck\u015fehir Belediyesi Tar\u0131msal ve Veteriner Hizmetleri Dairesi\u2019nde g\u00f6revli \u015eerafettin Ayd\u0131n, lavanta fidesi \u00fcretiminin yayg\u0131nla\u015ft\u0131r\u0131lmas\u0131 i\u00e7in Mersin genelinde da\u011f\u0131t\u0131m yapt\u0131klar\u0131n\u0131 hat\u0131rlatarak, \u201cMut\u2019taki projemiz ile normal meyve, sebze, \u00f6rt\u00fc alt\u0131 \u00fcretimin yap\u0131lamad\u0131\u011f\u0131 k\u0131ra\u00e7, yani tar\u0131mda kullan\u0131lmayan arazileri tar\u0131ma kazand\u0131rarak \u00fcr\u00fcn \u00e7e\u015fidini art\u0131raca\u011f\u0131z. Lavanta fidesi, t\u0131bbi aromatik fide oldu\u011fu i\u00e7in hem i\u00e7 hem d\u0131\u015f pazarda \u00e7ok talep g\u00f6ren bir bitki\u201d dedi.<\/p>\n<p>\u201cBu lavantalar\u0131n Mut\u2019a b\u00fcy\u00fck katk\u0131s\u0131 olacak\u201d<\/p>\n<p>Mut il\u00e7esi Kuma\u00e7ukuru Mahalle Muhtar\u0131 Ali Y\u0131ld\u0131z, ilk kez lavanta fidelerini toprakla bulu\u015fturman\u0131n heyecan\u0131n\u0131 ya\u015fad\u0131klar\u0131n\u0131 belirterek, \u201c\u0130lk defa \u00fcretece\u011fiz. Rak\u0131m olarak \u00e7ok y\u00fcksek oldu\u011fu i\u00e7in da\u011f\u0131t\u0131lan lavanta fidelerinin kalitesi Mut i\u00e7in de \u00e7ok iyi olacak. Bu fideleri bizim Mut\u2019a da \u00f6nerdikleri i\u00e7in \u00e7ok mutluyum. Bu lavantalar\u0131n Mut\u2019a b\u00fcy\u00fck katk\u0131s\u0131 olacak\u201d diye konu\u015ftu.<\/p>\n<p>\u201cMersin b\u00f6lgesinde aromatik bitkilerin de yerini alaca\u011f\u0131n\u0131 umut ediyorum\u201d<\/p>\n<p>Mersin B\u00fcy\u00fck\u015fehir Belediye Ba\u015fkan\u0131 Vahap Se\u00e7er\u2019in tar\u0131m\u0131 destekleyici \u00e7al\u0131\u015fmalar\u0131n\u0131n kendilerini \u00e7ok mutlu etti\u011fini s\u00f6yleyen \u00fcretici Turgay \u00d6zdemir, \u015fu ifadelere yer verdi:<\/p>\n<p>\u201c\u0130n\u015fallah bunlar\u0131 toprakla bulu\u015fturaca\u011f\u0131z. \u0130leriki s\u00fcre\u00e7lerde daha b\u00fcy\u00fck bah\u00e7eler olu\u015fturmak i\u00e7in biz de kentimiz ba\u015fta olmak \u00fczere \u00fclkemize tar\u0131m konusunda hizmet etmeyi planl\u0131yoruz. Lavantay\u0131 ben 2 y\u0131ld\u0131r d\u00fc\u015f\u00fcn\u00fcyordum. \u0130nternetten ara\u015ft\u0131rm\u0131\u015ft\u0131m, hatta arkada\u015flar\u0131ma bahsetti\u011fimde hi\u00e7 inand\u0131r\u0131c\u0131 bulmam\u0131\u015flard\u0131. Bu desteklerle baya\u011f\u0131 bir faaliyeti yayg\u0131nla\u015facak. Gelecek 5-6 y\u0131ll\u0131k d\u00f6nemde Mersin b\u00f6lgesinde aromatik bitkilerin de yerini alaca\u011f\u0131n\u0131 umut ediyorum. Bizler de gerekirse ihracat yapmay\u0131 planl\u0131yoruz. Projelerimiz var. \u00c7ok te\u015fekk\u00fcr ederim. Bu lavantalar\u0131n maliyetinden y\u00fczde 30\u2019unu ben kar\u015f\u0131lad\u0131m. Y\u00fczde 70\u2019ini B\u00fcy\u00fck\u015fehir hibe verdi. Tamam\u0131 hibe olsayd\u0131 insan\u0131z yani belki kuruturduk. Bu destekleri verirken devam\u0131n\u0131n takip edilmesi, \u00fcretim a\u015famas\u0131 teknikleri konusunda gerekli bilgilerin verilmesi, az da olsa \u00fcreticiden katk\u0131 pay\u0131 al\u0131nmas\u0131 do\u011fru bir yakla\u015f\u0131m. Kendilerini kutluyorum.\u201d<\/p>\n","protected":false},"excerpt":{"rendered":"<p>Mersin B\u00fcy\u00fck\u015fehir Belediyesi Tar\u0131msal ve Veteriner Hizmetleri Dairesi, tar\u0131msal alanda hayata ge\u00e7irdi\u011fi projeyle k\u00fc\u00e7\u00fck \u00fcreticileri ekonomik de\u011feri y\u00fcksek ve maliyeti az olan lavanta yeti\u015ftiricili\u011fine te\u015fvik ediyor. Bu y\u0131l ilk olarak &hellip; <a href=\"https:\/\/akdenizolaygazetesi.com\/?p=13013\" class=\"more-link\">Devam\u0131n\u0131 Oku&#8230;<\/a><\/p>\n","protected":false},"author":2,"featured_media":13014,"comment_status":"open","ping_status":"open","sticky":false,"template":"","format":"standard","meta":[],"categories":[8,3,5],"tags":[],"_links":{"self":[{"href":"https:\/\/akdenizolaygazetesi.com\/index.php?rest_route=\/wp\/v2\/posts\/13013"}],"collection":[{"href":"https:\/\/akdenizolaygazetesi.com\/index.php?rest_route=\/wp\/v2\/posts"}],"about":[{"href":"https:\/\/akdenizolaygazetesi.com\/index.php?rest_route=\/wp\/v2\/types\/post"}],"author":[{"embeddable":true,"href":"https:\/\/akdenizolaygazetesi.com\/index.php?rest_route=\/wp\/v2\/users\/2"}],"replies":[{"embeddable":true,"href":"https:\/\/akdenizolaygazetesi.com\/index.php?rest_route=%2Fwp%2Fv2%2Fcomments&post=13013"}],"version-history":[{"count":1,"href":"https:\/\/akdenizolaygazetesi.com\/index.php?rest_route=\/wp\/v2\/posts\/13013\/revisions"}],"predecessor-version":[{"id":13015,"href":"https:\/\/akdenizolaygazetesi.com\/index.php?rest_route=\/wp\/v2\/posts\/13013\/revisions\/13015"}],"wp:featuredmedia":[{"embeddable":true,"href":"https:\/\/akdenizolaygazetesi.com\/index.php?rest_route=\/wp\/v2\/media\/13014"}],"wp:attachment":[{"href":"https:\/\/akdenizolaygazetesi.com\/index.php?rest_route=%2Fwp%2Fv2%2Fmedia&parent=13013"}],"wp:term":[{"taxonomy":"category","embeddable":true,"href":"https:\/\/akdenizolaygazetesi.com\/index.php?rest_route=%2Fwp%2Fv2%2Fcategories&post=13013"},{"taxonomy":"post_tag","embeddable":true,"href":"https:\/\/akdenizolaygazetesi.com\/index.php?rest_route=%2Fwp%2Fv2%2Ftags&post=13013"}],"curies":[{"name":"wp","href":"https:\/\/api.w.org\/{rel}","templated":true}]}}