{"id":13027,"date":"2021-06-25T12:36:58","date_gmt":"2021-06-25T09:36:58","guid":{"rendered":"http:\/\/akdenizolaygazetesi.com\/?p=13027"},"modified":"2021-06-25T12:36:58","modified_gmt":"2021-06-25T09:36:58","slug":"secer-medekanin-edebiyat-ve-sinema-kurulu-uyeleri-ile-bir-araya-geldi","status":"publish","type":"post","link":"https:\/\/akdenizolaygazetesi.com\/?p=13027","title":{"rendered":"SE\u00c7ER, MEDEKA\u2019NIN EDEB\u0130YAT VE S\u0130NEMA KURULU \u00dcYELER\u0130 \u0130LE B\u0130R ARAYA GELD\u0130"},"content":{"rendered":"<p>Mersin B\u00fcy\u00fck\u015fehir Belediye Ba\u015fkan\u0131 Vahap Se\u00e7er, Mersin\u2019in de\u011ferlerinin g\u00fcn \u0131\u015f\u0131\u011f\u0131na \u00e7\u0131kar\u0131lmas\u0131 i\u00e7in olu\u015fturulan Mersin\u2019e De\u011fer Katanlar Kurulu\u2019nun (MEDEKA) Edebiyat ve Sinema Kurulu \u00fcyeleri ile bir araya geldi. Ba\u015fkan Se\u00e7er, \u201cBen sizinle Mersin ad\u0131na yap\u0131lacak her t\u00fcrl\u00fc g\u00fczel i\u015flerde var\u0131m\u201d dedi. Ba\u015fkan Se\u00e7er, 15 alt kurulu bulunan MEDEKA\u2019n\u0131n di\u011fer kurullar\u0131 ile de belirli zaman aral\u0131klar\u0131nda bir araya gelmeye devam edecek.<\/p>\n<p>\u201cYola \u00e7\u0131k\u0131\u015f amac\u0131m\u0131z bir k\u00f6\u015fede unutulan de\u011ferlerimizi a\u00e7\u0131\u011fa \u00e7\u0131karmak\u201d<\/p>\n<p>Ba\u015fkan Vahap Se\u00e7er, \u00e7ok b\u00fcy\u00fck \u00f6nem ve de\u011fer verdikleri bir \u00e7al\u0131\u015fmay\u0131 Mersin\u2019de ba\u015flatm\u0131\u015f olman\u0131n mutlulu\u011funu ya\u015fad\u0131klar\u0131n\u0131, \u00e7ok de\u011ferli sonu\u00e7lar alacaklar\u0131n\u0131 kaydederek, \u201cYola \u00e7\u0131k\u0131\u015f amac\u0131m\u0131z; ge\u00e7mi\u015ften bug\u00fcne, bug\u00fcnden yar\u0131nlara, Mersin\u2019in her a\u00e7\u0131dan de\u011ferlerini ortaya \u00e7\u0131karacak, bundan sonraki ku\u015faklara ta\u015f\u0131yacak, bug\u00fcne kadar \u00fcst\u00fc \u00f6rt\u00fcl\u00fc kalan ya da yok say\u0131lan ya da g\u00f6rmezlikten gelinen ya da bir k\u00f6\u015fede unutulan de\u011ferlerimizi a\u00e7\u0131\u011fa \u00e7\u0131karmak. Bu potansiyelleri a\u00e7\u0131\u011fa \u00e7\u0131karmak. Mersin\u2019in tarihine, k\u00fclt\u00fcr\u00fcne, birikimine yara\u015f\u0131r bir k\u00fclt\u00fcr, sanat, tarih, edebiyat, sinema, bu alanda akl\u0131n\u0131za gelebilecek her t\u00fcrl\u00fc konuda bir de\u011fer yaratmak, de\u011fer katmak\u201d dedi.<\/p>\n<p>\u201cBelediyemiz bu yap\u0131n\u0131n, bu kurumun emrine amade\u201d<\/p>\n<p>MEDEKA\u2019n\u0131n ilk g\u00fcnlerinin emekleme d\u00f6nemleri oldu\u011funu ifade eden Ba\u015fkan Se\u00e7er, \u00e7al\u0131\u015fmalar\u0131n belli bir sistemati\u011fe oturdu\u011fu zaman daha \u00e7ok keyif verece\u011fini kaydetti. Se\u00e7er, \u201cBak\u0131\u015f a\u00e7\u0131m\u0131z belli, d\u00fcnya g\u00f6r\u00fc\u015f\u00fcm\u00fcz belli, ya\u015fam bi\u00e7imimiz belli. Olaylar\u0131 de\u011ferlendirme bi\u00e7imimiz belli. Ben kentin Belediye Ba\u015fkan\u0131 olarak, Mersin\u2019i sek\u00fcler, rengarenk, T\u00fcrkiye\u2019nin bir izd\u00fc\u015f\u00fcm\u00fc ve \u00e7ok \u00f6nemli, de\u011ferli; hem b\u00f6lgede hem d\u00fcnyada sadece \u00fclkemizde de\u011fil; bir co\u011frafya olarak, bir kent olarak de\u011ferlendiriyorum. Bu anlamda da Mersin\u2019e hizmet etmek istiyorum. Ama bunu bir ba\u015f\u0131ma, bir belediye ba\u015fkan\u0131n\u0131n her anlamda bilgi birikiminin yeterli olmad\u0131\u011f\u0131n\u0131 da biliyorum. Onun i\u00e7in de bunu a\u00e7\u0131kl\u0131kla ifade etmek isterim. G\u00f6n\u00fcll\u00fc sava\u015f\u00e7\u0131lara, m\u00fccadele insanlar\u0131na ihtiyac\u0131m\u0131z var. Hep beraber bunu yapmak zorunday\u0131z. Sizlerin de bu d\u00fc\u015f\u00fcnceler i\u00e7erisinde katk\u0131 verece\u011finizi d\u00fc\u015f\u00fcn\u00fcyorum. \u00c7al\u0131\u015fma ortamlar\u0131, olu\u015fabilecek \u00e7al\u0131\u015fmalara lojistik destek, akl\u0131n\u0131za gelebilecek her t\u00fcrl\u00fc konuda Belediyemiz bu yap\u0131n\u0131n, bu kurumun emrine amade. \u0130n\u015fallah \u00e7ok g\u00fczel \u00e7al\u0131\u015fmalar yapaca\u011f\u0131z. Umut ediyorum \u00e7ok da g\u00fczel de\u011ferleri hep beraber tekrar g\u00fcn \u0131\u015f\u0131\u011f\u0131na \u00e7\u0131karaca\u011f\u0131z\u201d diye konu\u015ftu.<\/p>\n<p>Ba\u015fkan Se\u00e7er\u2019in konu\u015fmas\u0131n\u0131n ard\u0131ndan kurul \u00fcyeleri \u00f6nerilerini sunup, fikir al\u0131\u015fveri\u015finde bulundu. Kurullar\u0131 hakk\u0131nda bilgi verip, d\u00fczenlenmeyi planlad\u0131klar\u0131 proje, festival ve etkinlikler ile ilgili bilgi payla\u015f\u0131m\u0131 yapan \u00fcyeler, ayr\u0131ca b\u00f6yle bir kurulu olu\u015fturdu\u011fu ve MEDEKA\u2019ya sundu\u011fu katk\u0131lar i\u00e7in Ba\u015fkan Se\u00e7er\u2019e te\u015fekk\u00fcrlerini iletti. Kurul \u00fcyeleri MEDEKA\u2019n\u0131n kent ad\u0131na \u00e7ok verimli katk\u0131lar sunaca\u011f\u0131n\u0131 da ifade etti. Edebiyat Kurulu \u00dcyesi Mehmet Ali El\u00e7in de okudu\u011fu \u2018Bing\u00f6l \u00c7obanlar\u0131\u2019 \u015fiiri ile toplant\u0131ya renk katt\u0131.<\/p>\n<p>\u201cBenim amac\u0131m i\u015fi sahibine b\u0131rakmak\u201d<\/p>\n<p>Ba\u015fkan Se\u00e7er, \u00f6nerileri tek tek dinleyip, notlar\u0131n\u0131 ald\u0131ktan sonra de\u011ferlendirmede bulunarak \u00f6nemli olan\u0131n Mersin\u2019e de\u011fer katmak oldu\u011funu belirtti. Ba\u015fkan Se\u00e7er, \u201c\u015eimdi ben bu kaynaklar\u0131, milletin paras\u0131n\u0131 aktaraca\u011f\u0131m size. Benim param de\u011fil. Benim kentime de\u011fer katmal\u0131, duyurmal\u0131, bilinmeli. Ben kurumlar\u0131n, ki\u015filerin reklam\u0131, egolar\u0131 ad\u0131na bu paralar\u0131 harcayamam. Onun i\u00e7in MEDEKA var. Yap\u0131lan da halk i\u00e7in yap\u0131l\u0131yorsa gerisi benim i\u00e7in teferruat. Buran\u0131n amac\u0131 e\u015fg\u00fcd\u00fcm\u00fc sa\u011flamak, koordineli gitmek, ne yapt\u0131\u011f\u0131m\u0131z\u0131, ne yapaca\u011f\u0131m\u0131z\u0131 bilmek. Yapt\u0131klar\u0131m\u0131z konusunda burada ben de rahatl\u0131yorum. Yanl\u0131\u015f bir \u015fey yap\u0131lm\u0131\u015fsa kurul burada, halka gitsinler hesap versinler. Do\u011fru bir \u015fey yap\u0131lm\u0131\u015fsa bununla onlar yine iftihar etsin, onlar \u00f6v\u00fcn\u00e7 duysun. Benim amac\u0131m bu. Yani i\u015fi sahibine b\u0131rakmak\u201d diye konu\u015ftu.<\/p>\n<p>Se\u00e7er, \u00fcyelerin \u00f6neri ve sorular\u0131na cevap verdi<\/p>\n<p>Se\u00e7er, \u00fcyelerden gelen, \u00f6zellikle k\u0131rsalda ya\u015fayan yetenekli k\u0131z ve erkek \u00f6\u011frenciler i\u00e7in yurt yap\u0131lmas\u0131 \u00f6nerisini cevaplay\u0131p, B\u00fcy\u00fck\u015fehir Belediyesi olarak G\u00fclnar il\u00e7esinde 120 kapasiteli yurt yap\u0131ld\u0131\u011f\u0131 bilgisini payla\u015ft\u0131. Eski Mersin \u00dcniversite Hastanesi\u2019ni de protokol ile ald\u0131klar\u0131n\u0131 belirten Se\u00e7er, B\u00fcy\u00fck\u015fehir Belediyesi\u2019nin K\u0131r \u00c7i\u00e7ekleri Projesi\u2019nden de bahsetti. Manevi olarak 55 k\u0131z\u0131n\u0131n oldu\u011funu belirten Se\u00e7er, \u00f6n\u00fcm\u00fczdeki g\u00fcnlerde k\u0131z \u00f6\u011frenci say\u0131s\u0131n\u0131n artaca\u011f\u0131n\u0131 da s\u00f6yledi. E\u011fitimde f\u0131rsat e\u015fitli\u011fine \u00f6nem verdiklerini belirten Se\u00e7er, B\u00fcy\u00fck\u015fehir olarak e\u011fitim alan\u0131nda hayata ge\u00e7irdikleri projeleri de tek tek payla\u015ft\u0131.<\/p>\n<p>Edebiyat Kurulu \u00fcyelerinin kitap bas\u0131m\u0131 konusunda matbaa \u00f6nerisini de\u011ferlendiren Se\u00e7er,  \u201cBiz her t\u00fcrl\u00fc lojistik deste\u011fi sa\u011flar\u0131z\u201d dedi. Se\u00e7er, ayr\u0131ca sanatsal faaliyetlerin y\u00fcr\u00fct\u00fclece\u011fi k\u00fclt\u00fcr merkezleri hakk\u0131nda da de\u011ferlendirme yaparken, tarihi kent merkezinin yenilenmesi konusunda belediye olarak yapt\u0131klar\u0131 \u00e7al\u0131\u015fmalar\u0131 payla\u015ft\u0131.<\/p>\n<p>\u201cBen sizinle Mersin ad\u0131na yap\u0131lacak her t\u00fcrl\u00fc g\u00fczel i\u015flerde var\u0131m\u201d<\/p>\n<p>Se\u00e7er, MEDEKA\u2019n\u0131n di\u011fer kurul \u00fcyeleri ile de yak\u0131nda zamanda bir araya geleceklerini belirterek, \u015f\u00f6yle devam etti:<\/p>\n<p>\u201cBir sistem olu\u015ftural\u0131m, \u00e7ok de\u011ferli bir sistem olsun bu. T\u0131k\u0131r t\u0131k\u0131r bu mekanizma i\u015flesin. Burada \u00f6yle k\u00f6\u015fe noktalar\u0131 \u00e7izelim ki, \u00f6yle i\u015fler ba\u015flatal\u0131m ki, \u00f6rne\u011fin k\u00fclt\u00fcr ve sanat dal\u0131nda \u00f6d\u00fcller, festivaller, etkinlikler geleneksel hale gelsin. Art\u0131k o kentin de\u011feri olsun. Vahap Ba\u015fkan\u2019\u0131n, Ahmet Ba\u015fkan\u2019\u0131n, Mehmet Ba\u015fkan\u2019\u0131n de\u011fil, kentin de\u011feri olsun. Ben \u00e7ok iyi, g\u00fczel projeler \u00e7\u0131kaca\u011f\u0131na inan\u0131yorum, hepimizi mutlu edecek sonu\u00e7lar g\u00f6rece\u011fiz. Mersin mutluysa ben mutluyum. Mersin keyifliyse ben keyifliyim. Mersin yap\u0131lan i\u015ften keyif al\u0131yorsa, haz duyuyorsa ben de keyif al\u0131yorum, haz al\u0131yorum. Kafam\u0131n arkas\u0131nda en ufak bir hesap dahi yok. Onun i\u00e7in ben sizinle Mersin ad\u0131na yap\u0131lacak her t\u00fcrl\u00fc g\u00fczel i\u015flerde var\u0131m.\u201d<\/p>\n<p>MEDEKA\u2019n\u0131n toplam 15 alt kurulu bulunuyor<\/p>\n<p>Mersin B\u00fcy\u00fck\u015fehir Belediyesi, MEDEKA arac\u0131l\u0131\u011f\u0131yla kente de\u011fer katacak bir gelene\u011fi ba\u015flatt\u0131, B\u00fcy\u00fck\u015fehir, MEDEKA arac\u0131l\u0131\u011f\u0131yla kentte yap\u0131lacak etkinlikler konusunda kentin b\u00fct\u00fcn dinamiklerinin fikirlerini ve katk\u0131lar\u0131n\u0131 alarak kat\u0131l\u0131mc\u0131 bir modeli de hayata ge\u00e7irdi. MEDEKA b\u00fcnyesinde Edebiyat, M\u00fczik, Foto\u011fraf, Sinema, Sahne Sanatlar\u0131, Plastik Sanatlar, Spor, Gastronomi, Arkeoloji-Turizm, Kent Mimarisi ve Esteti\u011fi, Kent Tarihi Ara\u015ft\u0131rmalar\u0131, Kent Belle\u011fi, Kent El\u00e7ileri, Akademik Ara\u015ft\u0131rma ve Kent Geli\u015fimine Katk\u0131 olmak \u00fczere toplam 15 alt kurul yer al\u0131yor.<\/p>\n<p>MEDEKA arac\u0131l\u0131\u011f\u0131yla kent kimli\u011fi ve k\u00fclt\u00fcr\u00fcn\u00fcn geli\u015ftirilmesi hedefleniyor<\/p>\n<p>B\u00fcy\u00fck\u015fehir, kentte sanat, bilim, k\u00fclt\u00fcr, mimari, tarih, spor ve turizm gibi alanlarda farkl\u0131 \u00e7al\u0131\u015fmalar y\u00fcr\u00fcterek Mersin\u2019i bir k\u00fclt\u00fcr-sanat ve spor \u015fehri haline getirmek i\u00e7in \u00e7aba g\u00f6steriyor. Bu anlamda kente de\u011fer katacak \u00e7al\u0131\u015fmalar\u0131 yayg\u0131nla\u015ft\u0131rmak i\u00e7in ilgili daire ba\u015fkanl\u0131klar\u0131 da \u00e7al\u0131\u015fmalar ger\u00e7ekle\u015ftiriyor. MEDEKA arac\u0131l\u0131\u011f\u0131yla, Mersin\u2019de kent kimli\u011fi ve k\u00fclt\u00fcr\u00fcn\u00fcn olu\u015fturulmas\u0131na katk\u0131 sa\u011flayan ki\u015fi ve gruplar\u0131n desteklenmesini ve b\u00f6ylece kent kimli\u011fi ile k\u00fclt\u00fcr\u00fcn\u00fcn geli\u015ftirilmesini hedefleyen B\u00fcy\u00fck\u015fehir, bu kapsamda ger\u00e7ekle\u015ftirilmesi \u00f6ng\u00f6r\u00fclen faaliyetler sayesinde sanat, bilim, k\u00fclt\u00fcr, mimari, tarih, spor, turizm gibi alanlarda ge\u00e7mi\u015ften g\u00fcn\u00fcm\u00fcze kadar kente de\u011fer katan ki\u015fi ve gruplar\u0131n onurland\u0131r\u0131lmas\u0131n\u0131n yan\u0131 s\u0131ra gelecek ku\u015faklar\u0131n ve yeni nesillerin bu anlamda motive edilmesinin de \u00f6n\u00fcn\u00fc a\u00e7may\u0131 planl\u0131yor.<\/p>\n<p>B\u00fcy\u00fck\u015fehir kent belle\u011finin kuvvetlendirilmesini ama\u00e7l\u0131yor<\/p>\n<p>B\u00fcy\u00fck\u015fehir Belediyesi, ge\u00e7mi\u015fte Mersin\u2019e dair yap\u0131lm\u0131\u015f, kent k\u00fclt\u00fcr\u00fcne katk\u0131 sa\u011flam\u0131\u015f faaliyetler, \u00e7al\u0131\u015fmalar ve \u00fcr\u00fcnlerin bir araya getirilmesi, muhafaza edilmesi ve geli\u015ftirilmesi yoluyla kent belle\u011finin kuvvetlendirilmesini ama\u00e7l\u0131yor. B\u00f6ylece ger\u00e7ekle\u015ftirilen faaliyetler bir e\u015fg\u00fcd\u00fcm i\u00e7erisinde hayata ge\u00e7irilecek ve yerel y\u00f6netimin kent ya\u015fam\u0131n\u0131n her alan\u0131nda kat\u0131l\u0131mc\u0131 ve etkin politikalar olu\u015fturmas\u0131 ve uygulamas\u0131n\u0131n da \u00f6n\u00fc a\u00e7\u0131lacak.<\/p>\n","protected":false},"excerpt":{"rendered":"<p>Mersin B\u00fcy\u00fck\u015fehir Belediye Ba\u015fkan\u0131 Vahap Se\u00e7er, Mersin\u2019in de\u011ferlerinin g\u00fcn \u0131\u015f\u0131\u011f\u0131na \u00e7\u0131kar\u0131lmas\u0131 i\u00e7in olu\u015fturulan Mersin\u2019e De\u011fer Katanlar Kurulu\u2019nun (MEDEKA) Edebiyat ve Sinema Kurulu \u00fcyeleri ile bir araya geldi. Ba\u015fkan Se\u00e7er, \u201cBen &hellip; <a href=\"https:\/\/akdenizolaygazetesi.com\/?p=13027\" class=\"more-link\">Devam\u0131n\u0131 Oku&#8230;<\/a><\/p>\n","protected":false},"author":2,"featured_media":13028,"comment_status":"open","ping_status":"open","sticky":false,"template":"","format":"standard","meta":[],"categories":[2,3],"tags":[],"_links":{"self":[{"href":"https:\/\/akdenizolaygazetesi.com\/index.php?rest_route=\/wp\/v2\/posts\/13027"}],"collection":[{"href":"https:\/\/akdenizolaygazetesi.com\/index.php?rest_route=\/wp\/v2\/posts"}],"about":[{"href":"https:\/\/akdenizolaygazetesi.com\/index.php?rest_route=\/wp\/v2\/types\/post"}],"author":[{"embeddable":true,"href":"https:\/\/akdenizolaygazetesi.com\/index.php?rest_route=\/wp\/v2\/users\/2"}],"replies":[{"embeddable":true,"href":"https:\/\/akdenizolaygazetesi.com\/index.php?rest_route=%2Fwp%2Fv2%2Fcomments&post=13027"}],"version-history":[{"count":1,"href":"https:\/\/akdenizolaygazetesi.com\/index.php?rest_route=\/wp\/v2\/posts\/13027\/revisions"}],"predecessor-version":[{"id":13029,"href":"https:\/\/akdenizolaygazetesi.com\/index.php?rest_route=\/wp\/v2\/posts\/13027\/revisions\/13029"}],"wp:featuredmedia":[{"embeddable":true,"href":"https:\/\/akdenizolaygazetesi.com\/index.php?rest_route=\/wp\/v2\/media\/13028"}],"wp:attachment":[{"href":"https:\/\/akdenizolaygazetesi.com\/index.php?rest_route=%2Fwp%2Fv2%2Fmedia&parent=13027"}],"wp:term":[{"taxonomy":"category","embeddable":true,"href":"https:\/\/akdenizolaygazetesi.com\/index.php?rest_route=%2Fwp%2Fv2%2Fcategories&post=13027"},{"taxonomy":"post_tag","embeddable":true,"href":"https:\/\/akdenizolaygazetesi.com\/index.php?rest_route=%2Fwp%2Fv2%2Ftags&post=13027"}],"curies":[{"name":"wp","href":"https:\/\/api.w.org\/{rel}","templated":true}]}}