{"id":1303,"date":"2020-11-04T18:21:52","date_gmt":"2020-11-04T15:21:52","guid":{"rendered":"http:\/\/mersinekonomipolitikagazetesi.com\/?p=1303"},"modified":"2020-11-04T18:21:52","modified_gmt":"2020-11-04T15:21:52","slug":"ramazan-ruhu-ulu-cami-meydanini-saracak","status":"publish","type":"post","link":"https:\/\/akdenizolaygazetesi.com\/?p=1303","title":{"rendered":"Ramazan ruhu Ulu Cami meydan\u0131n\u0131 saracak"},"content":{"rendered":"<p>Mersin B\u00fcy\u00fck\u015fehir Belediyesi, birlik, beraberlik, yard\u0131mla\u015fma, dayan\u0131\u015fma ve payla\u015fman\u0131n simgesi olan 11 ay\u0131n sultan\u0131 Ramazan ay\u0131n\u0131 dolu dolu bir etkinlik program\u0131 ile kar\u015f\u0131l\u0131yor. B\u00fcy\u00fck\u015fehir Belediyesi taraf\u0131ndan haz\u0131rlanan Ramazan program\u0131 ile Mersin\u2019de bu y\u0131l da Ramazan ay\u0131 manevi bir atmosferde ya\u015fanacak.<\/p>\n<p>B\u00fcy\u00fck\u015fehir Belediyesi taraf\u0131ndan \u00f6nceki y\u0131llarda \u00d6zgecan Aslan Bar\u0131\u015f Meydan\u0131\u2019nda ger\u00e7ekle\u015ftirilen Ramazan etkinlikleri, bu y\u0131l Ulu Cami Meydan\u0131\u2019nda Mersin halk\u0131 ile bulu\u015facak. Ramazan ay\u0131n\u0131n bereketini, feyzini ve uhrevi havas\u0131n\u0131 ya\u015fatmak ad\u0131na B\u00fcy\u00fck\u015fehir Belediyesi taraf\u0131ndan geleneksel hale getirilen ve bu y\u0131l 4.\u2019s\u00fc ger\u00e7ekle\u015ftirilecek olan Ramazan program\u0131nda birbirinden farkl\u0131 ve renkli etkinlikler d\u00fczenlenecek. 27 May\u0131s-24 Haziran tarihleri aras\u0131nda Ulu Cami yan\u0131nda kurulacak etkinlik alan\u0131n\u0131n yan\u0131 s\u0131ra Cumhuriyet Meydan\u0131 ve Amfi Tiyatro\u2019da ger\u00e7ekle\u015ftirilen \u00e7e\u015fitli etkinliklerle Mersin halk\u0131 Ramazan\u2019\u0131 t\u00fcm maneviyat\u0131yla ya\u015fama imkan\u0131 bulacak. B\u00fcy\u00fck\u015fehir Belediyesi, Ramazan ay\u0131 boyunca Ulu Cami Meydan\u0131\u2019nda verece\u011fi iftar yemeklerinin yan\u0131 s\u0131ra geleneksel Ramazan ak\u015famlar\u0131n\u0131 ya\u015fatmak ad\u0131na iftar saatinden sonra vatanda\u015flar i\u00e7in \u00f6zel bir program haz\u0131rlad\u0131. Kur\u2019an-\u0131 Kerim k\u0131raat\u0131, meddah, ortaoyunu, \u015fiir dinletileri, Karag\u00f6z ve Hacivat g\u00f6sterileri, Arap Bac\u0131dan inciler, Semazen g\u00f6sterileri, Tuzsuz Deli Bekir-\u00c7elebi H\u00fcsamettin Muhaveresi ve Kavuklu-Pi\u015fekar gibi g\u00f6sterilerin d\u00fczenlenece\u011fi etkinliklerde vatanda\u015flar unutulmaz bir Ramazan ge\u00e7irecek.<br \/>\nRamazan ay\u0131 boyunca kurulacak etkinlik alan\u0131nda \u00e7ocuklar\u0131 da unutmayan B\u00fcy\u00fck\u015fehir Belediyesi, d\u00fczenleyece\u011fi yar\u0131\u015fmalar, y\u00fcz boyama etkinli\u011fi, ate\u015fbaz g\u00f6sterileri ile de \u00e7ocuklar\u0131n e\u011flenmesini sa\u011flayacak. Bir ay devam edecek olan ve bir\u00e7ok aktiviteye ev sahipli\u011fi yapacak etkinlikler, her g\u00fcn 19.30\u2019da ba\u015flayacak ve 24.00\u2019e kadar s\u00fcrecek. Kadir Gecesi dolay\u0131s\u0131yla d\u00fczenlenecek \u00f6zel programla da Mersin halk\u0131 maneviyat\u0131n doruklar\u0131na ula\u015facak. Ramazan etkinlikleri s\u00fcresince, Mustafa Ceceli, Zara, Musa Ero\u011flu, Mustafa Y\u0131ld\u0131zdo\u011fan, K\u0131ra\u00e7, A\u015f\u0131k Sefai gibi \u00fcnl\u00fc sanat\u00e7\u0131lar verece\u011fi konserlerle Mersinli vatanda\u015flarla bulu\u015furken, Ramazan boyunca ger\u00e7ekle\u015ftirilecek olan tasavvuf konserleri ve \u015fiir dinletileri ise Mersin halk\u0131n\u0131 manevi bir yolculu\u011fa \u00e7\u0131kartacak.<\/p>\n","protected":false},"excerpt":{"rendered":"<p>Mersin B\u00fcy\u00fck\u015fehir Belediyesi, birlik, beraberlik, yard\u0131mla\u015fma, dayan\u0131\u015fma ve payla\u015fman\u0131n simgesi olan 11 ay\u0131n sultan\u0131 Ramazan ay\u0131n\u0131 dolu dolu bir etkinlik program\u0131 ile kar\u015f\u0131l\u0131yor. B\u00fcy\u00fck\u015fehir Belediyesi taraf\u0131ndan haz\u0131rlanan Ramazan program\u0131 ile &hellip; <a href=\"https:\/\/akdenizolaygazetesi.com\/?p=1303\" class=\"more-link\">Devam\u0131n\u0131 Oku&#8230;<\/a><\/p>\n","protected":false},"author":1,"featured_media":0,"comment_status":"open","ping_status":"open","sticky":false,"template":"","format":"standard","meta":[],"categories":[],"tags":[],"_links":{"self":[{"href":"https:\/\/akdenizolaygazetesi.com\/index.php?rest_route=\/wp\/v2\/posts\/1303"}],"collection":[{"href":"https:\/\/akdenizolaygazetesi.com\/index.php?rest_route=\/wp\/v2\/posts"}],"about":[{"href":"https:\/\/akdenizolaygazetesi.com\/index.php?rest_route=\/wp\/v2\/types\/post"}],"author":[{"embeddable":true,"href":"https:\/\/akdenizolaygazetesi.com\/index.php?rest_route=\/wp\/v2\/users\/1"}],"replies":[{"embeddable":true,"href":"https:\/\/akdenizolaygazetesi.com\/index.php?rest_route=%2Fwp%2Fv2%2Fcomments&post=1303"}],"version-history":[{"count":0,"href":"https:\/\/akdenizolaygazetesi.com\/index.php?rest_route=\/wp\/v2\/posts\/1303\/revisions"}],"wp:attachment":[{"href":"https:\/\/akdenizolaygazetesi.com\/index.php?rest_route=%2Fwp%2Fv2%2Fmedia&parent=1303"}],"wp:term":[{"taxonomy":"category","embeddable":true,"href":"https:\/\/akdenizolaygazetesi.com\/index.php?rest_route=%2Fwp%2Fv2%2Fcategories&post=1303"},{"taxonomy":"post_tag","embeddable":true,"href":"https:\/\/akdenizolaygazetesi.com\/index.php?rest_route=%2Fwp%2Fv2%2Ftags&post=1303"}],"curies":[{"name":"wp","href":"https:\/\/api.w.org\/{rel}","templated":true}]}}