{"id":13030,"date":"2021-06-25T12:39:49","date_gmt":"2021-06-25T09:39:49","guid":{"rendered":"http:\/\/akdenizolaygazetesi.com\/?p=13030"},"modified":"2021-06-25T12:39:49","modified_gmt":"2021-06-25T09:39:49","slug":"merkezde-ucretsiz-saglik-danismanligi-hizmeti-veriliyor","status":"publish","type":"post","link":"https:\/\/akdenizolaygazetesi.com\/?p=13030","title":{"rendered":"MERKEZDE \u00dcCRETS\u0130Z SA\u011eLIK DANI\u015eMANLI\u011eI H\u0130ZMET\u0130 VER\u0130L\u0130YOR"},"content":{"rendered":"<p>Mersin B\u00fcy\u00fck\u015fehir Belediyesi Engelliler ve Sa\u011fl\u0131k Hizmetleri Dairesi Halk Sa\u011fl\u0131\u011f\u0131 ve Denetim \u015eube M\u00fcd\u00fcrl\u00fc\u011f\u00fc taraf\u0131ndan 8 Mart D\u00fcnya Kad\u0131nlar G\u00fcn\u00fc\u2019nde a\u00e7\u0131lan \u2018Kad\u0131n Sa\u011fl\u0131\u011f\u0131 Dan\u0131\u015fma Merkezi\u2019 hizmetlerine devam ediyor. Merkezin pandemi d\u00f6nemindeki kapanmalar nedeniyle ara verdi\u011fi hizmetleri, normalle\u015fme ad\u0131mlar\u0131n\u0131n at\u0131lmas\u0131yla birlikte kald\u0131\u011f\u0131 yerden devam ediyor.<\/p>\n<p>Kad\u0131nlara y\u00f6nelik sa\u011fl\u0131k dan\u0131\u015fmanl\u0131\u011f\u0131 hizmeti veriliyor<\/p>\n<p>Merkez, Engelliler ve Sa\u011fl\u0131k Hizmetleri Dairesi ile D\u0131\u015f \u0130li\u015fkiler ve Projeler \u015eube M\u00fcd\u00fcrl\u00fc\u011f\u00fc\u2019n\u00fcn i\u015f birli\u011finde Uluslararas\u0131 G\u00f6\u00e7 \u00d6rg\u00fct\u00fc\u2019n\u00fcn (IOM) deste\u011fiyle hayata ge\u00e7irilmi\u015fti. Merkezin i\u00e7 tefri\u015fat ve medikal malzemeleri IOM taraf\u0131ndan hibe edilmi\u015fti. Yerel y\u00f6netimler aras\u0131nda T\u00fcrkiye\u2019de bir ilk olma \u00f6zelli\u011fi ta\u015f\u0131yan merkezde, kad\u0131nlara y\u00f6nelik \u00fccretsiz sa\u011fl\u0131k dan\u0131\u015fmanl\u0131\u011f\u0131 hizmeti veriliyor. Merkezin hizmetlerinden; hem m\u00fclteci hem de yerel topluluklardan t\u00fcm kad\u0131nlar faydalanabiliyor. Merkezde, \u2018Psikolog Odas\u0131\u2019, \u2018Sa\u011fl\u0131k Odas\u0131\u2019, \u2018Etkinlik ve Toplant\u0131 Odas\u0131\u2019, \u2018\u00c7ocuk Oyun Odas\u0131\u2019 ve \u2018Diyetisyen Odas\u0131\u2019 bulunuyor.<\/p>\n<p>\u015eube M\u00fcd\u00fcr\u00fc Uzman Doktor Bak\u0131r: \u201cKad\u0131n g\u00fclerse d\u00fcnya g\u00fcler\u201d<\/p>\n<p>B\u00fcy\u00fck\u015fehir Belediyesi Engelliler ve Sa\u011fl\u0131k Hizmetleri Dairesi Halk Sa\u011fl\u0131\u011f\u0131 ve Denetim \u015eube M\u00fcd\u00fcr\u00fc Uzman Doktor Bahar G\u00fclcay \u00c7at Bak\u0131r, normalle\u015fme ad\u0131mlar\u0131n\u0131n at\u0131ld\u0131\u011f\u0131 bug\u00fcnlerde hizmetlere kald\u0131klar\u0131 yerden devam ettiklerini vurgulayarak, \u201cKad\u0131nlar\u0131m\u0131za pozitif ayr\u0131m yapt\u0131\u011f\u0131m\u0131z merkezimizde; psikolo\u011fumuz planlad\u0131\u011f\u0131 terapilerle duygu durumunu desteklemeye \u00e7al\u0131\u015f\u0131rken, diyetisyenimiz kad\u0131nlar\u0131m\u0131z\u0131 sa\u011fl\u0131kl\u0131 ya\u015fam ve beslenme konusunda desteklemeye \u00e7al\u0131\u015f\u0131yor. Fizyoterapist arkada\u015flar\u0131m\u0131z da sa\u011fl\u0131kl\u0131 hayatlara, bedensel aktiviteleri destekleyerek yard\u0131mc\u0131 oluyor. Bu hizmetlerimizin hepsine \u00fccretsiz ula\u015fabiliyorsunuz\u201d diye konu\u015ftu.<\/p>\n<p>Merkezde ihtiya\u00e7 duyulan alanlarda e\u011fitimler de planlad\u0131klar\u0131n\u0131 s\u00f6zlerine ekleyen Bak\u0131r, \u201cKad\u0131nlar\u0131m\u0131za ihtiya\u00e7 duyduklar\u0131 konularda e\u011fitimler planlayarak bir nebze de olsa hayatlara, ailelere dokunmay\u0131 ama\u00e7l\u0131yoruz. \u00c7ocu\u011fu olan ve hizmetlerimizden yararlanmak isteyen annelerimiz i\u00e7in de \u00e7ocuk oyun alanlar\u0131m\u0131z hizmetlerinde. Mezitli Soli\u2019deki Merkezimize t\u00fcm kad\u0131nlar\u0131m\u0131z\u0131 bekliyoruz. Kad\u0131n g\u00fclerse d\u00fcnya g\u00fcler\u201d dedi.<\/p>\n<p>\u201cBiz onlara yard\u0131mc\u0131 olabilmek ad\u0131na buraday\u0131z\u201d<\/p>\n<p>Kad\u0131n Sa\u011fl\u0131\u011f\u0131 Dan\u0131\u015fma Merkezi\u2019nde g\u00f6n\u00fcll\u00fc olarak g\u00f6rev yapan Uzman Klinik Psikolog Fatma \u015eim\u015fek, merkezde verdikleri psikolojik hizmetleri anlat\u0131rken, \u201cGebelik s\u00fcrecinden itibaren, do\u011fum sonras\u0131 lohusal\u0131k, anne-bebek ili\u015fkisi, sa\u011fl\u0131kl\u0131, g\u00fcvenli ba\u011flanmayla ilgili; onun d\u0131\u015f\u0131nda di\u011fer akl\u0131n\u0131za gelebilecek b\u00fct\u00fcn psikolojik hizmetleri veriyoruz kad\u0131nlar\u0131m\u0131za. Aile dan\u0131\u015fmanl\u0131\u011f\u0131 tarz\u0131nda. B\u00fct\u00fcn kad\u0131nlar\u0131m\u0131za yard\u0131mc\u0131 olmaya \u00e7al\u0131\u015f\u0131yoruz. Amac\u0131m\u0131z kad\u0131nlar\u0131m\u0131z\u0131n teredd\u00fct etmeden buraya gelebilmeleri. Biz onlara yard\u0131mc\u0131 olabilmek ad\u0131na buraday\u0131z. Hepsini buraya bekliyoruz\u201d dedi.<\/p>\n<p>\u201cKi\u015fiye \u00f6zel beslenme ve diyet programlar\u0131 haz\u0131rl\u0131yoruz\u201d<\/p>\n<p>Merkezde diyetisyen olarak g\u00f6rev yapan M\u00fcge Kina\u015f, \u201cSa\u011fl\u0131kl\u0131 ya da herhangi bir tan\u0131s\u0131 konmu\u015f mevcut hastal\u0131\u011f\u0131 olan bireylerin, laboratuvar sonu\u00e7lar\u0131 ve burada yapt\u0131\u011f\u0131m\u0131z v\u00fccut analiz \u00f6l\u00e7\u00fcleri do\u011frultusunda ya\u015fam tarzlar\u0131na g\u00f6re ki\u015fiye \u00f6zel beslenme ve diyet programlar\u0131 haz\u0131rl\u0131yoruz.  Bu konuda beslenme e\u011fitimlerini veriyoruz. Gelen ki\u015filer gayet memnun. Her hafta rutin olarak kontrollerimiz var. Bu s\u00fcre\u00e7te toplumumuzda diyetisyenlere biraz fazla ihtiya\u00e7 duyuluyor asl\u0131nda. Biz de burada \u00fccretsiz olarak dan\u0131\u015fmanl\u0131k verdi\u011fimiz i\u00e7in ihtiyac\u0131 olanlar\u0131 bekliyoruz\u201d ifadelerini kulland\u0131.<\/p>\n<p>\u201cPandemi ko\u015fullar\u0131na uygun bir \u015fekilde seanslar\u0131m\u0131z\u0131 ayarl\u0131yoruz\u201d<\/p>\n<p>Engelliler ve Sa\u011fl\u0131k Hizmetleri Dairesi\u2019nde fizyoterapist olarak g\u00f6rev yapan Ay\u015fe Deniz  ise \u201cGebeler ile ba\u015flad\u0131\u011f\u0131m\u0131z pilates e\u011fitimine \u015fu an omurga sa\u011fl\u0131\u011f\u0131 rahats\u0131zl\u0131\u011f\u0131 olan kad\u0131nlar\u0131m\u0131z\u0131 al\u0131yoruz. A\u011fr\u0131s\u0131 olanlara, anatomi problemi olanlara fizyoterapistlerin g\u00f6zetiminde egzersiz yapt\u0131r\u0131yoruz. Pandemi ko\u015fullar\u0131na uygun bir \u015fekilde seanslar\u0131m\u0131z\u0131 ayarl\u0131yoruz\u201d dedi.<\/p>\n","protected":false},"excerpt":{"rendered":"<p>Mersin B\u00fcy\u00fck\u015fehir Belediyesi Engelliler ve Sa\u011fl\u0131k Hizmetleri Dairesi Halk Sa\u011fl\u0131\u011f\u0131 ve Denetim \u015eube M\u00fcd\u00fcrl\u00fc\u011f\u00fc taraf\u0131ndan 8 Mart D\u00fcnya Kad\u0131nlar G\u00fcn\u00fc\u2019nde a\u00e7\u0131lan \u2018Kad\u0131n Sa\u011fl\u0131\u011f\u0131 Dan\u0131\u015fma Merkezi\u2019 hizmetlerine devam ediyor. Merkezin pandemi &hellip; <a href=\"https:\/\/akdenizolaygazetesi.com\/?p=13030\" class=\"more-link\">Devam\u0131n\u0131 Oku&#8230;<\/a><\/p>\n","protected":false},"author":2,"featured_media":13031,"comment_status":"open","ping_status":"open","sticky":false,"template":"","format":"standard","meta":[],"categories":[3,5],"tags":[],"_links":{"self":[{"href":"https:\/\/akdenizolaygazetesi.com\/index.php?rest_route=\/wp\/v2\/posts\/13030"}],"collection":[{"href":"https:\/\/akdenizolaygazetesi.com\/index.php?rest_route=\/wp\/v2\/posts"}],"about":[{"href":"https:\/\/akdenizolaygazetesi.com\/index.php?rest_route=\/wp\/v2\/types\/post"}],"author":[{"embeddable":true,"href":"https:\/\/akdenizolaygazetesi.com\/index.php?rest_route=\/wp\/v2\/users\/2"}],"replies":[{"embeddable":true,"href":"https:\/\/akdenizolaygazetesi.com\/index.php?rest_route=%2Fwp%2Fv2%2Fcomments&post=13030"}],"version-history":[{"count":1,"href":"https:\/\/akdenizolaygazetesi.com\/index.php?rest_route=\/wp\/v2\/posts\/13030\/revisions"}],"predecessor-version":[{"id":13032,"href":"https:\/\/akdenizolaygazetesi.com\/index.php?rest_route=\/wp\/v2\/posts\/13030\/revisions\/13032"}],"wp:featuredmedia":[{"embeddable":true,"href":"https:\/\/akdenizolaygazetesi.com\/index.php?rest_route=\/wp\/v2\/media\/13031"}],"wp:attachment":[{"href":"https:\/\/akdenizolaygazetesi.com\/index.php?rest_route=%2Fwp%2Fv2%2Fmedia&parent=13030"}],"wp:term":[{"taxonomy":"category","embeddable":true,"href":"https:\/\/akdenizolaygazetesi.com\/index.php?rest_route=%2Fwp%2Fv2%2Fcategories&post=13030"},{"taxonomy":"post_tag","embeddable":true,"href":"https:\/\/akdenizolaygazetesi.com\/index.php?rest_route=%2Fwp%2Fv2%2Ftags&post=13030"}],"curies":[{"name":"wp","href":"https:\/\/api.w.org\/{rel}","templated":true}]}}