{"id":1304,"date":"2020-11-04T18:21:52","date_gmt":"2020-11-04T15:21:52","guid":{"rendered":"http:\/\/mersinekonomipolitikagazetesi.com\/?p=1304"},"modified":"2020-11-04T18:21:52","modified_gmt":"2020-11-04T15:21:52","slug":"mezitli-sahilindeki-seyyar-tuvaletler-ve-cop-kutulari-kirilarak-tahrip-edildi","status":"publish","type":"post","link":"https:\/\/akdenizolaygazetesi.com\/?p=1304","title":{"rendered":"Mezitli sahilindeki seyyar tuvaletler ve \u00e7\u00f6p kutular\u0131 k\u0131r\u0131larak tahrip edildi"},"content":{"rendered":"<p>Mersin\u2019in merkez il\u00e7e Mezitli Belediyesi\u2019nin Viran\u015fehir Mahallesi sahilinde yapt\u0131\u011f\u0131 seyyar tuvaletler ve \u00e7\u00f6p kutular\u0131, kimli\u011fi belirsiz ki\u015fi ya da ki\u015filerin sald\u0131r\u0131lar\u0131yla k\u0131r\u0131larak ve yak\u0131larak tahrip edildi.<\/p>\n<p>Mezitli Belediyesi\u2019nden yap\u0131lan yaz\u0131l\u0131 a\u00e7\u0131klamaya g\u00f6re, belediyenin vatanda\u015flar\u0131n sahilleri daha rahat kullanabilmeleri amac\u0131yla yapt\u0131\u011f\u0131 hizmetler kimli\u011fi belirsiz ki\u015fi ya da ki\u015filerin sald\u0131r\u0131s\u0131na u\u011frad\u0131. Viran\u015fehir ve Soli Pompeiopolis b\u00f6lgesinde vatanda\u015flar\u0131n kullan\u0131m\u0131 i\u00e7in konulan seyyar tuvaletler ve \u00e7\u00f6p kovalar\u0131 k\u0131r\u0131larak ve yak\u0131larak tahrip edildi.<br \/>\nKonuyla ilgili a\u00e7\u0131klama yapan Mezitli Belediye Ba\u015fkan\u0131 Ne\u015fet Tarhan, hizmetin yap\u0131lmas\u0131 kadar korunmas\u0131n\u0131n da \u00f6nemli oldu\u011funu belirtti. \u0130nsanlar\u0131n t\u00fcm imkanlardan yararlanabilmeleri i\u00e7in hizmet \u00fcretmeye \u00e7al\u0131\u015ft\u0131klar\u0131n\u0131 ifade eden Tarhan, \u201cAncak, yapt\u0131\u011f\u0131m\u0131z bu hizmetler kim oldu\u011funu bilmedi\u011fimiz art niyetli ki\u015filer taraf\u0131ndan tahrip edilerek kullan\u0131lmaz hale getiriliyor. Herkese e\u015fit hizmet \u00fcretmeye \u00e7al\u0131\u015f\u0131yoruz ama takdir edilece\u011fi gibi bizim her yapt\u0131\u011f\u0131m\u0131z hizmetin ba\u015f\u0131na bir bek\u00e7i koyma \u015fans\u0131m\u0131z yok. \u00dcretti\u011fimiz hizmetleri korumak, o hizmetlerden yararlanan de\u011ferli halk\u0131m\u0131z\u0131n sorumlu\u011funda olmal\u0131d\u0131r\u201d dedi.<br \/>\nVatanda\u015flardan belediye hizmetlerine sahip \u00e7\u0131kmalar\u0131n\u0131 isteyen Tarhan, \u201cVatanda\u015flar\u0131m\u0131zdan, b\u00f6ylesi art niyetli ki\u015fileri g\u00f6rd\u00fckleri zaman uyarmalar\u0131n\u0131 ya da gerek belediyemizi gerekse b\u00f6lgede bulunan g\u00fcvenlik g\u00fc\u00e7lerini aramalar\u0131n\u0131 istiyoruz. \u00c7\u00fcnk\u00fc bu hizmetler tahrip edildi\u011finde hem vatanda\u015f\u0131n hizmete ula\u015fmas\u0131nda aksamalar ya\u015fan\u0131yor hem de vatanda\u015f\u0131n paras\u0131yla yap\u0131lan de\u011ferler yok ediliyor\u201d ifadelerini kulland\u0131.<\/p>\n","protected":false},"excerpt":{"rendered":"<p>Mersin\u2019in merkez il\u00e7e Mezitli Belediyesi\u2019nin Viran\u015fehir Mahallesi sahilinde yapt\u0131\u011f\u0131 seyyar tuvaletler ve \u00e7\u00f6p kutular\u0131, kimli\u011fi belirsiz ki\u015fi ya da ki\u015filerin sald\u0131r\u0131lar\u0131yla k\u0131r\u0131larak ve yak\u0131larak tahrip edildi. Mezitli Belediyesi\u2019nden yap\u0131lan yaz\u0131l\u0131 &hellip; <a href=\"https:\/\/akdenizolaygazetesi.com\/?p=1304\" class=\"more-link\">Devam\u0131n\u0131 Oku&#8230;<\/a><\/p>\n","protected":false},"author":1,"featured_media":0,"comment_status":"open","ping_status":"open","sticky":false,"template":"","format":"standard","meta":[],"categories":[],"tags":[],"_links":{"self":[{"href":"https:\/\/akdenizolaygazetesi.com\/index.php?rest_route=\/wp\/v2\/posts\/1304"}],"collection":[{"href":"https:\/\/akdenizolaygazetesi.com\/index.php?rest_route=\/wp\/v2\/posts"}],"about":[{"href":"https:\/\/akdenizolaygazetesi.com\/index.php?rest_route=\/wp\/v2\/types\/post"}],"author":[{"embeddable":true,"href":"https:\/\/akdenizolaygazetesi.com\/index.php?rest_route=\/wp\/v2\/users\/1"}],"replies":[{"embeddable":true,"href":"https:\/\/akdenizolaygazetesi.com\/index.php?rest_route=%2Fwp%2Fv2%2Fcomments&post=1304"}],"version-history":[{"count":0,"href":"https:\/\/akdenizolaygazetesi.com\/index.php?rest_route=\/wp\/v2\/posts\/1304\/revisions"}],"wp:attachment":[{"href":"https:\/\/akdenizolaygazetesi.com\/index.php?rest_route=%2Fwp%2Fv2%2Fmedia&parent=1304"}],"wp:term":[{"taxonomy":"category","embeddable":true,"href":"https:\/\/akdenizolaygazetesi.com\/index.php?rest_route=%2Fwp%2Fv2%2Fcategories&post=1304"},{"taxonomy":"post_tag","embeddable":true,"href":"https:\/\/akdenizolaygazetesi.com\/index.php?rest_route=%2Fwp%2Fv2%2Ftags&post=1304"}],"curies":[{"name":"wp","href":"https:\/\/api.w.org\/{rel}","templated":true}]}}