{"id":1305,"date":"2020-11-04T18:21:54","date_gmt":"2020-11-04T15:21:54","guid":{"rendered":"http:\/\/mersinekonomipolitikagazetesi.com\/?p=1305"},"modified":"2020-11-04T18:21:54","modified_gmt":"2020-11-04T15:21:54","slug":"akdeniz-kent-konseyinde-yeni-baskan-yigit-goksen-oldu","status":"publish","type":"post","link":"https:\/\/akdenizolaygazetesi.com\/?p=1305","title":{"rendered":"Akdeniz Kent Konseyi\u2019nde yeni ba\u015fkan Yi\u011fit G\u00f6ksen oldu"},"content":{"rendered":"<p>Akdeniz Kent Konseyi\u2019nin 10\u2019uncu genel kurulunda n\u00f6bet de\u011fi\u015fimi ya\u015fand\u0131. Genel kurulda, mevcut Ba\u015fkan Faik Burakgazi, yap\u0131lan oylama sonucu ba\u015fkanl\u0131k g\u00f6revini Yi\u011fit G\u00f6ksen&#8217;e devretti.<\/p>\n<p>Akdeniz Kent Konseyi\u2019nin 10&#8217;uncu Ola\u011fan Genel Kurulu, Akdeniz Belediyesi Konferans Salonunda yap\u0131ld\u0131. Genel kurula, Akdeniz Belediye Ba\u015fkan Yard\u0131mc\u0131s\u0131 Muhammet Hilmi Ceylan, K\u00fclt\u00fcr ve Sosyal \u0130\u015fler M\u00fcd\u00fcr\u00fc Cem Civao\u011flu, muhtarlar\u0131, akademisyenler, i\u015fadamlar\u0131, meslek odalar\u0131, vak\u0131f ve derneklerden temsilciler kat\u0131ld\u0131.<br \/>\nBir \u00f6nceki d\u00f6nem faaliyetleriyle ilgili konsey \u00fcyelerinin bilgilendirildi\u011fi genel kurulda, daha sonra ba\u015fkan se\u00e7imine ge\u00e7ildi. Bu d\u00f6nem g\u00f6rev almayacak olan Faik Burakgazi&#8217;den bo\u015falan Konsey Ba\u015fkanl\u0131\u011f\u0131na Yi\u011fit G\u00f6ksen se\u00e7ildi.<br \/>\nG\u00f6ksen, yapt\u0131\u011f\u0131 konu\u015fmada, Akdeniz il\u00e7esinde yap\u0131lacak hizmetlere fikir ve katk\u0131lar sunmak i\u00e7in ba\u015fkan oldu\u011funu s\u00f6yledi. Bundan sonraki s\u00fcre\u00e7te konsey olarak kap\u0131lar\u0131n\u0131n herkese a\u00e7\u0131k oldu\u011funu belirten G\u00f6ksen, &#8220;Ge\u00e7mi\u015ften gelen projelerin devam\u0131n\u0131 sa\u011flayaca\u011f\u0131z ve yeni projelerle \u00e7al\u0131\u015fmalar\u0131m\u0131za devam edece\u011fiz. Bu anlamda Konsey olarak herkese kap\u0131m\u0131z sonuna kadar a\u00e7\u0131k. Bu konseylerin ana amac\u0131 k\u00f6pr\u00fc g\u00f6revi kurmakt\u0131r, belediyelerin g\u00f6remedi\u011fi ve yeti\u015femedi\u011fi yerlere \u0131\u015f\u0131k tutmak ve sorunlar\u0131n\u0131n \u00e7\u00f6z\u00fclmesine katk\u0131 sa\u011flamakt\u0131r. Bu anlamda hizmet sunmak isteyen t\u00fcm vatanda\u015flar\u0131m\u0131za kap\u0131m\u0131z her zaman a\u00e7\u0131k olacakt\u0131r&#8221; dedi.<br \/>\n\u0130lk olarak Akdeniz Kent Konseyi\u2019ni mevcut binas\u0131ndan eski Mersin evlerinden birine ta\u015f\u0131may\u0131 hedeflediklerini ifade eden G\u00f6ksen, yeni binay\u0131 ziyarete gelen vatanda\u015flar\u0131n \u00fccretsiz \u00e7ay-kahve i\u00e7ebilece\u011fi ve kitap okuyabilece\u011fi bir k\u00fclt\u00fcr sanat evine de d\u00f6n\u00fc\u015ft\u00fcreceklerini kaydetti. G\u00f6ksen, bu \u00e7er\u00e7evede gerekli g\u00f6r\u00fc\u015fmeleri yapt\u0131klar\u0131n\u0131 s\u00f6zlerine ekledi.<\/p>\n","protected":false},"excerpt":{"rendered":"<p>Akdeniz Kent Konseyi\u2019nin 10\u2019uncu genel kurulunda n\u00f6bet de\u011fi\u015fimi ya\u015fand\u0131. Genel kurulda, mevcut Ba\u015fkan Faik Burakgazi, yap\u0131lan oylama sonucu ba\u015fkanl\u0131k g\u00f6revini Yi\u011fit G\u00f6ksen&#8217;e devretti. Akdeniz Kent Konseyi\u2019nin 10&#8217;uncu Ola\u011fan Genel Kurulu, &hellip; <a href=\"https:\/\/akdenizolaygazetesi.com\/?p=1305\" class=\"more-link\">Devam\u0131n\u0131 Oku&#8230;<\/a><\/p>\n","protected":false},"author":1,"featured_media":0,"comment_status":"open","ping_status":"open","sticky":false,"template":"","format":"standard","meta":[],"categories":[],"tags":[],"_links":{"self":[{"href":"https:\/\/akdenizolaygazetesi.com\/index.php?rest_route=\/wp\/v2\/posts\/1305"}],"collection":[{"href":"https:\/\/akdenizolaygazetesi.com\/index.php?rest_route=\/wp\/v2\/posts"}],"about":[{"href":"https:\/\/akdenizolaygazetesi.com\/index.php?rest_route=\/wp\/v2\/types\/post"}],"author":[{"embeddable":true,"href":"https:\/\/akdenizolaygazetesi.com\/index.php?rest_route=\/wp\/v2\/users\/1"}],"replies":[{"embeddable":true,"href":"https:\/\/akdenizolaygazetesi.com\/index.php?rest_route=%2Fwp%2Fv2%2Fcomments&post=1305"}],"version-history":[{"count":0,"href":"https:\/\/akdenizolaygazetesi.com\/index.php?rest_route=\/wp\/v2\/posts\/1305\/revisions"}],"wp:attachment":[{"href":"https:\/\/akdenizolaygazetesi.com\/index.php?rest_route=%2Fwp%2Fv2%2Fmedia&parent=1305"}],"wp:term":[{"taxonomy":"category","embeddable":true,"href":"https:\/\/akdenizolaygazetesi.com\/index.php?rest_route=%2Fwp%2Fv2%2Fcategories&post=1305"},{"taxonomy":"post_tag","embeddable":true,"href":"https:\/\/akdenizolaygazetesi.com\/index.php?rest_route=%2Fwp%2Fv2%2Ftags&post=1305"}],"curies":[{"name":"wp","href":"https:\/\/api.w.org\/{rel}","templated":true}]}}