{"id":13052,"date":"2021-06-28T12:04:30","date_gmt":"2021-06-28T09:04:30","guid":{"rendered":"http:\/\/akdenizolaygazetesi.com\/?p=13052"},"modified":"2021-06-28T12:04:30","modified_gmt":"2021-06-28T09:04:30","slug":"kizkalesi-halk-plajinda-mavi-bayrak-gondere-cekildi","status":"publish","type":"post","link":"https:\/\/akdenizolaygazetesi.com\/?p=13052","title":{"rendered":"KIZKALES\u0130 HALK PLAJI\u2019NDA MAV\u0130 BAYRAK G\u00d6NDERE \u00c7EK\u0130LD\u0130"},"content":{"rendered":"<p>Mersin\u2019de yaz sezonunda \u00e7ok say\u0131da yerli ve yabanc\u0131 turistin a\u011f\u0131rland\u0131\u011f\u0131 K\u0131zkalesi Halk Plaj\u0131\u2019nda bu y\u0131l da Mavi Bayrak dalgalanmaya ba\u015flad\u0131. Mersin B\u00fcy\u00fck\u015fehir Belediyesi b\u00fcnyesinde hizmet veren Denizk\u0131z\u0131 Turizm A.\u015e. taraf\u0131ndan K\u0131zkalesi Halk Plaj\u0131\u2019nda Mavi Bayrak i\u00e7in gerekli 33 kriter ba\u015far\u0131yla yerine getirildi. Mavi Bayrak teslim al\u0131narak g\u00f6ndere \u00e7ekildi.<\/p>\n<p>Titiz \u00e7al\u0131\u015fmalar sonucunda plajda Mavi Bayra\u011f\u0131 dalgaland\u0131ran B\u00fcy\u00fck\u015fehir Belediyesi, Mersin\u2019in b\u00fct\u00fcn plajlar\u0131na Mavi Bayrak kazand\u0131rmak amac\u0131yla \u00e7al\u0131\u015fmalar\u0131na h\u0131zla devam ediyor.<\/p>\n<p>Mavi Bayrak say\u0131s\u0131 3\u2019e y\u00fckseldi<\/p>\n<p>Mavi Bayrak Yerel Sorumlular\u0131 ve ayn\u0131 zamanda B\u00fcy\u00fck\u015fehir Belediyesi\u2019nde g\u00f6rev yapan Dr. Zafer Ku\u015fatan ile Pelin Teymur taraf\u0131ndan Denizk\u0131z\u0131 Turizm A.\u015e. Genel M\u00fcd\u00fcr Yard\u0131mc\u0131s\u0131 Ahmet Y\u0131ld\u0131z\u2019a teslim edilen Mavi Bayrak, alk\u0131\u015flar e\u015fli\u011finde g\u00f6\u011f\u00fcn mavili\u011fine \u00e7ekildi. Susano\u011flu Halk Plaj\u0131\u2019ndaki 2 Mavi Bayrak ile birlikte Mersin B\u00fcy\u00fck\u015fehir Belediyesi sorumlulu\u011fundaki Mavi Bayrakl\u0131 plaj say\u0131s\u0131 3\u2019e y\u00fckseldi.<\/p>\n<p>WC, du\u015f ve soyunma kabinlerinin say\u0131s\u0131 art\u0131r\u0131ld\u0131<\/p>\n<p>Mersin B\u00fcy\u00fck\u015fehir Belediyesi b\u00fcnyesinde bulunan K\u0131zkalesi, Susano\u011fu, Yaprakl\u0131koy, Yemi\u015fkumu, Kocahasanl\u0131, Kumkuyu, T\u0131rtar, T\u00f6bank ve Sultankoy halk plajlar\u0131nda d\u00f6rt d\u00f6rtl\u00fck haz\u0131rl\u0131k yapan B\u00fcy\u00fck\u015fehir ekipleri, misafirlerini a\u011f\u0131rlamaya ba\u015flad\u0131. Sosyal mesafeli adalar olu\u015fturularak yerle\u015ftirilen \u015fezlonglar, say\u0131s\u0131 art\u0131r\u0131lan du\u015f, tuvalet ve soyunma kabinleriyle vatanda\u015flara rahat bir ortam sunuluyor. Hijyen rutinleri s\u0131kla\u015ft\u0131r\u0131lan sahiller de \u015fezlonglar da d\u00fczenli olarak dezenfekte ediliyor.<\/p>\n<p>Engelsiz bir Mersin\u2019i yaratma yolunda kente yak\u0131\u015f\u0131r bir uygulama olan engelli rampas\u0131 ile \u00f6zel gereksinimli bireyler rahatl\u0131kla denize girebiliyor. K\u0131zkalesi, Susano\u011flu ve Yemi\u015fkumu plajlar\u0131nda yer alan engelli rampalar\u0131n\u0131n uygun bulunan di\u011fer plajlara da yerle\u015ftirilmesi planlan\u0131yor.<\/p>\n","protected":false},"excerpt":{"rendered":"<p>Mersin\u2019de yaz sezonunda \u00e7ok say\u0131da yerli ve yabanc\u0131 turistin a\u011f\u0131rland\u0131\u011f\u0131 K\u0131zkalesi Halk Plaj\u0131\u2019nda bu y\u0131l da Mavi Bayrak dalgalanmaya ba\u015flad\u0131. Mersin B\u00fcy\u00fck\u015fehir Belediyesi b\u00fcnyesinde hizmet veren Denizk\u0131z\u0131 Turizm A.\u015e. taraf\u0131ndan &hellip; <a href=\"https:\/\/akdenizolaygazetesi.com\/?p=13052\" class=\"more-link\">Devam\u0131n\u0131 Oku&#8230;<\/a><\/p>\n","protected":false},"author":2,"featured_media":13053,"comment_status":"open","ping_status":"open","sticky":false,"template":"","format":"standard","meta":[],"categories":[3,5],"tags":[],"_links":{"self":[{"href":"https:\/\/akdenizolaygazetesi.com\/index.php?rest_route=\/wp\/v2\/posts\/13052"}],"collection":[{"href":"https:\/\/akdenizolaygazetesi.com\/index.php?rest_route=\/wp\/v2\/posts"}],"about":[{"href":"https:\/\/akdenizolaygazetesi.com\/index.php?rest_route=\/wp\/v2\/types\/post"}],"author":[{"embeddable":true,"href":"https:\/\/akdenizolaygazetesi.com\/index.php?rest_route=\/wp\/v2\/users\/2"}],"replies":[{"embeddable":true,"href":"https:\/\/akdenizolaygazetesi.com\/index.php?rest_route=%2Fwp%2Fv2%2Fcomments&post=13052"}],"version-history":[{"count":1,"href":"https:\/\/akdenizolaygazetesi.com\/index.php?rest_route=\/wp\/v2\/posts\/13052\/revisions"}],"predecessor-version":[{"id":13054,"href":"https:\/\/akdenizolaygazetesi.com\/index.php?rest_route=\/wp\/v2\/posts\/13052\/revisions\/13054"}],"wp:featuredmedia":[{"embeddable":true,"href":"https:\/\/akdenizolaygazetesi.com\/index.php?rest_route=\/wp\/v2\/media\/13053"}],"wp:attachment":[{"href":"https:\/\/akdenizolaygazetesi.com\/index.php?rest_route=%2Fwp%2Fv2%2Fmedia&parent=13052"}],"wp:term":[{"taxonomy":"category","embeddable":true,"href":"https:\/\/akdenizolaygazetesi.com\/index.php?rest_route=%2Fwp%2Fv2%2Fcategories&post=13052"},{"taxonomy":"post_tag","embeddable":true,"href":"https:\/\/akdenizolaygazetesi.com\/index.php?rest_route=%2Fwp%2Fv2%2Ftags&post=13052"}],"curies":[{"name":"wp","href":"https:\/\/api.w.org\/{rel}","templated":true}]}}