{"id":13055,"date":"2021-06-28T12:06:08","date_gmt":"2021-06-28T09:06:08","guid":{"rendered":"http:\/\/akdenizolaygazetesi.com\/?p=13055"},"modified":"2021-06-28T12:06:08","modified_gmt":"2021-06-28T09:06:08","slug":"merci-ogrenci-danisma-merkezi-ogrencilerin-sosyal-uyumunu-sagliyor","status":"publish","type":"post","link":"https:\/\/akdenizolaygazetesi.com\/?p=13055","title":{"rendered":"MERC\u0130 \u00d6\u011eRENC\u0130 DANI\u015eMA MERKEZ\u0130 \u00d6\u011eRENC\u0130LER\u0130N SOSYAL UYUMUNU SA\u011eLIYOR"},"content":{"rendered":"<p>Mersin B\u00fcy\u00fck\u015fehir Belediyesi\u2019nin, Avrupa Birli\u011fi, Alman ve \u0130spanyol h\u00fck\u00fcmetleri taraf\u0131ndan ortak finanse edilen Qudra 2 program\u0131 kapsam\u0131nda desteklenmeye hak kazanan projesi Merci \u00d6\u011frenci Dan\u0131\u015fmanl\u0131k Merkezi, verdi\u011fi hizmetlerle dan\u0131\u015fan \u00f6\u011frencilerin ba\u015far\u0131 oranlar\u0131nda art\u0131\u015f sa\u011flad\u0131. Kapsaml\u0131 i\u00e7eri\u011fi ile e\u011fitimine devam edemeyen veya devam etmekte g\u00fc\u00e7l\u00fck \u00e7eken \u00f6\u011frencilere rehberlik ve psikolojik destek hizmeti sa\u011flayan Merci\u2019den Mersin\u2019de ya\u015fayan m\u00fclteci gen\u00e7ler de faydalanabiliyor. Merkez bu y\u00f6n\u00fc ile hem m\u00fcltecilerin yerli n\u00fcfus ile sa\u011fl\u0131kl\u0131 ileti\u015fimine, etkile\u015fimine, sosyal uyumuna hem de e\u011fitim hayat\u0131na katk\u0131 sa\u011fl\u0131yor.<\/p>\n<p>\u201cAmac\u0131m\u0131z e\u011fitimine devam etmeyen veya devam etmekte g\u00fc\u00e7l\u00fck ya\u015fayan \u00e7ocuk ve gen\u00e7lere dan\u0131\u015fmanl\u0131k hizmetleri vermek\u201d<\/p>\n<p>\u00d6\u011frenci Dan\u0131\u015fma Merkezi\u2019nde Uzman Klinik Psikolog olarak g\u00f6rev yapan Asena Akat\u00fcrk, B\u00fcy\u00fck\u015fehir\u2019in Merci \u00d6\u011frenci Dan\u0131\u015fma Merkezi projesinin hibe almaya hak kazand\u0131\u011f\u0131 Qudra 2 program\u0131 hakk\u0131nda detayl\u0131 bilgi payla\u015ft\u0131. Akat\u00fcrk, \u201cQudra 2 program\u0131 Suriye ve Irak krizlerine yan\u0131t olarak m\u00fcltecilerin, yerinden edilmi\u015f ki\u015filerin, \u00fclkesine geri d\u00f6nmek isteyenler ve ev sahibi topluluklar\u0131n dayan\u0131kl\u0131l\u0131\u011f\u0131n\u0131 art\u0131rmak, onlar\u0131n temel gereksinimlerini sa\u011flamak amac\u0131yla y\u00fcr\u00fct\u00fclen bir programd\u0131r\u201d dedi.<\/p>\n<p>\u00d6\u011frenci Dan\u0131\u015fma Merkezi projesi ile temel hedeflerini anlatan Akat\u00fcrk, \u201cBu projeyi tasarlarken, program\u0131n da temel hedeflerinden biri olan gen\u00e7ler aras\u0131nda sosyal uyumu sa\u011flamay\u0131 hedefledik. Mersin B\u00fcy\u00fck\u015fehir Belediyesi olarak bu proje ile bu hedefe ula\u015fman\u0131n en b\u00fcy\u00fck ad\u0131mlar\u0131ndan birini att\u0131\u011f\u0131m\u0131za inan\u0131yoruz. Projemizin amac\u0131 Mersin\u2019de ya\u015fayan 15-25 ya\u015f aral\u0131\u011f\u0131nda e\u011fitimine devam etmeyen veya devam etmekte g\u00fc\u00e7l\u00fck ya\u015fayan \u00e7ocuk ve gen\u00e7lere dan\u0131\u015fmanl\u0131k hizmetleri vererek onlar\u0131n sa\u011fl\u0131kl\u0131, nitelikli, ba\u015far\u0131l\u0131 ve \u00e7a\u011fda\u015f bireyler olarak yeti\u015fmelerini sa\u011flamak\u201d diye konu\u015ftu.<\/p>\n<p>\u201cSosyal uyumu desteklemek amac\u0131yla seminerlerimiz oldu\u201d<\/p>\n<p>Projenin olu\u015fma a\u015famas\u0131nda 47 T\u00fcrkiye Cumhuriyeti vatanda\u015f\u0131, 41 de ge\u00e7ici koruma stat\u00fcs\u00fcnde olan faydalan\u0131c\u0131ya ula\u015ft\u0131klar\u0131n\u0131 s\u00f6zlerine ekleyen Akat\u00fcrk, \u015funlar\u0131 s\u00f6yledi:<\/p>\n<p>\u201cBu yararlan\u0131c\u0131lardan 16\u2019s\u0131n\u0131n e\u011fitime devam etmedi\u011fini tespit ettik ve bu faydalan\u0131c\u0131lar\u0131n asl\u0131nda e\u011fitime devam etmeye istekli oldu\u011funu ancak bulunduklar\u0131 ko\u015fullar dolay\u0131s\u0131yla e\u011fitimden geri kalm\u0131\u015f olduklar\u0131n\u0131 g\u00f6rd\u00fck. Bu gibi sebepler dolay\u0131s\u0131yla yararlan\u0131c\u0131lara psiko-sosyal ve akademik a\u00e7\u0131dan destek verdik ve Halk E\u011fitim Merkezi\u2019ne y\u00f6nlendirdik. Bunun yan\u0131 s\u0131ra sosyal uyumu da desteklemek amac\u0131yla  fark\u0131ndal\u0131\u011f\u0131 artt\u0131rmak ad\u0131na Toplumsal Cinsiyet E\u015fitli\u011fi, Temel \u0130nsan Haklar\u0131 ve M\u00fclteci Haklar\u0131\u2019n\u0131 anlatt\u0131\u011f\u0131m\u0131z seminerlerimiz oldu. Bunun yan\u0131 s\u0131ra yoga, pilates ve seramik etkinliklerimiz de oldu.\u201d<\/p>\n<p>Akat\u00fcrk proje s\u00fcrecinin sonunda edinilen \u00e7\u0131kt\u0131lar\u0131 da anlatarak, \u201cSuriye uyruklu faydalan\u0131c\u0131lardan T\u00fcrk\u00e7e ve T\u00fcrk tarihini \u00f6\u011frenmek istedikleri konusunda talepler ald\u0131k. Sosyal uyum a\u00e7\u0131s\u0131ndan faydalan\u0131c\u0131lar\u0131n seminerler esnas\u0131nda etkile\u015fime ge\u00e7tiklerini, birbirlerine d\u00fc\u015f\u00fcncelerini ifade etmeye ba\u015flad\u0131klar\u0131n\u0131 g\u00f6zlemledik. Bunlar gelecekte toplumsal huzurun ve geli\u015fimin sa\u011flanmas\u0131 i\u00e7in \u00f6nemli \u00e7\u0131kt\u0131lar\u201d dedi.<\/p>\n<p>\u201cGenel memnuniyet oran\u0131 olduk\u00e7a y\u00fcksek\u201d<\/p>\n<p>\u00d6\u011frenci Dan\u0131\u015fma Merkezi\u2019nde bireysel terapiler, e\u011fitim rehberli\u011fi, kariyer planlamas\u0131, meslek se\u00e7imi konular\u0131nda dan\u0131\u015fmanl\u0131k verdiklerini s\u00f6zlerine ekleyen Akat\u00fcrk, \u00f6\u011frencilerin en \u00e7ok kar\u015f\u0131la\u015ft\u0131\u011f\u0131 sorunlar\u0131 anlatarak, \u201cGenel olarak en \u00e7ok kar\u015f\u0131la\u015ft\u0131\u011f\u0131m\u0131z sorunlar; s\u0131nav kayg\u0131s\u0131, gelecek kayg\u0131s\u0131, dikkat ve motivasyon eksikli\u011fi oldu. Bunun d\u0131\u015f\u0131nda ailevi ve ili\u015fkisel y\u00f6nden ya\u015fanan problemler de mevcuttu. Bunlar\u0131 gidermeleri ve kar\u015f\u0131la\u015ft\u0131klar\u0131 zorluklarla ba\u015f etme g\u00fcc\u00fc kazanmalar\u0131n\u0131 sa\u011flad\u0131k. Genel memnuniyet oran\u0131 olduk\u00e7a y\u00fcksekti. Bu s\u00fcre\u00e7te akademik hayatlar\u0131nda ya\u015fad\u0131klar\u0131 zorluklar\u0131 belirlemek ve ki\u015fisel s\u00fcre\u00e7lerinde ya\u015fad\u0131klar\u0131 zorluklarda gen\u00e7lerimize destek olmak ve katk\u0131 sa\u011flamak i\u00e7in buraday\u0131z\u201d ifadelerine yer verdi.<\/p>\n<p>\u201cProjenin en \u00f6nemli bile\u015feni do\u011fru yararlan\u0131c\u0131lara ula\u015fmakt\u0131\u201d<\/p>\n<p>Mersin B\u00fcy\u00fck\u015fehir Belediyesi Sosyal Hizmetler Dairesi Ba\u015fkanl\u0131\u011f\u0131\u2019nda Sosyolog olarak g\u00f6rev yapan Merci \u00d6\u011frenci Dan\u0131\u015fma Merkezi proje asistanlar\u0131ndan Nazire B\u00fcy\u00fckg\u00fcrses, projenin en \u00f6nemli bile\u015feninin do\u011fru yararlan\u0131c\u0131lara ula\u015fmak oldu\u011funu ifade etti. B\u00fcy\u00fckg\u00fcrses, \u201c\u00d6\u011frenci Dan\u0131\u015fma Merkezi Projesi\u2019nin ama\u00e7lar\u0131n\u0131 yerine getirmek ad\u0131na projenin en \u00f6nemli bile\u015feni do\u011fru yararlan\u0131c\u0131lara ula\u015fmakt\u0131. Pandemi sebebiyle saha ara\u015ft\u0131rmas\u0131 yapmam\u0131z maalesef m\u00fcmk\u00fcn olamad\u0131. Bu y\u00fczden payda\u015f toplant\u0131lar\u0131m\u0131za \u00f6nem verdik. \u0130l G\u00f6\u00e7 M\u00fcd\u00fcrl\u00fc\u011f\u00fc, \u0130l Milli E\u011fitim M\u00fcd\u00fcrl\u00fc\u011f\u00fc, \u0130l Emniyet M\u00fcd\u00fcrl\u00fc\u011f\u00fc, Aile \u00c7al\u0131\u015fma ve Sosyal Hizmetler \u0130l M\u00fcd\u00fcrl\u00fc\u011f\u00fc ve yereldeki sivil toplum kurulu\u015flar\u0131yla yararlan\u0131c\u0131lara nas\u0131l ula\u015faca\u011f\u0131m\u0131z konusunda g\u00f6r\u00fc\u015f al\u0131\u015fveri\u015finde bulunduk. Bunun neticesinde \u00e7ok say\u0131da yararlan\u0131c\u0131ya ula\u015ft\u0131k\u201d dedi. Beklediklerinden daha fazla yararlan\u0131c\u0131ya ula\u015ft\u0131klar\u0131n\u0131 s\u00f6zlerine ekleyen B\u00fcy\u00fckg\u00fcrses, \u201c\u0130lk 4 ay\u0131m\u0131zda hedefimiz 64 yararlan\u0131c\u0131 iken bu s\u00fcrecin sonucunda veri taban\u0131m\u0131za yakla\u015f\u0131k 1200 yararlan\u0131c\u0131 kaydettik. D\u00f6rt ay\u0131n sonunda 88 yararlan\u0131c\u0131yla da bu projemizi tamamlam\u0131\u015f olduk\u201d ifadelerine yer verdi. <\/p>\n<p>\u201cOryantasyon, ayarlay\u0131c\u0131, y\u00f6nlendirici ve tamamlay\u0131c\u0131 hizmetlerimiz de var\u201d<\/p>\n<p>Merci \u00d6\u011frenci Dan\u0131\u015fma Merkezi\u2019nde Rehber \u00d6\u011fretmen olarak g\u00f6rev yapan Canan Serin Merkez\u2019de verdikleri hizmetleri, \u201cHer ya\u015f grubu \u00f6\u011frencimizin akademik ve psikolojik olarak s\u0131nava haz\u0131rlanmalar\u0131n\u0131 sa\u011flaman\u0131n yan\u0131 s\u0131ra e\u011fitimsel-mesleki rehberlikle birlikte oryantasyon, ayarlay\u0131c\u0131, y\u00f6nlendirici ve tamamlay\u0131c\u0131 hizmetlerimiz var\u201d c\u00fcmleleriyle anlatt\u0131.<\/p>\n<p>Serin, Merkez\u2019de verdikleri hizmetlerin \u00f6\u011frencilerin ba\u015far\u0131 oranlar\u0131n\u0131 art\u0131rd\u0131\u011f\u0131n\u0131 ifade ederek, YKS\u2019ye giren \u00f6\u011frencilerle s\u00fcre\u00e7 i\u00e7inde yapt\u0131klar\u0131 \u00e7al\u0131\u015fmalarda 30-40 net aral\u0131\u011f\u0131nda art\u0131\u015f g\u00f6zlemlediklerini s\u00f6yledi. Serin, \u201cBu hizmetler do\u011frultusunda e\u011fitim noktas\u0131nda h\u0131zl\u0131 ivme kazan\u0131ld\u0131. Dolay\u0131s\u0131yla \u00f6\u011frencilerimizin \u00f6zg\u00fcveni artt\u0131 ve ba\u015farabildiklerini g\u00f6rd\u00fcler. Ara s\u0131n\u0131fa giden dan\u0131\u015fanlar\u0131m\u0131z ise en fazla 30-40 aral\u0131\u011f\u0131nda sonu\u00e7 al\u0131rken \u00e7al\u0131\u015fmalar sonucunda en az 78\u2019li notlar g\u00f6rmeye ba\u015flad\u0131lar. B\u00f6ylelikle dan\u0131\u015fanlar\u0131m\u0131z\u0131n hedeflerinde de\u011fi\u015fikler oldu ve kendi fark\u0131ndal\u0131klar\u0131n\u0131 ke\u015ffettiler\u201d<\/p>\n","protected":false},"excerpt":{"rendered":"<p>Mersin B\u00fcy\u00fck\u015fehir Belediyesi\u2019nin, Avrupa Birli\u011fi, Alman ve \u0130spanyol h\u00fck\u00fcmetleri taraf\u0131ndan ortak finanse edilen Qudra 2 program\u0131 kapsam\u0131nda desteklenmeye hak kazanan projesi Merci \u00d6\u011frenci Dan\u0131\u015fmanl\u0131k Merkezi, verdi\u011fi hizmetlerle dan\u0131\u015fan \u00f6\u011frencilerin ba\u015far\u0131 &hellip; <a href=\"https:\/\/akdenizolaygazetesi.com\/?p=13055\" class=\"more-link\">Devam\u0131n\u0131 Oku&#8230;<\/a><\/p>\n","protected":false},"author":2,"featured_media":13056,"comment_status":"open","ping_status":"open","sticky":false,"template":"","format":"standard","meta":[],"categories":[8,3,5],"tags":[],"_links":{"self":[{"href":"https:\/\/akdenizolaygazetesi.com\/index.php?rest_route=\/wp\/v2\/posts\/13055"}],"collection":[{"href":"https:\/\/akdenizolaygazetesi.com\/index.php?rest_route=\/wp\/v2\/posts"}],"about":[{"href":"https:\/\/akdenizolaygazetesi.com\/index.php?rest_route=\/wp\/v2\/types\/post"}],"author":[{"embeddable":true,"href":"https:\/\/akdenizolaygazetesi.com\/index.php?rest_route=\/wp\/v2\/users\/2"}],"replies":[{"embeddable":true,"href":"https:\/\/akdenizolaygazetesi.com\/index.php?rest_route=%2Fwp%2Fv2%2Fcomments&post=13055"}],"version-history":[{"count":1,"href":"https:\/\/akdenizolaygazetesi.com\/index.php?rest_route=\/wp\/v2\/posts\/13055\/revisions"}],"predecessor-version":[{"id":13057,"href":"https:\/\/akdenizolaygazetesi.com\/index.php?rest_route=\/wp\/v2\/posts\/13055\/revisions\/13057"}],"wp:featuredmedia":[{"embeddable":true,"href":"https:\/\/akdenizolaygazetesi.com\/index.php?rest_route=\/wp\/v2\/media\/13056"}],"wp:attachment":[{"href":"https:\/\/akdenizolaygazetesi.com\/index.php?rest_route=%2Fwp%2Fv2%2Fmedia&parent=13055"}],"wp:term":[{"taxonomy":"category","embeddable":true,"href":"https:\/\/akdenizolaygazetesi.com\/index.php?rest_route=%2Fwp%2Fv2%2Fcategories&post=13055"},{"taxonomy":"post_tag","embeddable":true,"href":"https:\/\/akdenizolaygazetesi.com\/index.php?rest_route=%2Fwp%2Fv2%2Ftags&post=13055"}],"curies":[{"name":"wp","href":"https:\/\/api.w.org\/{rel}","templated":true}]}}