{"id":13058,"date":"2021-06-28T12:08:04","date_gmt":"2021-06-28T09:08:04","guid":{"rendered":"http:\/\/akdenizolaygazetesi.com\/?p=13058"},"modified":"2021-06-28T12:08:04","modified_gmt":"2021-06-28T09:08:04","slug":"savunma-sanayi-baskani-paramount-otele-tatil-amacli-mi-gitti","status":"publish","type":"post","link":"https:\/\/akdenizolaygazetesi.com\/?p=13058","title":{"rendered":"&#8216;Savunma Sanayi Ba\u015fkan\u0131 Paramount Otel\u2019e Tatil Ama\u00e7l\u0131 M\u0131 Gitti?&#8217;"},"content":{"rendered":"<p>CHP Mersin Milletvekili ve Parti Meclisi \u00dcyesi Ali Mahir Ba\u015far\u0131r, \u00f6ncesinde Paramount Otel\u2019de kald\u0131\u011f\u0131 tespit edilen ama burada i\u015f adam\u0131 arkada\u015f\u0131 Ali Tunga\u2019n\u0131n daveti \u00fczerine kald\u0131\u011f\u0131n\u0131 belirten Sivil Savunma Sanayii Ba\u015fkan\u0131 \u0130smail Demir\u2019in, Paramount Otel\u2019in o d\u00f6nemdeki sahiplerinden Sezgin Baran Korkmaz ile bir davetteki foto\u011fraflar\u0131n\u0131 payla\u015ft\u0131.<\/p>\n<p>Savunma Sanayi Ba\u015fkan\u0131 Paramount Otel\u2019e Tatil Ama\u00e7l\u0131 M\u0131 Gitti?<\/p>\n<p>\u0130smail Demir\u2019in a\u00e7\u0131klamalar\u0131n\u0131n \u00e7eli\u015fkili ve yan\u0131lt\u0131c\u0131 oldu\u011funu ifade eden CHP\u2019li Ba\u015far\u0131r: \u2018\u201918 A\u011fustos 2017 tarihli \u2018sbkholdingtr\u2019 adl\u0131 hesab\u0131n instagram sayfas\u0131nda; Sezgin Baran Korkmaz, Savunma Sanayii Ba\u015fkan\u0131 \u0130smail Demir, D\u00f6nemin Genel Plan Prensipler Ba\u015fkan\u0131 Korgeneral Yavuz T\u00fcrkgenci ve ABD\u2019nin eski ulusal g\u00fcvenlik uzman\u0131 Korgeneral James L. Jones\u2019un i\u00e7inde oldu\u011fu bir foto\u011fraf bulunmakta. ABD\u2019deki baz\u0131 sitelere g\u00f6re, Sezgin Baran Korkmaz, ABD-T\u00fcrkiye \u0130\u015f Konseyi ve ABD-T\u00fcrkiye \u0130\u015fbirli\u011fi gibi kurumlarda bu ki\u015filerle birka\u00e7 kez toplant\u0131 yapm\u0131\u015f. Sezgin Baran Korkmaz\u2019\u0131n sivil savunmada, g\u00fcvenlik alan\u0131nda ne gibi bir uzmanl\u0131\u011f\u0131 var ki burada bulunabiliyor? Buradaki isimlere bak\u0131ld\u0131\u011f\u0131nda, savunma alan\u0131yla ilgili konular\u0131n konu\u015fuldu\u011fu anla\u015f\u0131labiliyor. \u0130smail Demir\u2019in, Sezgin Baran Korkmaz ile ne i\u015fi var? T\u00fcrkiye\u2019den bir general, ABD\u2019den eski bir korgeneral, Savunma Sanayii Ba\u015fkan\u0131, ABD\u2019yi ve T\u00fcrkiye\u2019yi doland\u0131ran savunma sanayii alan\u0131nda hi\u00e7bir \u00e7al\u0131\u015fmas\u0131 olmayan Sezgin Baran Korkmaz bir foto\u011frafta ayn\u0131 karede, ayn\u0131 masada. Buradan da anla\u015f\u0131laca\u011f\u0131 \u00fczere, \u0130smail Demir, Paramount Otel\u2019e tatil ama\u00e7l\u0131 gitmemi\u015f olabilir, o otel; Temmuz 2020\u2019de Sezgin Baran Korkmaz\u2019\u0131n orta\u011f\u0131 Feridun \u00d6zkahraman\u2019a ait. Bu foto\u011fraf, T\u00fcrkiye\u2019nin karanl\u0131k ili\u015fkilerini \u00f6zetliyor. \u0130smail Demir\u2019in Paramount Otel\u2019e neden gitti\u011fini, Sezgin Baran Korkmaz ile ili\u015fkisini, \u00fcst d\u00fczey askerlerle neden Sezgin Baran Korkmaz ile ayn\u0131 masada oturduklar\u0131n\u0131 a\u00e7\u0131klamas\u0131 gereklidir.\u2019\u2019 s\u00f6zlerini dile getirdi.<\/p>\n<p>Paramount Otel T\u00fcrkiye\u2019nin Yeni Susurluk\u2019u<\/p>\n<p>Daha \u00f6ncesinde Paramount Otel\u2019de kald\u0131\u011f\u0131 tescillenen Ankara B\u00f6lge \u0130dare Mahkemesi Ba\u015fkan\u0131 Esat Toklu\u2019nun payla\u015ft\u0131\u011f\u0131 dekonta g\u00f6re TUYA\u015e BODRUM TUR\u0130ZM\u2019e \u00f6deme yap\u0131ld\u0131\u011f\u0131n\u0131 belirten CHP\u2019li Ba\u015far\u0131r: \u2018\u2019Bu \u015firketin Ticaret Sicili Gazetesi\u2019ne bakt\u0131\u011f\u0131m\u0131zda, \u015firket yetkilisinin Kamil Feridun \u00d6zkaraman oldu\u011funu g\u00f6r\u00fcyoruz, bu ismi de Sezgin Baran Korkmaz\u2019\u0131n kara para aklamada kulland\u0131\u011f\u0131n\u0131 gerek MASAK raporu gerekse savc\u0131l\u0131k iddianamesinden biliyoruz. Bu isimlerin Sezgin Baran Korkmaz ile ili\u015fkisi nereden geliyor? Siyasiler bu adam\u0131n otelini, arabas\u0131n\u0131, u\u00e7a\u011f\u0131n\u0131, yat\u0131n\u0131, ofisini kullanm\u0131\u015f ama savc\u0131lar bunlar\u0131 sadece izliyor. Memlekette bir tane y\u00fcrekli savc\u0131 kalmam\u0131\u015f.\u2019\u2019 dedi.<\/p>\n","protected":false},"excerpt":{"rendered":"<p>CHP Mersin Milletvekili ve Parti Meclisi \u00dcyesi Ali Mahir Ba\u015far\u0131r, \u00f6ncesinde Paramount Otel\u2019de kald\u0131\u011f\u0131 tespit edilen ama burada i\u015f adam\u0131 arkada\u015f\u0131 Ali Tunga\u2019n\u0131n daveti \u00fczerine kald\u0131\u011f\u0131n\u0131 belirten Sivil Savunma Sanayii &hellip; <a href=\"https:\/\/akdenizolaygazetesi.com\/?p=13058\" class=\"more-link\">Devam\u0131n\u0131 Oku&#8230;<\/a><\/p>\n","protected":false},"author":2,"featured_media":13059,"comment_status":"open","ping_status":"open","sticky":false,"template":"","format":"standard","meta":[],"categories":[2,3,6],"tags":[],"_links":{"self":[{"href":"https:\/\/akdenizolaygazetesi.com\/index.php?rest_route=\/wp\/v2\/posts\/13058"}],"collection":[{"href":"https:\/\/akdenizolaygazetesi.com\/index.php?rest_route=\/wp\/v2\/posts"}],"about":[{"href":"https:\/\/akdenizolaygazetesi.com\/index.php?rest_route=\/wp\/v2\/types\/post"}],"author":[{"embeddable":true,"href":"https:\/\/akdenizolaygazetesi.com\/index.php?rest_route=\/wp\/v2\/users\/2"}],"replies":[{"embeddable":true,"href":"https:\/\/akdenizolaygazetesi.com\/index.php?rest_route=%2Fwp%2Fv2%2Fcomments&post=13058"}],"version-history":[{"count":1,"href":"https:\/\/akdenizolaygazetesi.com\/index.php?rest_route=\/wp\/v2\/posts\/13058\/revisions"}],"predecessor-version":[{"id":13060,"href":"https:\/\/akdenizolaygazetesi.com\/index.php?rest_route=\/wp\/v2\/posts\/13058\/revisions\/13060"}],"wp:featuredmedia":[{"embeddable":true,"href":"https:\/\/akdenizolaygazetesi.com\/index.php?rest_route=\/wp\/v2\/media\/13059"}],"wp:attachment":[{"href":"https:\/\/akdenizolaygazetesi.com\/index.php?rest_route=%2Fwp%2Fv2%2Fmedia&parent=13058"}],"wp:term":[{"taxonomy":"category","embeddable":true,"href":"https:\/\/akdenizolaygazetesi.com\/index.php?rest_route=%2Fwp%2Fv2%2Fcategories&post=13058"},{"taxonomy":"post_tag","embeddable":true,"href":"https:\/\/akdenizolaygazetesi.com\/index.php?rest_route=%2Fwp%2Fv2%2Ftags&post=13058"}],"curies":[{"name":"wp","href":"https:\/\/api.w.org\/{rel}","templated":true}]}}