{"id":1306,"date":"2020-11-04T18:21:54","date_gmt":"2020-11-04T15:21:54","guid":{"rendered":"http:\/\/mersinekonomipolitikagazetesi.com\/?p=1306"},"modified":"2020-11-04T18:21:54","modified_gmt":"2020-11-04T15:21:54","slug":"gultekin-yerli-otomobilin-adresi-mersin-olsun","status":"publish","type":"post","link":"https:\/\/akdenizolaygazetesi.com\/?p=1306","title":{"rendered":"G\u00fcltekin: \u201cYerli otomobilin adresi Mersin olsun\u201d"},"content":{"rendered":"<p>AK Parti Mezitli \u0130l\u00e7e Ba\u015fkan\u0131 \u0130hsan G\u00fcltekin, yerli otomobil \u00fcretimi i\u00e7in gerekli zemin olu\u015fturuldu\u011funda, ihracat\u0131n sorun olmayaca\u011f\u0131n\u0131 belirterek, \u201cT\u00fcrkiye i\u00e7in \u00e7ok \u00f6nemli olan yerli otomobil \u00fcretiminin Mersin\u2019de hayat bulmas\u0131n\u0131 \u00e7ok isteriz\u201d dedi.<\/p>\n<p>Mezitli \u0130l\u00e7e Ba\u015fkan\u0131 G\u00fcltekin, Cumhurba\u015fkan\u0131 Recep Tayyip Erdo\u011fan&#8217;\u0131n, TOBB&#8217;un 73. Ola\u011fan Genel Kurulu&#8217;nda &#8216;yerli otomobil&#8217; \u00e7a\u011fr\u0131s\u0131n\u0131 yinelemesinin ard\u0131ndan yaz\u0131l\u0131 bir a\u00e7\u0131klama yapt\u0131. Yerli otomobil i\u00e7in ciddi bir yat\u0131r\u0131m gerekti\u011fine i\u015faret eden G\u00fcltekin, \u201c1984 y\u0131l\u0131ndan bu yana yerli otomobil \u00fcretemeyen T\u00fcrkiye, ge\u00e7en y\u0131llarda hem teknolojik a\u00e7\u0131dan hem de tecr\u00fcbe a\u00e7\u0131s\u0131ndan b\u00fcy\u00fck yol kat etti. T\u00fcrkiye otomotiv sanayinde \u00e7ok geli\u015fmi\u015f bir \u00fclke. \u00dclkemizin en \u00f6nemli ihra\u00e7 \u00fcr\u00fcn\u00fc art\u0131k otomobil. Bir otomobil i\u00e7in gerekli her \u015feyi T\u00fcrkiye\u2019deki fabrikalar\u0131m\u0131zda \u00fcretebiliyoruz. Bu konuda her t\u00fcrl\u00fc geli\u015ftirebilecek yetene\u011fe sahibiz. Buradaki en \u00f6nemli konu, i\u00e7 pazar\u0131n b\u00f6ylesine b\u00fcy\u00fck bir yat\u0131r\u0131m i\u00e7in yeterli olmamas\u0131. Bunun i\u00e7in de \u00fcretilecek otomobilin mutlaka ihra\u00e7 edilmesi zorunlulu\u011fu do\u011fuyor\u201d ifadelerini kulland\u0131.<br \/>\n\u201cYerli oto i\u00e7 pazarda kabul g\u00f6r\u00fcr\u201d<br \/>\nYerli otomobilin i\u00e7 pazarda mutlaka kabul g\u00f6rece\u011finin alt\u0131n\u0131 \u00e7izen G\u00fcltekin, T\u00fcrkiye\u2019nin ilk yerli otomobili olan Anadol\u2019un 1966 y\u0131l\u0131nda \u00fcretildi\u011fini an\u0131msatt\u0131. T\u00fcrkiye\u2019nin o g\u00fcnden bu yana b\u00fcy\u00fck yol kat etti\u011fini ifade eden G\u00fcltekin, \u015f\u00f6yle devam etti: \u201c\u015eu an kulland\u0131\u011f\u0131m\u0131z teknoloji ile o zaman kullan\u0131lan teknoloji aras\u0131nda b\u00fcy\u00fck fark var. Anadol d\u00fcnya markalar\u0131 ile rekabet edemedi\u011fi i\u00e7in 1984 y\u0131l\u0131nda \u00fcretimi durduruldu. E\u011fer \u00fcretim adeti artarsa o zaman maliyetler d\u00fc\u015fer, i\u015f karl\u0131 hale gelir. Bunun i\u00e7in de \u00f6ncelikle hem maliyeti d\u00fc\u015f\u00fck hem de g\u00fcn\u00fcm\u00fcz teknolojisine uygun bir yerli otomobil \u00fcretilmeli. Bu anlamda da ar-ge \u00e7al\u0131\u015fmalar\u0131 \u00e7ok \u00f6nemli. \u0130yi bir ar-ge \u00e7al\u0131\u015fmas\u0131 ile geli\u015ftirilecek otomobilin d\u00fcnya pazar\u0131nda kabul g\u00f6rmemesi i\u00e7in bir neden yok. Bu anlamda da sanayicilerimize b\u00fcy\u00fck g\u00f6rev d\u00fc\u015f\u00fcyor. Eminim ki, sanayicilerimizin ataca\u011f\u0131 bu \u00f6nemli ad\u0131m ile birlikte devletimizin de \u00e7ok b\u00fcy\u00fck te\u015fvik ve katk\u0131lar\u0131 olacakt\u0131r.\u201d<br \/>\n\u201cYerli otomobilin adresi Mersin olsun\u201d<br \/>\nMarmara Havzas\u0131\u2019n\u0131n her ge\u00e7en g\u00fcn darald\u0131\u011f\u0131n\u0131 ve T\u00fcrkiye\u2019deki tek alternatifinin Mersin oldu\u011funu vurgulayan G\u00fcltekin, yerli otomobilin adresinin Mersin olmas\u0131n\u0131 isteyerek, \u015funlar\u0131 kaydetti: \u201cLojistik \u00fcst\u00fcnl\u00fc\u011f\u00fc ile b\u00f6lgesinin lider kenti konumundaki Mersin, organize sanayi b\u00f6lgesinin limana olan yak\u0131nl\u0131\u011f\u0131 ile kolay demiryolu ve karayolu ula\u015f\u0131m\u0131 ile \u00f6n\u00fcm\u00fczdeki y\u0131llarda T\u00fcrk sanayisinin g\u00f6z bebe\u011fi olma yolundad\u0131r. Yerli otomobilde ihracat \u015fart. Bu anlamda da b\u00f6yle \u00f6nemli bir yat\u0131r\u0131m\u0131n Mersin\u2019de yap\u0131lmas\u0131 durumunda lojistik anlamda yat\u0131r\u0131m de\u011fer kazanacakt\u0131r. T\u00fcrkiye i\u00e7in \u00e7ok \u00f6nemli olan yerli otomobil \u00fcretiminin kentimizde hayat bulmas\u0131n\u0131 \u00e7ok isteriz.\u201d<\/p>\n","protected":false},"excerpt":{"rendered":"<p>AK Parti Mezitli \u0130l\u00e7e Ba\u015fkan\u0131 \u0130hsan G\u00fcltekin, yerli otomobil \u00fcretimi i\u00e7in gerekli zemin olu\u015fturuldu\u011funda, ihracat\u0131n sorun olmayaca\u011f\u0131n\u0131 belirterek, \u201cT\u00fcrkiye i\u00e7in \u00e7ok \u00f6nemli olan yerli otomobil \u00fcretiminin Mersin\u2019de hayat bulmas\u0131n\u0131 \u00e7ok &hellip; <a href=\"https:\/\/akdenizolaygazetesi.com\/?p=1306\" class=\"more-link\">Devam\u0131n\u0131 Oku&#8230;<\/a><\/p>\n","protected":false},"author":1,"featured_media":0,"comment_status":"open","ping_status":"open","sticky":false,"template":"","format":"standard","meta":[],"categories":[],"tags":[],"_links":{"self":[{"href":"https:\/\/akdenizolaygazetesi.com\/index.php?rest_route=\/wp\/v2\/posts\/1306"}],"collection":[{"href":"https:\/\/akdenizolaygazetesi.com\/index.php?rest_route=\/wp\/v2\/posts"}],"about":[{"href":"https:\/\/akdenizolaygazetesi.com\/index.php?rest_route=\/wp\/v2\/types\/post"}],"author":[{"embeddable":true,"href":"https:\/\/akdenizolaygazetesi.com\/index.php?rest_route=\/wp\/v2\/users\/1"}],"replies":[{"embeddable":true,"href":"https:\/\/akdenizolaygazetesi.com\/index.php?rest_route=%2Fwp%2Fv2%2Fcomments&post=1306"}],"version-history":[{"count":0,"href":"https:\/\/akdenizolaygazetesi.com\/index.php?rest_route=\/wp\/v2\/posts\/1306\/revisions"}],"wp:attachment":[{"href":"https:\/\/akdenizolaygazetesi.com\/index.php?rest_route=%2Fwp%2Fv2%2Fmedia&parent=1306"}],"wp:term":[{"taxonomy":"category","embeddable":true,"href":"https:\/\/akdenizolaygazetesi.com\/index.php?rest_route=%2Fwp%2Fv2%2Fcategories&post=1306"},{"taxonomy":"post_tag","embeddable":true,"href":"https:\/\/akdenizolaygazetesi.com\/index.php?rest_route=%2Fwp%2Fv2%2Ftags&post=1306"}],"curies":[{"name":"wp","href":"https:\/\/api.w.org\/{rel}","templated":true}]}}