{"id":1307,"date":"2020-11-04T18:21:54","date_gmt":"2020-11-04T15:21:54","guid":{"rendered":"http:\/\/mersinekonomipolitikagazetesi.com\/?p=1307"},"modified":"2020-11-04T18:21:54","modified_gmt":"2020-11-04T15:21:54","slug":"kizilay-yardim-gemileri-ramazanin-bereketini-afrikaya-tasiyacak","status":"publish","type":"post","link":"https:\/\/akdenizolaygazetesi.com\/?p=1307","title":{"rendered":"K\u0131z\u0131lay yard\u0131m gemileri Ramazan\u2019\u0131n bereketini Afrika&#8217;ya ta\u015f\u0131yacak"},"content":{"rendered":"<p>Afrika \u00fclkelerinde ya\u015fanan insani krizlere sessiz kalmayan K\u0131z\u0131lay, Cumhurba\u015fkan\u0131 Recep Tayyip Erdo\u011fan\u2019\u0131n talimat\u0131yla Somali, Yemen ve Sudan\u2019a Ramazan ay\u0131 i\u00e7erisinde \u00fc\u00e7 yard\u0131m gemisi g\u00f6nderecek. K\u0131z\u0131lay yard\u0131m gemileri SEKA Liman\u0131\u2019nda haz\u0131rlan\u0131yor.<\/p>\n<p>Mersin\u2019in Silifke il\u00e7esine ba\u011fl\u0131 Ta\u015fucu Mahallesi&#8217;nde bulunan SEKA Liman\u0131&#8217;nda y\u00fcklerini almaya ve yola \u00e7\u0131kmaya haz\u0131rlanan yard\u0131m gemileri Ramazan ay\u0131 i\u00e7inde yola \u00e7\u0131karak, ihtiya\u00e7 sahibi insanlar\u0131n sofralar\u0131n\u0131 bereketlendirecek.<br \/>\nKaptan Fikret \u00dcnver y\u00f6netimindeki MV Sebat isimli 18 bin 500 tonluk kuru y\u00fck gemisi 22 m\u00fcrettebatla birlikte T\u00fcrk Deniz Kuvvetleri&#8217;ne ait Giresun Firkateyni e\u015fli\u011finde Somali\u2019nin Mogadi\u015fu Liman\u0131&#8217;na gidecek. 2 Haziran 2017 tarihine kadar y\u00fcklemesini tamamlayacak geminin yakla\u015f\u0131k 11 g\u00fcnl\u00fck yolculuktan sonra 3 bin deniz mili uzakl\u0131\u011f\u0131ndaki Mogadi\u015fu Liman\u0131&#8217;na demir atmas\u0131 planlan\u0131yor. T\u00fcrkiye\u2019den Somali\u2019ye 12. seferi yapacak olan MV Sebat gemisi \u015fimdiye kadar giden gemiler aras\u0131nda en b\u00fcy\u00fck ve en \u00e7ok y\u00fck alan gemi olma \u00f6zelli\u011fini ta\u015f\u0131yor.<br \/>\nK\u0131z\u0131lay Genel Ba\u015fkan\u0131 Dr. Kerem K\u0131n\u0131k, limanda y\u00fck alan gemilerde incelemelerde bulundu. \u201cBug\u00fcn yine bir iyilik operasyonu ile bir iyilik gemisiyle birlikteyiz\u201d diyen Dr. Kerem K\u0131n\u0131k, \u201cBiliyorsunuz El-Nino felaketinden sonra \u00f6zellikle Afrika\u2019n\u0131n Do\u011fu b\u00f6lgesinde ve Yemen\u2019de Hicaz\u2019\u0131n g\u00fcneyinde \u00e7ok b\u00fcy\u00fck bir kurakl\u0131k ba\u015flad\u0131. Bu kurakl\u0131k son 60 y\u0131l\u0131n en a\u011f\u0131r kurakl\u0131\u011f\u0131yd\u0131. Bu kurakl\u0131k b\u00fcy\u00fck bir a\u00e7l\u0131k krizini tetikledi ve \u00f6zellikle silahl\u0131 \u00e7at\u0131\u015fmalar\u0131n oldu\u011fu, devlet d\u00fczeninin bozuk oldu\u011fu Somali, Yemen ve G\u00fcney Sudan\u2019da tam bir felaket halini ald\u0131. K\u0131z\u0131lay olarak biz Anadolu\u2019muzun yard\u0131m sever insanlar\u0131yla devletimizin AFAD gibi, T\u0130KA gibi, Toprak Mahsulleri Ofisi gibi kurular\u0131yla, Cumhurba\u015fkan\u0131m\u0131z\u0131n Mart ay\u0131nda ba\u015flatm\u0131\u015f oldu\u011fu \u201cUmudu Ol\u201d inisiyatifi ile harekete ge\u00e7tik. Bu \u00e7er\u00e7evede bug\u00fcn bu hareket son noktalar\u0131na gelmi\u015f oldu. Bug\u00fcn Mersin-Ta\u015fucu Liman\u0131\u2019nday\u0131z ve 15 bin tonluk Sebat gemisinin y\u00fcklenmesini izliyoruz. Bu anlamda gemimizin kalkmas\u0131na 1-2 g\u00fcn kald\u0131. Bu geminin i\u00e7erisinde 15 bin tonluk g\u0131da var. Un, \u015feker, ila\u00e7, \u00e7ocuk mamalar\u0131, sivil toplum kurulu\u015flar\u0131m\u0131z\u0131n \u00f6zellikle Somali b\u00f6lgesinin \u00e7evrelerine gidecek bin t\u0131r yard\u0131m malzemesi var. O b\u00f6lgenin 3 milyon insan\u0131n\u0131 bir ay boyunca besleyebilecek g\u0131da bar\u0131nd\u0131r\u0131yor. O b\u00f6lgeye \u00e7ok b\u00fcy\u00fck destek olacak tam da o insanlar \u00f6l\u00fcmle pen\u00e7ele\u015firken. Buna benzer iki gemimiz daha haz\u0131rlan\u0131yor. Bundan sonraki gemimiz Yemen ve Aden Liman\u0131&#8217;na olacak. 15 bin ton y\u00fck ta\u015f\u0131yacak. Yemen\u2019de de ge\u00e7en sene sadece 65 bin \u00e7ocu\u011fumuzu a\u00e7l\u0131ktan kaybettik. \u015eu an b\u00fcy\u00fck bir kolera salg\u0131n\u0131 var Somali\u2019de Yemen\u2019de ve G\u00fcney Sudan\u2019da. Yemen\u2019i takiben G\u00fcney Sudan\u2019a Kuzey b\u00f6lgelerine muhtemelen Port Sudan Liman\u0131&#8217;n\u0131 kullanarak ula\u015fmaya \u00e7al\u0131\u015faca\u011f\u0131z. Bu b\u00fcy\u00fck bir seferberlik. Devletimizin, Say\u0131n Cumhurba\u015fkan\u0131m\u0131z\u0131n \u00f6nc\u00fcl\u00fc\u011f\u00fcnde ba\u015flat\u0131lan \u201cUmudu Ol\u201d kampanyas\u0131na destek veren milletimizin, K\u0131z\u0131lay\u2019\u0131n, AFAD\u2019\u0131n, T\u0130KA\u2019n\u0131n, el birli\u011fi ile yapm\u0131\u015f oldu\u011fu b\u00fcy\u00fck bir iyilik inisiyatifidir ve in\u015fallah o b\u00f6lgede a\u00e7l\u0131kla, \u00f6l\u00fcm\u00fcn k\u0131y\u0131s\u0131na gelmi\u015f yakla\u015f\u0131k 9 milyon insana da bu gemiler arac\u0131l\u0131\u011f\u0131yla ula\u015faca\u011f\u0131z\u201d dedi.<\/p>\n<p>\u201c9 milyon insana yetecek\u201d<br \/>\nRamazan ay\u0131nca 9 milyon insana bu yard\u0131mlar\u0131n ula\u015faca\u011f\u0131n\u0131 belirten Dr. Kerem K\u0131n\u0131k, \u201c9 milyon insana Ramazan ay\u0131 boyunca beslenebilecekleri g\u0131dalar\u0131 o insanlara ula\u015ft\u0131rm\u0131\u015f olaca\u011f\u0131z. Son 6 y\u0131ldaki 16\u2019nc\u0131 gemimiz. Ge\u00e7en sene sadece Somali, Etiyopya ve Gazze b\u00f6lgesine be\u015f gemi g\u00f6nderdik. Bununla beraber g\u00f6nderdi\u011fimiz gemi say\u0131s\u0131 12 olacak. Bununla birlikte yine 85 bin ton g\u0131da ve insani yard\u0131m malzemesini sadece Somali\u2019ye g\u00f6ndermi\u015f oluyoruz. Bu bizim i\u00e7in gurur kayna\u011f\u0131, bir \u00f6v\u00fcn\u00e7 vesilesi sorumlulu\u011fumuzu yerine getirmi\u015f oluyoruz. Bu gemilerin i\u00e7inde ta\u015f\u0131nan y\u00fck Somali\u2019de Somali b\u00f6lgesinde Somali K\u0131z\u0131lay\u0131 ve genel yetkililerle Somali\u2019nin b\u00fct\u00fcn b\u00f6lgelerine, k\u0131rsal b\u00f6lgelerine \u00f6zellikle kurakl\u0131\u011f\u0131n vurmu\u015f oldu\u011fu yerlere da\u011f\u0131t\u0131lacak. Bu da \u00e7ok b\u00fcy\u00fck bir operasyon. T\u00fcrkiye i\u00e7in de \u00e7ok b\u00fcy\u00fck bir operasyon. Dolay\u0131s\u0131yla A\u2019dan Z\u2019ye kadar bu operasyonu ger\u00e7ekle\u015ftiren b\u00fct\u00fcn ba\u011f\u0131\u015f\u00e7\u0131lar\u0131m\u0131za, K\u0131z\u0131lay profesyonel \u00e7al\u0131\u015fanlar\u0131m\u0131za, AFAD ve T\u0130KA yetkililerimize gemimizin kaptanlar\u0131na, m\u00fcrettebatlar\u0131na, k\u0131ymetli i\u015f\u00e7i karde\u015flerimize, Toprak Mahsulleri Ofisi\u2019ne ve in\u015fallah bu geminin g\u00fcvenli bir \u015fekilde Somali\u2019nin Mogadi\u015fu Liman\u0131&#8217;na seyretmesi i\u00e7in nezaret edecek olan T\u00fcrk Silahl\u0131 Kuvvetleri\u2019ne, Deniz Kuvvetlerimize, Kruvaze gemimizin kaptanlar\u0131na ve m\u00fcrettebat\u0131na \u015f\u00fckranlar\u0131 arz ediyorum. Ramazan K\u0131z\u0131lay i\u00e7in ve b\u00fct\u00fcn insani yard\u0131m kurulu\u015flar\u0131 i\u00e7in g\u00f6kten ya\u011fan bereketleri topla ay\u0131. Dolay\u0131s\u0131yla Ramazan\u2019\u0131 bu hilalin alt\u0131nda payla\u015fal\u0131m ismiyle \u00e7\u0131kt\u0131\u011f\u0131m\u0131z Ramazan ay\u0131 boyunca yapaca\u011f\u0131m\u0131z birtak\u0131m aktiviteler var. Umudu Ol kampanyas\u0131 Ramazan ay\u0131nda da devam edecek\u201d dedi.<\/p>\n","protected":false},"excerpt":{"rendered":"<p>Afrika \u00fclkelerinde ya\u015fanan insani krizlere sessiz kalmayan K\u0131z\u0131lay, Cumhurba\u015fkan\u0131 Recep Tayyip Erdo\u011fan\u2019\u0131n talimat\u0131yla Somali, Yemen ve Sudan\u2019a Ramazan ay\u0131 i\u00e7erisinde \u00fc\u00e7 yard\u0131m gemisi g\u00f6nderecek. K\u0131z\u0131lay yard\u0131m gemileri SEKA Liman\u0131\u2019nda haz\u0131rlan\u0131yor. &hellip; <a href=\"https:\/\/akdenizolaygazetesi.com\/?p=1307\" class=\"more-link\">Devam\u0131n\u0131 Oku&#8230;<\/a><\/p>\n","protected":false},"author":1,"featured_media":0,"comment_status":"open","ping_status":"open","sticky":false,"template":"","format":"standard","meta":[],"categories":[],"tags":[],"_links":{"self":[{"href":"https:\/\/akdenizolaygazetesi.com\/index.php?rest_route=\/wp\/v2\/posts\/1307"}],"collection":[{"href":"https:\/\/akdenizolaygazetesi.com\/index.php?rest_route=\/wp\/v2\/posts"}],"about":[{"href":"https:\/\/akdenizolaygazetesi.com\/index.php?rest_route=\/wp\/v2\/types\/post"}],"author":[{"embeddable":true,"href":"https:\/\/akdenizolaygazetesi.com\/index.php?rest_route=\/wp\/v2\/users\/1"}],"replies":[{"embeddable":true,"href":"https:\/\/akdenizolaygazetesi.com\/index.php?rest_route=%2Fwp%2Fv2%2Fcomments&post=1307"}],"version-history":[{"count":0,"href":"https:\/\/akdenizolaygazetesi.com\/index.php?rest_route=\/wp\/v2\/posts\/1307\/revisions"}],"wp:attachment":[{"href":"https:\/\/akdenizolaygazetesi.com\/index.php?rest_route=%2Fwp%2Fv2%2Fmedia&parent=1307"}],"wp:term":[{"taxonomy":"category","embeddable":true,"href":"https:\/\/akdenizolaygazetesi.com\/index.php?rest_route=%2Fwp%2Fv2%2Fcategories&post=1307"},{"taxonomy":"post_tag","embeddable":true,"href":"https:\/\/akdenizolaygazetesi.com\/index.php?rest_route=%2Fwp%2Fv2%2Ftags&post=1307"}],"curies":[{"name":"wp","href":"https:\/\/api.w.org\/{rel}","templated":true}]}}