{"id":13074,"date":"2021-06-29T14:46:50","date_gmt":"2021-06-29T11:46:50","guid":{"rendered":"http:\/\/akdenizolaygazetesi.com\/?p=13074"},"modified":"2021-06-29T14:46:50","modified_gmt":"2021-06-29T11:46:50","slug":"mersin-buyuksehirden-yksye-girenlere-konser-surprizi","status":"publish","type":"post","link":"https:\/\/akdenizolaygazetesi.com\/?p=13074","title":{"rendered":"MERS\u0130N B\u00dcY\u00dcK\u015eEH\u0130R\u2019DEN YKS\u2019YE G\u0130RENLERE KONSER S\u00dcRPR\u0130Z\u0130"},"content":{"rendered":"<p>Mersin B\u00fcy\u00fck\u015fehir Belediyesi K\u00fclt\u00fcr ve Sosyal \u0130\u015fler Dairesi, Y\u00fcksek\u00f6\u011fretim Kurumlar\u0131 S\u0131nav\u0131\u2019n\u0131n sona ermesiyle birlikte hafta ba\u015f\u0131nda \u201cYKS Biter, Bu Gen\u00e7ler Konsere Ka\u00e7ar\u201d slogan\u0131yla bir konser d\u00fczenledi. Saat 18.30\u2019da ba\u015flay\u0131p 21.00\u2019e kadar s\u00fcren konserlerle gen\u00e7ler bir y\u0131ll\u0131k s\u0131nav streslerini geride b\u0131rakt\u0131. Denizk\u0131z\u0131 Turizm A.\u015e.\u2019nin i\u015fletti\u011fi B\u00fcy\u00fck\u015fehir\u2019in Bakkal\u2019\u0131ndan gen\u00e7lere i\u00e7ecek ikram\u0131 da yap\u0131ld\u0131.<\/p>\n<p>S\u0131nav stresini at\u0131p ya\u015f\u0131tlar\u0131yla birlikte keyifli vakit ge\u00e7irdiler<\/p>\n<p>B\u00fcy\u00fck\u015fehir\u2019in sosyal medya hesaplar\u0131nda \u2018Adnan Menderes Sahili U\u00e7ak Yan\u0131\u2019 olarak duyurulan konser alan\u0131na giri\u015f belgeleri ile gelen gen\u00e7ler, B\u00fcy\u00fck\u015fehir\u2019in Bakkal\u2019\u0131ndan kendilerine hediye edilen i\u00e7ecekle alandaki yerini ald\u0131. \u0130lk olarak saat 18.30\u2019da Etno Band\u2019\u0131n sahne almas\u0131yla ba\u015flayan konser DJ performans\u0131 ile s\u00fcrd\u00fc. S\u0131nav stresini dans edip \u015fark\u0131lar s\u00f6yleyerek geride b\u0131rakan gen\u00e7ler, ya\u015f\u0131tlar\u0131yla a\u00e7\u0131k alanda vakit ge\u00e7irmenin tad\u0131n\u0131 \u00e7\u0131kard\u0131. Kaya Tayman &#038; Can \u00dcnald\u0131\u2019n\u0131n da sahne ald\u0131\u011f\u0131 konser saat 21.00\u2019e kadar s\u00fcrd\u00fc.<\/p>\n<p>\u201cB\u00fct\u00fcn y\u0131l uzaktan e\u011fitim alarak \u00e7al\u0131\u015ft\u0131k\u201d<\/p>\n<p>Gen\u00e7lerden H\u00fcseyin Ali Erdem, zor bir y\u0131l ge\u00e7irerek s\u0131nava girdi\u011fini ve hedefinin psikoloji b\u00f6l\u00fcm\u00fcn\u00fc kazanmak oldu\u011funu belirterek, \u201cB\u00fct\u00fcn bir y\u0131l uzaktan e\u011fitim alarak \u00e7al\u0131\u015ft\u0131k. Yine g\u00fczel ge\u00e7ti. Emeklerimizin kar\u015f\u0131l\u0131\u011f\u0131n\u0131 alabildik mi? \u00c7\u0131kan sonu\u00e7lara bak\u0131nca; hay\u0131r. Ama yine de iyi \u015feyler umuyoruz. Bu konseri de sosyal medyadan g\u00f6rd\u00fcm. B\u00fct\u00fcn bu stresi m\u00fczik dinleyerek, \u00e7ok g\u00fczel bir \u015fekilde at\u0131yoruz. Bence baya\u011f\u0131 zevkliydi. \u0130\u00e7ece\u011fimizi de ald\u0131k. Vahap Ba\u015fkan\u2019a buradan bir gen\u00e7 olarak \u00e7ok te\u015fekk\u00fcr ediyorum. Her \u015fey \u00e7ok g\u00fczel olacak\u201d dedi.<\/p>\n<p>\u201cBu konseri internetten duydum\u201d<\/p>\n<p>Gen\u00e7lerden Ey\u00fcp Eren Kuyuru, hedefinin psikoloji b\u00f6l\u00fcm\u00fc kazanmak oldu\u011funu ve s\u0131navda iyi bir performans sergiledi\u011fini belirterek, \u015funlar\u0131 s\u00f6yledi:<\/p>\n<p>\u201c\u00c7ok g\u00fczel ge\u00e7ti. Belediyemizin de \u00fccretsiz kursu vard\u0131, oraya yaz\u0131ld\u0131m. Orada derslerimi g\u00f6rd\u00fcm. Hocalar\u0131m benimle \u00e7ok ilgilendi. Neticesinde sonucumu \u00e7ok g\u00fczel ald\u0131m. Yanl\u0131\u015flar\u0131ma bakt\u0131m; toplamda 80 soruda 9 yanl\u0131\u015f\u0131m \u00e7\u0131kt\u0131. Bu konseri de internetten duydum. Vahap Se\u00e7er Ba\u015fkan\u0131m\u0131z YKS \u00f6\u011frencilerine s\u0131navdan sonra stres atmalar\u0131 i\u00e7in b\u00f6yle bir imkan sundu. Biz de bu imkan\u0131 de\u011ferlendirerek geldik, konserimizi dinliyoruz.\u201d<\/p>\n<p>\u201cS\u0131nava haz\u0131rlan\u0131yorduk ama o psikolojiyi kimse anlayamaz\u201d<\/p>\n<p>Ece Bekta\u015fo\u011flu, B\u00fcy\u00fck\u015fehir\u2019in kurs merkezlerinde s\u0131nava haz\u0131rland\u0131\u011f\u0131n\u0131 ve s\u0131nav sonras\u0131 konsere geldi\u011fini vurgulayarak, \u201cBenim i\u00e7in pandeminin etkisiyle biraz daha zorlu ge\u00e7ti. Psikolojik olarak da zorluk ya\u015fad\u0131m. Burada en az\u0131ndan kafam\u0131z\u0131 dinlendirdik. \u00c7\u00fcnk\u00fc \u00e7ok b\u00fcy\u00fck bir zorluk ya\u015fad\u0131k. Asl\u0131nda sadece s\u0131nava haz\u0131rlan\u0131yorduk ama o psikolojiyi kimse anlayamaz. Sadece bizim gibi s\u0131nava girenler anlayabilir. Etkinlik ger\u00e7ekten \u00e7ok g\u00fczel\u201d diye konu\u015ftu.<\/p>\n<p>\u201cBence etkinlik \u00e7ok e\u011flenceli, ben \u00e7ok verim ald\u0131m\u201d<\/p>\n<p>B\u00fcy\u00fck\u015fehir\u2019in kurs merkezlerinde s\u0131nava haz\u0131rlanan ve hedefinin t\u0131p fak\u00fcltesi kazanmak oldu\u011funu kaydeden K\u00fcbra Y\u0131ld\u0131r\u0131m ise \u201cHem staj\u0131m\u0131z vard\u0131 hem s\u0131nava \u00e7al\u0131\u015fma. \u0130kisine yeti\u015fmekte \u00e7ok zorlan\u0131yorduk. Biz zaten belediye dershanesine gidiyoruz. Oradaki bir hocam\u0131z sayesinde etkinlikten haberimiz oldu ve s\u0131nav sonras\u0131 \u2018gelelim\u2019 dedik. Bizim i\u00e7in yap\u0131lan bir etkinlikti. Buradan da Vahap Se\u00e7er\u2019e te\u015fekk\u00fcr ediyoruz. Bence \u00e7ok e\u011flenceli, ben \u00e7ok verim ald\u0131m\u201d ifadelerine yer verdi. <\/p>\n","protected":false},"excerpt":{"rendered":"<p>Mersin B\u00fcy\u00fck\u015fehir Belediyesi K\u00fclt\u00fcr ve Sosyal \u0130\u015fler Dairesi, Y\u00fcksek\u00f6\u011fretim Kurumlar\u0131 S\u0131nav\u0131\u2019n\u0131n sona ermesiyle birlikte hafta ba\u015f\u0131nda \u201cYKS Biter, Bu Gen\u00e7ler Konsere Ka\u00e7ar\u201d slogan\u0131yla bir konser d\u00fczenledi. Saat 18.30\u2019da ba\u015flay\u0131p 21.00\u2019e &hellip; <a href=\"https:\/\/akdenizolaygazetesi.com\/?p=13074\" class=\"more-link\">Devam\u0131n\u0131 Oku&#8230;<\/a><\/p>\n","protected":false},"author":2,"featured_media":0,"comment_status":"open","ping_status":"open","sticky":false,"template":"","format":"standard","meta":[],"categories":[2,3,5],"tags":[],"_links":{"self":[{"href":"https:\/\/akdenizolaygazetesi.com\/index.php?rest_route=\/wp\/v2\/posts\/13074"}],"collection":[{"href":"https:\/\/akdenizolaygazetesi.com\/index.php?rest_route=\/wp\/v2\/posts"}],"about":[{"href":"https:\/\/akdenizolaygazetesi.com\/index.php?rest_route=\/wp\/v2\/types\/post"}],"author":[{"embeddable":true,"href":"https:\/\/akdenizolaygazetesi.com\/index.php?rest_route=\/wp\/v2\/users\/2"}],"replies":[{"embeddable":true,"href":"https:\/\/akdenizolaygazetesi.com\/index.php?rest_route=%2Fwp%2Fv2%2Fcomments&post=13074"}],"version-history":[{"count":1,"href":"https:\/\/akdenizolaygazetesi.com\/index.php?rest_route=\/wp\/v2\/posts\/13074\/revisions"}],"predecessor-version":[{"id":13076,"href":"https:\/\/akdenizolaygazetesi.com\/index.php?rest_route=\/wp\/v2\/posts\/13074\/revisions\/13076"}],"wp:attachment":[{"href":"https:\/\/akdenizolaygazetesi.com\/index.php?rest_route=%2Fwp%2Fv2%2Fmedia&parent=13074"}],"wp:term":[{"taxonomy":"category","embeddable":true,"href":"https:\/\/akdenizolaygazetesi.com\/index.php?rest_route=%2Fwp%2Fv2%2Fcategories&post=13074"},{"taxonomy":"post_tag","embeddable":true,"href":"https:\/\/akdenizolaygazetesi.com\/index.php?rest_route=%2Fwp%2Fv2%2Ftags&post=13074"}],"curies":[{"name":"wp","href":"https:\/\/api.w.org\/{rel}","templated":true}]}}