{"id":13084,"date":"2021-06-30T12:18:01","date_gmt":"2021-06-30T09:18:01","guid":{"rendered":"http:\/\/akdenizolaygazetesi.com\/?p=13084"},"modified":"2021-06-30T12:18:01","modified_gmt":"2021-06-30T09:18:01","slug":"secer-buyuksehir-belediyesi-olarak-bu-beraberlikten-mutluyuz","status":"publish","type":"post","link":"https:\/\/akdenizolaygazetesi.com\/?p=13084","title":{"rendered":"SE\u00c7ER: \u201cB\u00dcY\u00dcK\u015eEH\u0130R BELED\u0130YES\u0130 OLARAK BU BERABERL\u0130KTEN MUTLUYUZ\u201d"},"content":{"rendered":"<p>Mersin B\u00fcy\u00fck\u015fehir Belediye Ba\u015fkan\u0131 Vahap Se\u00e7er, Mersin\u2019e De\u011fer Katanlar Kurulu\u2019nun (MEDEKA) alt kurullar\u0131 ile bir araya gelmeye ve kurul \u00fcyeleri ile fikir al\u0131\u015fveri\u015finde bulunmaya devam ediyor. Ba\u015fkan Se\u00e7er, Kent Tarihi Ara\u015ft\u0131rmalar\u0131 Kurulu ile kent belle\u011fi, tarihi ve k\u00fclt\u00fcr\u00fc hakk\u0131nda sohbet etti.<\/p>\n<p>\u201cHakikaten g\u00fczel \u015feyler olacak. \u00c7ok \u00f6nemli potansiyel var elimizde\u201d<\/p>\n<p>Ge\u00e7ti\u011fimiz g\u00fcnlerde MEDEKA\u2019n\u0131n Sinema ve Edebiyat Kurullar\u0131 ile bir araya gelen Ba\u015fkan Se\u00e7er\u2019e bu kez de Kent Tarihi Ara\u015ft\u0131rmalar\u0131 Kurulu \u00fcyeleri ile bir araya geldi.<\/p>\n<p>Toplant\u0131da Ba\u015fkan Se\u00e7er\u2019e, B\u00fcy\u00fck\u015fehir Belediyesi Genel Sekreter Yard\u0131mc\u0131s\u0131 Hasan G\u00f6kbel ile K\u00fclt\u00fcr ve Sosyal \u0130\u015fler Dairesi Ba\u015fkanl\u0131\u011f\u0131 Koordinat\u00f6r\u00fc Bengi \u0130spir \u00d6zd\u00fclger e\u015flik etti. Ba\u015fkan Se\u00e7er, MEDEKA kurullar\u0131 ile ger\u00e7ekle\u015ftirdikleri toplant\u0131lar\u0131n \u00f6nemine de\u011finerek, \u201cZaman zaman burada her kesimden insanlar\u0131 a\u011f\u0131rlamak, onlarla sohbet etmek iyi oluyor. \u00d6nemli \u00e7al\u0131\u015fmalar olaca\u011f\u0131n\u0131 g\u00f6r\u00fcyorum a\u00e7\u0131k\u00e7as\u0131, \u00e7ok inan\u0131yorum. Yani hakikaten g\u00fczel \u015feyler olacak. \u00c7ok \u00f6nemli potansiyel var elimizde. Kent, kentin ge\u00e7mi\u015fi, tarihi, g\u00fcn\u00fc, her alanda; bunu da a\u00e7\u0131\u011fa \u00e7\u0131karacak irade varsa gerisi bizim \u00e7al\u0131\u015fmalar\u0131m\u0131za kal\u0131yor. Biz B\u00fcy\u00fck\u015fehir Belediyesi olarak bu beraberlikten son derece mutluyuz. Netice itibariyle kentin belediyesi, kentlinin belediyesi. Ben de kentin Belediye Ba\u015fkan\u0131y\u0131m. Hem\u015fehrilerimin belediye ba\u015fkan\u0131y\u0131m. Onlar ad\u0131na bir \u015fey yap\u0131laca\u011f\u0131 i\u00e7in \u00e7ok mutluyum. Ad\u0131ndan da anla\u015f\u0131laca\u011f\u0131 gibi; \u2018Mersin\u2019e De\u011fer Katmak\u2019. Bunlar\u0131 ortaya \u00e7\u0131karacak faaliyetlerde bulunmak\u201d dedi. Ba\u015fkan Se\u00e7er konu\u015fmas\u0131n\u0131n ard\u0131ndan kurul \u00fcyelerinin fikirlerini ve \u00f6nerilerini dinledi. Kurul \u00fcyeleri Ba\u015fkan Se\u00e7er\u2019e kent belle\u011fi, tarihi ve k\u00fclt\u00fcr\u00fc ad\u0131na yapm\u0131\u015f oldu\u011fu \u00e7al\u0131\u015fmalardan ve katk\u0131lardan dolay\u0131 te\u015fekk\u00fcrlerini iletti. <\/p>\n<p>\u201c\u0130\u015fin parasal boyutunu d\u00fc\u015f\u00fcnd\u00fc\u011f\u00fcn\u00fcz zaman tarih yok olup gidiyor\u201d<\/p>\n<p>Kurul \u00fcyelerini tek tek dinleyen ve yapt\u0131klar\u0131 \u00e7al\u0131\u015fmalar hakk\u0131nda bilgi alan Ba\u015fkan Se\u00e7er, kent haf\u0131zas\u0131n\u0131n dijital bir platforma ta\u015f\u0131nmas\u0131 konusunda \u00e7al\u0131\u015fmalar\u0131n ba\u015flad\u0131\u011f\u0131n\u0131 duyurdu. \u00d6n\u00fcm\u00fczdeki y\u0131l Mersin\u2019in i\u015fgalden kurtulu\u015funun 100. Y\u0131l\u0131\u2019n\u0131n kutlanaca\u011f\u0131n\u0131 hat\u0131rlatan Ba\u015fkan Se\u00e7er, bu kapsamda \u00f6zel \u00e7al\u0131\u015fmalar yapt\u0131klar\u0131n\u0131 ifade etti.<\/p>\n<p>Se\u00e7er, kurul \u00fcyelerinin sorular\u0131na tek tek yan\u0131t verirken, yenileme alan\u0131 konusuna da de\u011findi. Se\u00e7er, Kasaplar \u00c7ar\u015f\u0131s\u0131\u2019nda istimlak karar\u0131 ald\u0131klar\u0131n\u0131 kaydederken, \u201cKamula\u015ft\u0131rma karar\u0131 ald\u0131k. \u0130\u015flemler y\u00fcr\u00fcyor. \u0130\u015fin parasal boyutunu d\u00fc\u015f\u00fcnd\u00fc\u011f\u00fcn\u00fcz zaman tarih yok olup gidiyor. Ben g\u00f6zlemlerimi s\u00f6yleyeyim. Biz belediye olarak \u00e7ok samimi bak\u0131yoruz bu i\u015flere. Parasal boyutu hi\u00e7 umurumuzda bile de\u011fil. Bunu sa\u011flam bir zemine oturtmam\u0131z laz\u0131m\u201d dedi.<\/p>\n<p>\u00dcyelerden gelen MEDEKA\u2019n\u0131n belediye haricinde vakfa d\u00f6n\u00fc\u015ft\u00fcr\u00fcl\u00fcp, kurumsal bir yap\u0131ya kavu\u015fturulmas\u0131 hakk\u0131ndaki \u00f6neriyi de de\u011ferlendiren Se\u00e7er, \u201cHakikaten olabilir. Yani bunun y\u00f6ntemi nedir, bunun \u00fczerinde konu\u015fulur. Bir kurumsal h\u00fcviyeti olabilir. Tabi ki d\u00fczg\u00fcn bir yap\u0131 kurmak laz\u0131m. Bu da \u00e7ok \u00f6nemli\u201d dedi.<\/p>\n<p>\u201cK\u0131rm\u0131z\u0131-Lacivert\u2019i y\u0131k\u0131p, oray\u0131 bir kent meydan\u0131na \u00e7evirece\u011fiz\u201d<\/p>\n<p>Eski tarihi kent merkezinde yap\u0131lan \u00e7al\u0131\u015fmalar\u0131 da de\u011ferlendiren Se\u00e7er, \u201c\u015eu anda K\u0131rm\u0131z\u0131-Lacivert\u2019i bo\u015falt\u0131yoruz biliyorsunuz. Kesinlikle y\u0131kaca\u011f\u0131z. Tart\u0131\u015fmam bile. Orada Zafer \u00c7ar\u015f\u0131s\u0131 esnaf\u0131 ba\u015f\u0131m\u0131n tac\u0131. Her t\u00fcrl\u00fc katk\u0131y\u0131 yapar\u0131m ama kesinlikle ortadan kald\u0131raca\u011f\u0131z. Oray\u0131 bir meydana \u00e7evirece\u011fiz. \u00c7ok muazzam bir kent meydan\u0131 haline getirece\u011fiz oray\u0131. Ben her \u015feyi para olarak g\u00f6rm\u00fcyorum. Yani baz\u0131 de\u011ferler vard\u0131r ki bunun parasal kar\u015f\u0131l\u0131\u011f\u0131 yok. Orada belediyenin binas\u0131 olsa ne olur, olmasa ne olur? B\u0131rak\u0131n kentin meydan\u0131 olsun. Eski tarihi kent merkezini canland\u0131rmak istiyoruz\u201d ifadelerini kulland\u0131.<\/p>\n<p>B\u00fcy\u00fck\u015fehir Belediyesi\u2019nin hizmet verdi\u011fi Ta\u015f Bina\u2019n\u0131n Kent M\u00fczesi yap\u0131lmas\u0131 konusunda konu\u015fan ve projeyi de\u011ferlendiren Se\u00e7er, projenin i\u00e7eri\u011finde de\u011fi\u015fiklik yapt\u0131klar\u0131n\u0131 belirtti ve proje \u00fczerinde \u00e7al\u0131\u015fmalar\u0131n s\u00fcrd\u00fc\u011f\u00fcn\u00fc vurgulad\u0131.<\/p>\n<p>Kurul, kent belle\u011fi ad\u0131na birbirinden de\u011ferli \u00e7al\u0131\u015fmalar yap\u0131yor<\/p>\n<p>MEDEKA Kent Tarihi Ara\u015ft\u0131rmalar\u0131 Kurulu, kentin tarihi ile ilgili hem farkl\u0131 \u00e7al\u0131\u015fmalar yapmay\u0131 hem de yap\u0131lan \u00e7al\u0131\u015fmalar\u0131 desteklemeyi ama\u00e7l\u0131yor. Bunun i\u00e7in kurul b\u00fcnyesinde \u2018Mersin Kenti Envanter \u00c7al\u0131\u015fma Grubu\u2019 olu\u015fturuldu. \u2018Tarihi Kent Merkezi Haritalama \u00c7al\u0131\u015fma Grubu\u2019 ile de Mersin\u2019in tarihi kent merkezindeki farkl\u0131 lokasyonlar\u0131n haritalar\u0131n\u0131n \u00e7\u0131kar\u0131lmas\u0131 hedefleniyor. Bu sayede Mersin\u2019in tarihi kent merkezini tan\u0131tacak bir \u00e7al\u0131\u015fma yap\u0131lm\u0131\u015f olacak. Benzeri daha \u00f6nce \u00c7aml\u0131bel\u2019de yap\u0131lan bu \u00e7al\u0131\u015fma kapsam\u0131nda G\u00fcmr\u00fck Meydan\u0131 ve belirlenen farkl\u0131 birka\u00e7 lokasyonda haritalama \u00e7al\u0131\u015fmas\u0131 yap\u0131lmas\u0131 planlan\u0131yor.<\/p>\n<p>\u2018S\u00f6zl\u00fc Tarih \u00c7al\u0131\u015fma Grubu\u2019 ile de Mersin\u2019de ya\u015fayan ya\u015f alm\u0131\u015f ki\u015filerden kentin tarihinin dinlenmesi ve bunlar\u0131n yaz\u0131l\u0131 hale getirilerek, ar\u015fiv olu\u015fturulmas\u0131 \u00f6ng\u00f6r\u00fcl\u00fcyor. Kent Tarihi Ara\u015ft\u0131rmalar\u0131 Kurulu\u2019nun bu sene planlad\u0131\u011f\u0131 toplam 6 \u00e7al\u0131\u015fma grubu ve etkinlik bulunuyor.<\/p>\n","protected":false},"excerpt":{"rendered":"<p>Mersin B\u00fcy\u00fck\u015fehir Belediye Ba\u015fkan\u0131 Vahap Se\u00e7er, Mersin\u2019e De\u011fer Katanlar Kurulu\u2019nun (MEDEKA) alt kurullar\u0131 ile bir araya gelmeye ve kurul \u00fcyeleri ile fikir al\u0131\u015fveri\u015finde bulunmaya devam ediyor. Ba\u015fkan Se\u00e7er, Kent Tarihi &hellip; <a href=\"https:\/\/akdenizolaygazetesi.com\/?p=13084\" class=\"more-link\">Devam\u0131n\u0131 Oku&#8230;<\/a><\/p>\n","protected":false},"author":2,"featured_media":13085,"comment_status":"open","ping_status":"open","sticky":false,"template":"","format":"standard","meta":[],"categories":[34,3,5],"tags":[],"_links":{"self":[{"href":"https:\/\/akdenizolaygazetesi.com\/index.php?rest_route=\/wp\/v2\/posts\/13084"}],"collection":[{"href":"https:\/\/akdenizolaygazetesi.com\/index.php?rest_route=\/wp\/v2\/posts"}],"about":[{"href":"https:\/\/akdenizolaygazetesi.com\/index.php?rest_route=\/wp\/v2\/types\/post"}],"author":[{"embeddable":true,"href":"https:\/\/akdenizolaygazetesi.com\/index.php?rest_route=\/wp\/v2\/users\/2"}],"replies":[{"embeddable":true,"href":"https:\/\/akdenizolaygazetesi.com\/index.php?rest_route=%2Fwp%2Fv2%2Fcomments&post=13084"}],"version-history":[{"count":1,"href":"https:\/\/akdenizolaygazetesi.com\/index.php?rest_route=\/wp\/v2\/posts\/13084\/revisions"}],"predecessor-version":[{"id":13086,"href":"https:\/\/akdenizolaygazetesi.com\/index.php?rest_route=\/wp\/v2\/posts\/13084\/revisions\/13086"}],"wp:featuredmedia":[{"embeddable":true,"href":"https:\/\/akdenizolaygazetesi.com\/index.php?rest_route=\/wp\/v2\/media\/13085"}],"wp:attachment":[{"href":"https:\/\/akdenizolaygazetesi.com\/index.php?rest_route=%2Fwp%2Fv2%2Fmedia&parent=13084"}],"wp:term":[{"taxonomy":"category","embeddable":true,"href":"https:\/\/akdenizolaygazetesi.com\/index.php?rest_route=%2Fwp%2Fv2%2Fcategories&post=13084"},{"taxonomy":"post_tag","embeddable":true,"href":"https:\/\/akdenizolaygazetesi.com\/index.php?rest_route=%2Fwp%2Fv2%2Ftags&post=13084"}],"curies":[{"name":"wp","href":"https:\/\/api.w.org\/{rel}","templated":true}]}}