{"id":13087,"date":"2021-06-30T12:20:45","date_gmt":"2021-06-30T09:20:45","guid":{"rendered":"http:\/\/akdenizolaygazetesi.com\/?p=13087"},"modified":"2021-06-30T12:20:45","modified_gmt":"2021-06-30T09:20:45","slug":"meskinin-toplantilarina-vatandaslardan-yogun-ilgi","status":"publish","type":"post","link":"https:\/\/akdenizolaygazetesi.com\/?p=13087","title":{"rendered":"MESK\u0130\u2019N\u0130N TOPLANTILARINA VATANDA\u015eLARDAN YO\u011eUN \u0130LG\u0130"},"content":{"rendered":"<p>Mersin B\u00fcy\u00fck\u015fehir Belediyesi Mersin Su ve Kanalizasyon \u0130daresi (MESK\u0130) Genel M\u00fcd\u00fcrl\u00fc\u011f\u00fc, Akdeniz \u0130l\u00e7esi Toroslar, Kazanl\u0131 ve Homurlu Mahalleleri ile Erdemli \u0130l\u00e7esi T\u00f6m\u00fck ve Arpa\u00e7bah\u015fi\u015f Mahallelerinde \u2018Halk\u0131n Kat\u0131l\u0131m\u0131 Toplant\u0131lar\u0131\u2019 d\u00fczenledi.<\/p>\n<p>Toplant\u0131lara vatanda\u015flardan yo\u011fun ilgi ve kat\u0131l\u0131m sa\u011fland\u0131<\/p>\n<p>MESK\u0130 Genel M\u00fcd\u00fcrl\u00fc\u011f\u00fc, Avrupa Birli\u011fi (AB) ve Frans\u0131z Kalk\u0131nma Ajans\u0131 (AFD) taraf\u0131ndan finanse edilen, \u0130LBANK A.\u015e. koordinesinde y\u00fcr\u00fct\u00fclen T\u00fcrkiye\u2019deki M\u00fcltecilere Y\u00f6nelik Mali Yard\u0131m Program\u0131 (FRIT II) Belediye Projesi kapsam\u0131nda toplamda 22 milyon Avroluk hibe\/kredi b\u00fct\u00e7esiyle yap\u0131lmas\u0131 planlanan; Akdeniz \u0130l\u00e7esi Toroslar, Kazanl\u0131 ve Homurlu Mahalleleri Kanalizasyon \u015eebekesi ile Erdemli \u0130l\u00e7esi T\u00f6m\u00fck ve Arpa\u00e7bah\u015fi\u015f Mahalleleri Kanalizasyon \u015eebekesi, At\u0131ksu Ar\u0131tma Tesisi ve Derin Deniz De\u015farj\u0131 Projeleri i\u00e7in \u2018Halk\u0131n Kat\u0131l\u0131m\u0131 Toplant\u0131s\u0131 d\u00fczenledi. Projelerin in\u015faat ve i\u015fletme d\u00f6nemlerinde vatanda\u015flarla i\u015f birli\u011fi i\u00e7erisinde hareket etmeyi hedefleyen MESK\u0130, planlanan \u00e7al\u0131\u015fma bilgilerini tan\u0131tt\u0131. Toplant\u0131da projelerin \u00e7evresel ve sosyal etkileri kapsam\u0131nda vatanda\u015flar\u0131n g\u00f6r\u00fc\u015f, istek ve \u00f6nerileri de al\u0131nd\u0131. Kat\u0131l\u0131m\u0131n y\u00fcksek oldu\u011fu toplant\u0131lar\u0131n sonunda vatanda\u015flardan gelen soru ve talepler MESK\u0130 yetkilileri taraf\u0131ndan titizlikle yan\u0131tland\u0131.<\/p>\n<p>MESK\u0130 taraf\u0131ndan d\u00fczenlenen toplant\u0131ya Mersin B\u00fcy\u00fck\u015fehir Belediyesi Ba\u015fkan Dan\u0131\u015fman\u0131 Ertan Liman ile MESK\u0130 Genel M\u00fcd\u00fcrl\u00fc\u011f\u00fc yetkilileri ile m\u00fc\u015favir firma yetkilileri kat\u0131ld\u0131. Vatanda\u015flar\u0131n ilgiyle ve heyecanla kat\u0131ld\u0131\u011f\u0131 toplant\u0131n\u0131n a\u00e7\u0131l\u0131\u015f konu\u015fmas\u0131 MESK\u0130 Genel M\u00fcd\u00fcr\u00fc \u0130rfan Korkmaz taraf\u0131ndan yap\u0131ld\u0131. ENCON \u00c7evre Dan\u0131\u015fmanl\u0131k\u2019ta sosyolog olarak g\u00f6rev yapan Mustafa Aksu taraf\u0131ndan ger\u00e7ekle\u015ftirilen sunumda, projelerle ilgili detayl\u0131 bilgiler vatanda\u015flara aktar\u0131ld\u0131.<\/p>\n","protected":false},"excerpt":{"rendered":"<p>Mersin B\u00fcy\u00fck\u015fehir Belediyesi Mersin Su ve Kanalizasyon \u0130daresi (MESK\u0130) Genel M\u00fcd\u00fcrl\u00fc\u011f\u00fc, Akdeniz \u0130l\u00e7esi Toroslar, Kazanl\u0131 ve Homurlu Mahalleleri ile Erdemli \u0130l\u00e7esi T\u00f6m\u00fck ve Arpa\u00e7bah\u015fi\u015f Mahallelerinde \u2018Halk\u0131n Kat\u0131l\u0131m\u0131 Toplant\u0131lar\u0131\u2019 d\u00fczenledi. Toplant\u0131lara &hellip; <a href=\"https:\/\/akdenizolaygazetesi.com\/?p=13087\" class=\"more-link\">Devam\u0131n\u0131 Oku&#8230;<\/a><\/p>\n","protected":false},"author":2,"featured_media":13088,"comment_status":"open","ping_status":"open","sticky":false,"template":"","format":"standard","meta":[],"categories":[2,3,5],"tags":[],"_links":{"self":[{"href":"https:\/\/akdenizolaygazetesi.com\/index.php?rest_route=\/wp\/v2\/posts\/13087"}],"collection":[{"href":"https:\/\/akdenizolaygazetesi.com\/index.php?rest_route=\/wp\/v2\/posts"}],"about":[{"href":"https:\/\/akdenizolaygazetesi.com\/index.php?rest_route=\/wp\/v2\/types\/post"}],"author":[{"embeddable":true,"href":"https:\/\/akdenizolaygazetesi.com\/index.php?rest_route=\/wp\/v2\/users\/2"}],"replies":[{"embeddable":true,"href":"https:\/\/akdenizolaygazetesi.com\/index.php?rest_route=%2Fwp%2Fv2%2Fcomments&post=13087"}],"version-history":[{"count":1,"href":"https:\/\/akdenizolaygazetesi.com\/index.php?rest_route=\/wp\/v2\/posts\/13087\/revisions"}],"predecessor-version":[{"id":13089,"href":"https:\/\/akdenizolaygazetesi.com\/index.php?rest_route=\/wp\/v2\/posts\/13087\/revisions\/13089"}],"wp:featuredmedia":[{"embeddable":true,"href":"https:\/\/akdenizolaygazetesi.com\/index.php?rest_route=\/wp\/v2\/media\/13088"}],"wp:attachment":[{"href":"https:\/\/akdenizolaygazetesi.com\/index.php?rest_route=%2Fwp%2Fv2%2Fmedia&parent=13087"}],"wp:term":[{"taxonomy":"category","embeddable":true,"href":"https:\/\/akdenizolaygazetesi.com\/index.php?rest_route=%2Fwp%2Fv2%2Fcategories&post=13087"},{"taxonomy":"post_tag","embeddable":true,"href":"https:\/\/akdenizolaygazetesi.com\/index.php?rest_route=%2Fwp%2Fv2%2Ftags&post=13087"}],"curies":[{"name":"wp","href":"https:\/\/api.w.org\/{rel}","templated":true}]}}