{"id":13090,"date":"2021-06-30T12:23:37","date_gmt":"2021-06-30T09:23:37","guid":{"rendered":"http:\/\/akdenizolaygazetesi.com\/?p=13090"},"modified":"2021-06-30T12:23:37","modified_gmt":"2021-06-30T09:23:37","slug":"baskan-gultaktan-engelli-ogrenci-barisa-bilgisayar","status":"publish","type":"post","link":"https:\/\/akdenizolaygazetesi.com\/?p=13090","title":{"rendered":"BA\u015eKAN G\u00dcLTAK\u2019TAN, ENGELL\u0130 \u00d6\u011eRENC\u0130 BARI\u015e\u2019A B\u0130LG\u0130SAYAR"},"content":{"rendered":"<p>Akdeniz Belediye Ba\u015fkan\u0131 M. Mustafa G\u00fcltak, do\u011fu\u015ftan engelli lise mezunu Bar\u0131\u015f Duruk\u2019a, hem yaz\u0131l\u0131m ve kodlamada kendini daha \u00e7ok geli\u015ftirmesi hem de \u00fcniversite s\u0131navlar\u0131na kolayl\u0131kla haz\u0131rlanmas\u0131 i\u00e7in g\u00fc\u00e7l\u00fc bir bilgisayar hediye etti.<br \/>\nAkdeniz Belediye Ba\u015fkan\u0131 M. Mustafa G\u00fcltak, 6 karde\u015ften biri olan, do\u011fu\u015ftan engelli lise mezunu Bar\u0131\u015f Duruk ile annesi Birsen Duruk\u2019u makam\u0131nda a\u011f\u0131rlad\u0131. Konuklar\u0131yla sohbet eden Ba\u015fkan G\u00fcltak, e\u011fitim s\u00fcre\u00e7lerinde f\u0131rsat e\u015fitli\u011finin \u00f6nemine dikkat \u00e7ekerek, belediyenin olanaklar\u0131 ve g\u00fcc\u00fc \u00f6l\u00e7\u00fcs\u00fcnde \u00f6\u011frencilere her t\u00fcrl\u00fc imk\u00e2n\u0131 sunmaya \u00e7al\u0131\u015ft\u0131klar\u0131n\u0131n alt\u0131n\u0131 \u00e7izdi. Ba\u015fkan Mustafa G\u00fcltak; yaz\u0131l\u0131m ve kodlamada kendisini \u00e7ok iyi geli\u015ftirmesi ve daha iyi yerlere gelebilmesi i\u00e7in Bar\u0131\u015f\u2019a tavsiyelerde de bulundu.<br \/>\n\u201cBar\u0131\u015f, kendisini daha \u00e7ok geli\u015ftirecek ve istedi\u011fi \u00fcniversiteyi kazanacak\u201d<br \/>\nAileyi daha \u00f6nce ziyaret etti\u011fini ifade eden Ba\u015fkan G\u00fcltak; \u201cBu ziyaretimizde Bar\u0131\u015f, yaz\u0131l\u0131m ve kodlama alan\u0131nda kendisini geli\u015ftirdi\u011fini ancak daha da ilerleyebilmek i\u00e7in g\u00fc\u00e7l\u00fc bir bilgisayara ihtiya\u00e7 duydu\u011funu dile getirdi. Bizler de onun bu iste\u011fini k\u0131rmad\u0131k ve hayallerine ula\u015fmas\u0131na katk\u0131 sunmak i\u00e7in bug\u00fcn kendisine g\u00fczel bir bilgisayar hediye ettik. Yaz\u0131l\u0131m ve kodlamada kendisini daha \u00e7ok geli\u015ftirip istedi\u011fi \u00fcniversiteye de yerle\u015fecek. Hem diploma hem yetenek bir araya geldi\u011finde hayat, insan\u0131n \u00f6n\u00fcne \u00e7ok daha g\u00fczel imk\u00e2nlar sunar. B\u00f6ylece hem ailesi, hem \u00fclkesi ve milletine faydal\u0131, engelli insanlar\u0131m\u0131za da \u00f6rnek bir gen\u00e7 olacak\u201d dedi.<br \/>\n\u201c\u00c7ok \u00e7al\u0131\u015f\u0131p ba\u015fkan\u0131m\u0131z\u0131 ve ailemi mahcup etmeyece\u011fim\u201d<br \/>\nKendisine hediye edilen bilgisayar nedeniyle Ba\u015fkan Mustafa G\u00fcltak\u2019a te\u015fekk\u00fcr eden Bar\u0131\u015f Duruk ise; \u201cBa\u015fkan\u0131m; yaz\u0131l\u0131m ve kodlama alan\u0131nda kendimi geli\u015ftirmem ve \u00e7ok daha iyi yerlere gelebilmem i\u00e7in bana b\u00fcy\u00fck bir destek sa\u011flad\u0131. \u0130n\u015fallah ba\u015fkan\u0131m\u0131z\u0131 da ailemi de mahcup etmeyece\u011fim, derslerime \u00e7ok s\u0131k\u0131 \u00e7al\u0131\u015farak iyi bir \u00fcniversitede, bilgisayar m\u00fchendisli\u011fi veya elektrik-elektronik m\u00fchendisli\u011fini kazanaca\u011f\u0131m\u201d s\u00f6zleriyle duygular\u0131n\u0131 dile getirdi.<br \/>\n\u00d6te yandan Akdeniz Belediye Ba\u015fkan\u0131 Mustafa G\u00fcltak; \u00d6zel Kalem M\u00fcd\u00fcr\u00fc Onur E. G\u00fcm\u00fc\u015ftok ile birlikte, Nusratiye Mahallesi\u2019nde ailesiyle birlikte bir apartmanda ya\u015fayan bedensel engelli 9 ya\u015f\u0131ndaki Emine Akku\u015f\u2019u evinde ziyaret etti. D\u0131\u015far\u0131 \u00e7\u0131kmakta zorlanan ve oturdu\u011fu apartman\u0131n dam\u0131na g\u00f6lgelik isteyen k\u00fc\u00e7\u00fck Emine\u2019nin taleplerini dinleyen Ba\u015fkan G\u00fcltak, bu istekleri en k\u0131sa s\u00fcrede yerine getireceklerini ifade etti.<\/p>\n","protected":false},"excerpt":{"rendered":"<p>Akdeniz Belediye Ba\u015fkan\u0131 M. Mustafa G\u00fcltak, do\u011fu\u015ftan engelli lise mezunu Bar\u0131\u015f Duruk\u2019a, hem yaz\u0131l\u0131m ve kodlamada kendini daha \u00e7ok geli\u015ftirmesi hem de \u00fcniversite s\u0131navlar\u0131na kolayl\u0131kla haz\u0131rlanmas\u0131 i\u00e7in g\u00fc\u00e7l\u00fc bir bilgisayar &hellip; <a href=\"https:\/\/akdenizolaygazetesi.com\/?p=13090\" class=\"more-link\">Devam\u0131n\u0131 Oku&#8230;<\/a><\/p>\n","protected":false},"author":2,"featured_media":13091,"comment_status":"open","ping_status":"open","sticky":false,"template":"","format":"standard","meta":[],"categories":[1,2,3,9],"tags":[],"_links":{"self":[{"href":"https:\/\/akdenizolaygazetesi.com\/index.php?rest_route=\/wp\/v2\/posts\/13090"}],"collection":[{"href":"https:\/\/akdenizolaygazetesi.com\/index.php?rest_route=\/wp\/v2\/posts"}],"about":[{"href":"https:\/\/akdenizolaygazetesi.com\/index.php?rest_route=\/wp\/v2\/types\/post"}],"author":[{"embeddable":true,"href":"https:\/\/akdenizolaygazetesi.com\/index.php?rest_route=\/wp\/v2\/users\/2"}],"replies":[{"embeddable":true,"href":"https:\/\/akdenizolaygazetesi.com\/index.php?rest_route=%2Fwp%2Fv2%2Fcomments&post=13090"}],"version-history":[{"count":1,"href":"https:\/\/akdenizolaygazetesi.com\/index.php?rest_route=\/wp\/v2\/posts\/13090\/revisions"}],"predecessor-version":[{"id":13092,"href":"https:\/\/akdenizolaygazetesi.com\/index.php?rest_route=\/wp\/v2\/posts\/13090\/revisions\/13092"}],"wp:featuredmedia":[{"embeddable":true,"href":"https:\/\/akdenizolaygazetesi.com\/index.php?rest_route=\/wp\/v2\/media\/13091"}],"wp:attachment":[{"href":"https:\/\/akdenizolaygazetesi.com\/index.php?rest_route=%2Fwp%2Fv2%2Fmedia&parent=13090"}],"wp:term":[{"taxonomy":"category","embeddable":true,"href":"https:\/\/akdenizolaygazetesi.com\/index.php?rest_route=%2Fwp%2Fv2%2Fcategories&post=13090"},{"taxonomy":"post_tag","embeddable":true,"href":"https:\/\/akdenizolaygazetesi.com\/index.php?rest_route=%2Fwp%2Fv2%2Ftags&post=13090"}],"curies":[{"name":"wp","href":"https:\/\/api.w.org\/{rel}","templated":true}]}}