{"id":13093,"date":"2021-06-30T12:25:59","date_gmt":"2021-06-30T09:25:59","guid":{"rendered":"http:\/\/akdenizolaygazetesi.com\/?p=13093"},"modified":"2021-06-30T12:25:59","modified_gmt":"2021-06-30T09:25:59","slug":"ertas-gultakin-destekleri-amator-spora-can-suyu-oldu","status":"publish","type":"post","link":"https:\/\/akdenizolaygazetesi.com\/?p=13093","title":{"rendered":"Erta\u015f; &#8220;G\u00fcltak&#8217;\u0131n destekleri amat\u00f6r spora can suyu oldu&#8221;"},"content":{"rendered":"<p>Mersin Amat\u00f6r Spor Kul\u00fcpleri Federasyonu Ba\u015fkan\u0131 Mithat Erta\u015f ve y\u00f6netim kurulu \u00fcyeleri, Akdeniz Belediye Ba\u015fkan\u0131 M. Mustafa G\u00fcltak&#8217;\u0131 makam\u0131nda ziyaret etti. Erta\u015f, &#8220;Sporcu dostu bir belediye ba\u015fkan\u0131 olan Say\u0131n G\u00fcltak&#8217;a amat\u00f6r spora g\u00f6stermi\u015f oldu\u011fu destek ve duyarl\u0131l\u0131ktan \u00f6t\u00fcr\u00fc \u00e7ok te\u015fekk\u00fcr ediyoruz&#8221; diyerek plaket takdim etti.<br \/>\nAkdeniz Belediye Ba\u015fkan\u0131 Mustafa G\u00fcltak, Mersin Amat\u00f6r Spor Kul\u00fcpleri Federasyonu (ASKF) Ba\u015fkan\u0131 Mithat Erta\u015f ve y\u00f6netim kurulu \u00fcyelerini a\u011f\u0131rlad\u0131. Erta\u015f ve beraberindeki heyetin sorun, talep ve \u00f6nerilerini dinleyip notlar\u0131n\u0131 alan Ba\u015fkan G\u00fcltak, k\u0131sa s\u00fcrede \u00e7\u00f6z\u00fcm \u00fcretip destek olacaklar\u0131 s\u00f6z\u00fcn\u00fc verdi. Yak\u0131n tarihte ger\u00e7ekle\u015fen se\u00e7imle beraber g\u00fcven tazeleyen ASKF Ba\u015fkan\u0131 Mithat Erta\u015f, sporcu dostu bir belediye ba\u015fkan\u0131n\u0131 ziyaret ettiklerinden dolay\u0131 memnuniyet duyduklar\u0131n\u0131 dile getirerek Ba\u015fkan Mustafa G\u00fcltak&#8217;\u0131n amat\u00f6r spora katk\u0131s\u0131n\u0131n artarak devam etti\u011fine vurgu yapt\u0131.<br \/>\nErta\u015f; &#8220;G\u00fcltak&#8217;\u0131n destekleri amat\u00f6r spora can suyu oldu&#8221;<br \/>\nErta\u015f, &#8220;Biz ASKF olarak ba\u015fkan\u0131m\u0131z\u0131n amat\u00f6r spor katk\u0131lar\u0131n\u0131n bilincindeyiz. Pandemiden dolay\u0131 kul\u00fcplerimiz b\u00fcy\u00fck s\u0131k\u0131nt\u0131 ya\u015fam\u0131\u015ft\u0131. Say\u0131n G\u00fcltak&#8217;\u0131n yapt\u0131\u011f\u0131 maddi yard\u0131mlar kul\u00fcplerimize can suyu olmu\u015ftur. Gerek tesis, gerek ula\u015f\u0131m gerekse nakdi yard\u0131m konular\u0131nda ciddi katk\u0131lar sundu ve amat\u00f6r sporlar\u0131n yan\u0131nda oldu. Buna sadece futbol olarak bak\u0131lmamal\u0131d\u0131r. Bizler 59 bran\u015f\u0131n temsilcisiyiz. Ba\u015fkan bu konuda \u00e7ok duyarl\u0131d\u0131r. Kendisi de y\u0131llarca amat\u00f6r sporla ilgilenmi\u015ftir. Dolay\u0131s\u0131yla amat\u00f6r sporlar\u0131n sorunlar\u0131n\u0131 \u00e7ok yak\u0131ndan biliyor. Bu bizler i\u00e7in avantajd\u0131r. Biz s\u0131k\u0131nt\u0131lar\u0131m\u0131z\u0131 dile getirdik. Bunlara k\u0131sa s\u00fcrede \u00e7\u00f6z\u00fcm bulunaca\u011f\u0131na inan\u0131yoruz. Kendisine de bizleri kabul etti\u011finden dolay\u0131 \u015fahs\u0131m ve federasyonum ad\u0131na \u00e7ok te\u015fekk\u00fcr ediyorum&#8221; ifadelerini kulland\u0131.<br \/>\nG\u00fcltak; &#8220;Amat\u00f6r kul\u00fcplerin \u00e7o\u011funa maddi destek sa\u011flad\u0131k&#8221;<br \/>\nBa\u015fkan Mustafa G\u00fcltak ise Mithat Erta\u015f ve y\u00f6netimini kazand\u0131klar\u0131 se\u00e7imden dolay\u0131 tebrik ederek, ba\u015far\u0131 dileklerini iletti. Ba\u015fkan G\u00fcltak, &#8220;Say\u0131n Erta\u015f ve amat\u00f6r spor temsilcileri y\u0131llard\u0131r bu i\u015fi hakk\u0131yla yap\u0131yorlar. Tecr\u00fcbeleri maksimum seviyede. Bundan sonra da en iyi hizmetleri yapaca\u011f\u0131 konusunda hi\u00e7bir \u015f\u00fcphemiz yok. Bizleri ziyaret ettiklerinden dolay\u0131 da \u00e7ok te\u015fekk\u00fcr ediyoruz. \u00d6n\u00fcm\u00fczdeki g\u00fcnlerde de biz kendilerini ziyaret edece\u011fiz. Eski bir amat\u00f6r futbolcu, basketbolcu ve y\u00fcz\u00fcc\u00fc olarak kendini iyi hisseden bir belediye ba\u015fkan\u0131y\u0131m. Sporun i\u00e7inden gelen bir karde\u015finiz olarak da se\u00e7ildi\u011fim g\u00fcnden bu g\u00fcne kadar amat\u00f6r kul\u00fcplerin \u00e7o\u011funa maddi destek sa\u011flad\u0131k&#8221; dedi.<br \/>\n&#8220;Sporun ve sporcunun yan\u0131nda olmaya devam edece\u011fiz&#8221;<br \/>\nBa\u015fkan G\u00fcltak, \u00f6te yandan kul\u00fcpleri en b\u00fcy\u00fck s\u0131k\u0131nt\u0131lar\u0131n bir tanesinin de ula\u015f\u0131m s\u0131k\u0131nt\u0131s\u0131 oldu\u011fundan s\u00f6z ederek, &#8220;Belediye servis ara\u00e7lar\u0131m\u0131z\u0131 da kul\u00fcplerimize tahsis ettik. Ayr\u0131ca 3. ligde oynayan tak\u0131m\u0131m\u0131za da \u00f6zellikle deplasman ma\u00e7lar\u0131nda seyircilerin gidebilmesi i\u00e7in de ula\u015f\u0131m deste\u011fi sa\u011flad\u0131k. Ba\u015fta Cumhurba\u015fkan\u0131m\u0131z Recep Tayyip Erdo\u011fan olmak \u00fczere Hazine ve Maliye Bakan\u0131m\u0131z L\u00fctfi Elvan&#8217;a, Gen\u00e7lik ve Spor Bakan\u0131m\u0131z Mehmet Kasapo\u011flu&#8217;na te\u015fekk\u00fcr ediyorum. Spor Toto arac\u0131l\u0131\u011f\u0131 ile \u015fu ana kadar 30 milyon TL&#8217;nin \u00fczerinde spor tesislerini de hayata ge\u00e7irdik. Akdeniz Belediyesi s\u0131n\u0131rlar\u0131 i\u00e7inde spor tesisleri a\u00e7\u0131s\u0131ndan b\u00fcy\u00fck bir fakirlik vard\u0131. Bu tesislerle birlikte il\u00e7e canland\u0131 ve art\u0131k cazibe merkezi haline geldi. Bu y\u00fczden t\u00fcm devlet b\u00fcy\u00fcklerime te\u015fekk\u00fcr ediyorum. Akdeniz&#8217;de uyu\u015fturucu ve ter\u00f6rle m\u00fccadele noktas\u0131nda en \u00f6nemli kullan\u0131lacak arg\u00fcmanlardan birinin spor oldu\u011funun bilincindeyiz. Bundan dolay\u0131 da sporun ve sporcunun her daim yan\u0131nda olmaya devam edece\u011fiz&#8221; \u015feklinde konu\u015ftu. <\/p>\n","protected":false},"excerpt":{"rendered":"<p>Mersin Amat\u00f6r Spor Kul\u00fcpleri Federasyonu Ba\u015fkan\u0131 Mithat Erta\u015f ve y\u00f6netim kurulu \u00fcyeleri, Akdeniz Belediye Ba\u015fkan\u0131 M. Mustafa G\u00fcltak&#8217;\u0131 makam\u0131nda ziyaret etti. Erta\u015f, &#8220;Sporcu dostu bir belediye ba\u015fkan\u0131 olan Say\u0131n G\u00fcltak&#8217;a &hellip; <a href=\"https:\/\/akdenizolaygazetesi.com\/?p=13093\" class=\"more-link\">Devam\u0131n\u0131 Oku&#8230;<\/a><\/p>\n","protected":false},"author":2,"featured_media":13094,"comment_status":"open","ping_status":"open","sticky":false,"template":"","format":"standard","meta":[],"categories":[1,3,10],"tags":[],"_links":{"self":[{"href":"https:\/\/akdenizolaygazetesi.com\/index.php?rest_route=\/wp\/v2\/posts\/13093"}],"collection":[{"href":"https:\/\/akdenizolaygazetesi.com\/index.php?rest_route=\/wp\/v2\/posts"}],"about":[{"href":"https:\/\/akdenizolaygazetesi.com\/index.php?rest_route=\/wp\/v2\/types\/post"}],"author":[{"embeddable":true,"href":"https:\/\/akdenizolaygazetesi.com\/index.php?rest_route=\/wp\/v2\/users\/2"}],"replies":[{"embeddable":true,"href":"https:\/\/akdenizolaygazetesi.com\/index.php?rest_route=%2Fwp%2Fv2%2Fcomments&post=13093"}],"version-history":[{"count":1,"href":"https:\/\/akdenizolaygazetesi.com\/index.php?rest_route=\/wp\/v2\/posts\/13093\/revisions"}],"predecessor-version":[{"id":13095,"href":"https:\/\/akdenizolaygazetesi.com\/index.php?rest_route=\/wp\/v2\/posts\/13093\/revisions\/13095"}],"wp:featuredmedia":[{"embeddable":true,"href":"https:\/\/akdenizolaygazetesi.com\/index.php?rest_route=\/wp\/v2\/media\/13094"}],"wp:attachment":[{"href":"https:\/\/akdenizolaygazetesi.com\/index.php?rest_route=%2Fwp%2Fv2%2Fmedia&parent=13093"}],"wp:term":[{"taxonomy":"category","embeddable":true,"href":"https:\/\/akdenizolaygazetesi.com\/index.php?rest_route=%2Fwp%2Fv2%2Fcategories&post=13093"},{"taxonomy":"post_tag","embeddable":true,"href":"https:\/\/akdenizolaygazetesi.com\/index.php?rest_route=%2Fwp%2Fv2%2Ftags&post=13093"}],"curies":[{"name":"wp","href":"https:\/\/api.w.org\/{rel}","templated":true}]}}