{"id":13096,"date":"2021-06-30T16:43:58","date_gmt":"2021-06-30T13:43:58","guid":{"rendered":"http:\/\/akdenizolaygazetesi.com\/?p=13096"},"modified":"2021-06-30T16:43:58","modified_gmt":"2021-06-30T13:43:58","slug":"mersinli-youtuber-karasancak-yagmur-denize-sahip-cikiyor","status":"publish","type":"post","link":"https:\/\/akdenizolaygazetesi.com\/?p=13096","title":{"rendered":"MERS\u0130NL\u0130 YOUTUBER \u2018KARASANCAK\u2019 YA\u011eMUR DEN\u0130Z\u2019E SAH\u0130P \u00c7IKIYOR"},"content":{"rendered":"<p>Sosyal medyada KARASANCAK niki ile bilinen Mersinli Youtuber \u015eafak Gen\u00e7 kendisi ile ilgili merak edilenleri yan\u0131tlad\u0131. Pek \u00e7ok sosyal projede oldu\u011fu gibi, SMA hastas\u0131 Ya\u011fmur Deniz i\u00e7in de yay\u0131nlar yapt\u0131\u011f\u0131n\u0131 s\u00f6yleyen Gen\u00e7, Deniz&#8217;in yard\u0131ma ihtiyac\u0131 oldu\u011funu ve vakitin darald\u0131\u011f\u0131n\u0131 anlatt\u0131.<\/p>\n<p>&#8211; KEND\u0130N\u0130Z\u0130 TANITIR MISINIZ?<\/p>\n<p>\u201c1975 Mersin Arpa\u00e7sakarlar K\u00f6y\u00fc do\u011fumluyum. \u0130lkokulu Mersin Akbelen&#8217;de bulunan \u0130brahim Karao\u011flano\u011flu \u0130lkokulu&#8217;nda, Ortaokulu Mersin Arpa\u00e7sakarlar k\u00f6y\u00fc ortaokulunda, liseyi Mersin 1. End\u00fcstri Meslek Lisesi Motor B\u00f6l\u00fcm\u00fc&#8217;nde \u00fcniversiteyi ise K\u00fctahya Dumlup\u0131nar \u00dcniversitesi&#8217;nde okudum.\u201d<\/p>\n<p>&#8211; SOSYAL MEDYA \u0130LE NE ZAMAN TANI\u015eTINIZ?<\/p>\n<p>\u201c1998 y\u0131l\u0131nda Mersin Radyolar\u0131&#8217;nda bir \u015fiir program\u0131na telefon ile canl\u0131 ba\u011flant\u0131ya kat\u0131lmam sonucu yay\u0131n\u0131 yapan arkada\u015f\u0131m\u0131n beni radyoda \u015fiir okumaya davet etmesiyle sosyal medyaya ad\u0131m atm\u0131\u015f oldum. Sonras\u0131nda 5 y\u0131ld\u0131r Youtube da ve di\u011fer sosyal medya platformlar\u0131nda radyo tad\u0131nda canl\u0131 yay\u0131nlar yaparak videolar \u00e7ekip montajlay\u0131p payla\u015farak bu eylemi devam ettirdim.\u201d<\/p>\n<p>&#8211; SOSYAL MEDYADAK\u0130 AMACINIZ NED\u0130R?<\/p>\n<p>\u201cBir sanat\u00e7\u0131n\u0131n g\u00f6revi ait oldu\u011fu i\u00e7inden \u00e7\u0131k\u0131p geldi\u011fi toplumu y\u00fcceltmek, o toplumun tarihini, k\u00fclt\u00fcrel yap\u0131s\u0131n\u0131, demografik sistemin i\u015fleyi\u015fini, toplumun geli\u015fmi\u015flik seviyesini artt\u0131rmaya yard\u0131mc\u0131 olmakt\u0131r. Sanat\u00e7\u0131 \u00f6ncelikle ait oldu\u011fu toplumun bir par\u00e7as\u0131d\u0131r ve gitti\u011fi yere ait olduklar\u0131n\u0131 g\u00f6t\u00fcrmek zorundad\u0131r. Bu d\u00fcstur ile do\u011fdu\u011fum, ya\u015fad\u0131\u011f\u0131m ve hala b\u00fcy\u00fcmeye devam etti\u011fim yer olan Mersin&#8217;in ge\u00e7mi\u015fini, tarihini, k\u00fclt\u00fcr\u00fcn\u00fc, hat\u0131ralar\u0131n\u0131, \u00e7ocuklu\u011funu anlatt\u0131m bug\u00fcne kadar ve bundan sonra da anlatmaya devam edece\u011fim. Hat\u0131rlar\u0131m lise y\u0131llar\u0131mda edebiyat \u00f6\u011fretmenimle kavga etmi\u015ftim. &#8216;Hocam bu nedir b\u00f6yle, hep \u0130stanbul \u015fiirleri okutup ezberletiyorsunuz?&#8217; diye. Sonras\u0131nda Mersin \u015fiirleri ve Mersin \u00f6yk\u00fcleri yaz\u0131p onlar\u0131 seslendirmeye ba\u015flad\u0131m. Amac\u0131m Mersin&#8217;i gelecek ku\u015faklara anlatabilmek. Gelecek nesillere ta\u015f\u0131yabilmek.\u201d<\/p>\n<p>&#8211; SMA HASTASI MERS\u0130NL\u0130 KIZIMIZ YA\u011eMUR DEN\u0130Z&#8217;\u0130N YARDIM KAMPANYASINA YA\u011eMUR DEN\u0130Z&#8217;\u0130N RESM\u0130 SOSYAL MEDYA HESABINDAN CANLI YAYIN YAPARAK DESTEK DE OLDU\u011eUNU \u00d6\u011eREND\u0130K. N\u0130\u00c7\u0130N B\u00d6YLE B\u0130R G\u0130R\u0130\u015e\u0130MDE BULUNDUNUZ?<\/p>\n<p>\u201cDedim ya her \u015feyden \u00f6nce Mersinliyim. Mersin&#8217;de olan bir olaya insan olarak, vicdan sahibi bir insan bir olarak uzaktan bakakalmak d\u00fcr\u00fcstl\u00fck olmazd\u0131. Evet \u2018tik tok\u2019 isimli uygulamadaki canl\u0131 yay\u0131nlar\u0131m\u0131 art\u0131k @yagmurdeniz_sma hesab\u0131ndan yapmaya karar verdim. \u0130zleyicilerin att\u0131\u011f\u0131 hediyeler g\u00fczel k\u0131z\u0131m\u0131z\u0131n hesab\u0131nda birikecek. Ona k\u00fc\u00e7\u00fck de olsa imkanlar\u0131m\u0131z dahilinde yard\u0131mc\u0131 olmaya \u00e7al\u0131\u015faca\u011f\u0131m. En \u00e7ok yard\u0131m paras\u0131n\u0131 ben toplamak istiyorum. Bu i\u015fte sadece ben de\u011fil t\u00fcm T\u00fcrkiye\u2019de koca bir g\u00f6n\u00fcll\u00fc ordusu var. Hepsi canla ba\u015fla \u00e7al\u0131\u015f\u0131yor. Benim yapt\u0131\u011f\u0131m onlar\u0131n yapt\u0131\u011f\u0131 yan\u0131nda hi\u00e7 bir \u015fey. Ama en az\u0131ndan imkanlar\u0131m dahilinde vicdan\u0131m\u0131 ve insanl\u0131k yan\u0131m\u0131 rahatlat\u0131yor. Ya\u011fmur Deniz in\u015fallah ya\u015fayacak ve yeniden aram\u0131za d\u00f6necek. Bu r\u00f6partaj\u0131 okuyan sevgili dostlar\u0131m\u0131zda bu kampanyaya imkanlar\u0131 dahilinde destek olurlarsa ya\u011fmur i\u00e7in bir umut olur. Vakit daral\u0131yor ve \u00e7ok acelemiz var. Canl\u0131 yay\u0131nlara kat\u0131larak, Ya\u011fmur Deniz ile ilgili kampanyalar\u0131 takip ederek, payla\u015f\u0131mlar\u0131 be\u011fenip payla\u015farak da sesimizi daha \u00e7ok kitleye duyurabiliriz. K\u00fc\u00e7\u00fck bir \u015feyin bir faydas\u0131 olmaz demeyin. Ona bile ihtiyac\u0131m\u0131z var.\u201d<\/p>\n","protected":false},"excerpt":{"rendered":"<p>Sosyal medyada KARASANCAK niki ile bilinen Mersinli Youtuber \u015eafak Gen\u00e7 kendisi ile ilgili merak edilenleri yan\u0131tlad\u0131. Pek \u00e7ok sosyal projede oldu\u011fu gibi, SMA hastas\u0131 Ya\u011fmur Deniz i\u00e7in de yay\u0131nlar yapt\u0131\u011f\u0131n\u0131 &hellip; <a href=\"https:\/\/akdenizolaygazetesi.com\/?p=13096\" class=\"more-link\">Devam\u0131n\u0131 Oku&#8230;<\/a><\/p>\n","protected":false},"author":2,"featured_media":13097,"comment_status":"open","ping_status":"open","sticky":false,"template":"","format":"standard","meta":[],"categories":[3],"tags":[],"_links":{"self":[{"href":"https:\/\/akdenizolaygazetesi.com\/index.php?rest_route=\/wp\/v2\/posts\/13096"}],"collection":[{"href":"https:\/\/akdenizolaygazetesi.com\/index.php?rest_route=\/wp\/v2\/posts"}],"about":[{"href":"https:\/\/akdenizolaygazetesi.com\/index.php?rest_route=\/wp\/v2\/types\/post"}],"author":[{"embeddable":true,"href":"https:\/\/akdenizolaygazetesi.com\/index.php?rest_route=\/wp\/v2\/users\/2"}],"replies":[{"embeddable":true,"href":"https:\/\/akdenizolaygazetesi.com\/index.php?rest_route=%2Fwp%2Fv2%2Fcomments&post=13096"}],"version-history":[{"count":1,"href":"https:\/\/akdenizolaygazetesi.com\/index.php?rest_route=\/wp\/v2\/posts\/13096\/revisions"}],"predecessor-version":[{"id":13098,"href":"https:\/\/akdenizolaygazetesi.com\/index.php?rest_route=\/wp\/v2\/posts\/13096\/revisions\/13098"}],"wp:featuredmedia":[{"embeddable":true,"href":"https:\/\/akdenizolaygazetesi.com\/index.php?rest_route=\/wp\/v2\/media\/13097"}],"wp:attachment":[{"href":"https:\/\/akdenizolaygazetesi.com\/index.php?rest_route=%2Fwp%2Fv2%2Fmedia&parent=13096"}],"wp:term":[{"taxonomy":"category","embeddable":true,"href":"https:\/\/akdenizolaygazetesi.com\/index.php?rest_route=%2Fwp%2Fv2%2Fcategories&post=13096"},{"taxonomy":"post_tag","embeddable":true,"href":"https:\/\/akdenizolaygazetesi.com\/index.php?rest_route=%2Fwp%2Fv2%2Ftags&post=13096"}],"curies":[{"name":"wp","href":"https:\/\/api.w.org\/{rel}","templated":true}]}}