{"id":13099,"date":"2021-07-01T11:35:25","date_gmt":"2021-07-01T08:35:25","guid":{"rendered":"http:\/\/akdenizolaygazetesi.com\/?p=13099"},"modified":"2021-07-01T11:35:25","modified_gmt":"2021-07-01T08:35:25","slug":"baskan-yilmaz-denizcilik-ve-kabotaj-bayramini-kutladi","status":"publish","type":"post","link":"https:\/\/akdenizolaygazetesi.com\/?p=13099","title":{"rendered":"BA\u015eKAN YILMAZ, DEN\u0130ZC\u0130L\u0130K VE KABOTAJ BAYRAMI&#8217;NI KUTLADI"},"content":{"rendered":"<p>Toroslar Belediye Ba\u015fkan\u0131 Ats\u0131z Af\u015f\u0131n Y\u0131lmaz, 1 Temmuz Denizcilik ve Kabotaj Bayram\u0131 dolay\u0131s\u0131yla bir kutlama mesaj\u0131 yay\u0131nlad\u0131.<\/p>\n<p>&#8220;1 Temmuz 1926&#8217;da y\u00fcr\u00fcrl\u00fc\u011fe giren Kabotaj Kanunu ile kendi karasular\u0131m\u0131zda egemenli\u011fimiz ilan edilmi\u015f ve bu tarihten sonra denizcilik sekt\u00f6r\u00fcm\u00fcz h\u0131zla geli\u015fim g\u00f6stermi\u015ftir&#8221; diyen Ba\u015fkan Y\u0131lmaz, T\u00fcrkiye&#8217;nin \u00f6nemli bir sahil kenti olan Mersin&#8217;in uluslararas\u0131 liman\u0131, ta\u015f\u0131mac\u0131l\u0131k, bal\u0131k\u00e7\u0131l\u0131k ve turizm faaliyetleri ile T\u00fcrk denizcili\u011finin geli\u015fmesine \u00f6nemli katk\u0131lar sundu\u011funu s\u00f6yledi.<\/p>\n<p>Ba\u015fkan Y\u0131lmaz; &#8220;Kabotaj Kanunu, denizlerimizdeki ba\u011f\u0131ms\u0131zl\u0131\u011f\u0131m\u0131zd\u0131r. Denizlerimizin korunmas\u0131 hepimizin ortak sorumlulu\u011fudur. Ulu \u00d6nderimiz Gazi Mustafa Kemal Atat\u00fcrk&#8217;\u00fcn; &#8220;Denizcili\u011fi, T\u00fcrk&#8217;\u00fcn b\u00fcy\u00fck milli \u00fclk\u00fcs\u00fc olarak benimsemeli ve az zamanda ba\u015farmal\u0131y\u0131z&#8221; s\u00f6z\u00fcn\u00fc kendimize rehber edinmeliyiz. Akdeniz&#8217;in incisi Mersinimiz de denizle i\u00e7 i\u00e7e bir \u015fehirdir ve b\u00fcy\u00fck yat\u0131r\u0131mlara ev sahipli\u011fi yapacak konumdad\u0131r. Bu zengin potansiyeli en iyi \u015fekilde de\u011ferlendirmeliyiz. Toroslar Belediyesi olarak denizcili\u011fimizin geli\u015fmesi ad\u0131na hayata ge\u00e7irilecek projeleri destekliyoruz. Bu duygu ve d\u00fc\u015f\u00fcncelerle Kabotaj Kanunu&#8217;nun 95&#8217;inci y\u0131l d\u00f6n\u00fcm\u00fcn\u00fc ve 1 Temmuz Denizcilik ve Kabotaj Bayram\u0131&#8217;n\u0131 kutluyor, deniz \u015fehitlerimizi rahmet ve minnetle an\u0131yorum&#8221; diye konu\u015ftu.<\/p>\n","protected":false},"excerpt":{"rendered":"<p>Toroslar Belediye Ba\u015fkan\u0131 Ats\u0131z Af\u015f\u0131n Y\u0131lmaz, 1 Temmuz Denizcilik ve Kabotaj Bayram\u0131 dolay\u0131s\u0131yla bir kutlama mesaj\u0131 yay\u0131nlad\u0131. &#8220;1 Temmuz 1926&#8217;da y\u00fcr\u00fcrl\u00fc\u011fe giren Kabotaj Kanunu ile kendi karasular\u0131m\u0131zda egemenli\u011fimiz ilan edilmi\u015f &hellip; <a href=\"https:\/\/akdenizolaygazetesi.com\/?p=13099\" class=\"more-link\">Devam\u0131n\u0131 Oku&#8230;<\/a><\/p>\n","protected":false},"author":2,"featured_media":13100,"comment_status":"open","ping_status":"open","sticky":false,"template":"","format":"standard","meta":[],"categories":[3],"tags":[],"_links":{"self":[{"href":"https:\/\/akdenizolaygazetesi.com\/index.php?rest_route=\/wp\/v2\/posts\/13099"}],"collection":[{"href":"https:\/\/akdenizolaygazetesi.com\/index.php?rest_route=\/wp\/v2\/posts"}],"about":[{"href":"https:\/\/akdenizolaygazetesi.com\/index.php?rest_route=\/wp\/v2\/types\/post"}],"author":[{"embeddable":true,"href":"https:\/\/akdenizolaygazetesi.com\/index.php?rest_route=\/wp\/v2\/users\/2"}],"replies":[{"embeddable":true,"href":"https:\/\/akdenizolaygazetesi.com\/index.php?rest_route=%2Fwp%2Fv2%2Fcomments&post=13099"}],"version-history":[{"count":1,"href":"https:\/\/akdenizolaygazetesi.com\/index.php?rest_route=\/wp\/v2\/posts\/13099\/revisions"}],"predecessor-version":[{"id":13101,"href":"https:\/\/akdenizolaygazetesi.com\/index.php?rest_route=\/wp\/v2\/posts\/13099\/revisions\/13101"}],"wp:featuredmedia":[{"embeddable":true,"href":"https:\/\/akdenizolaygazetesi.com\/index.php?rest_route=\/wp\/v2\/media\/13100"}],"wp:attachment":[{"href":"https:\/\/akdenizolaygazetesi.com\/index.php?rest_route=%2Fwp%2Fv2%2Fmedia&parent=13099"}],"wp:term":[{"taxonomy":"category","embeddable":true,"href":"https:\/\/akdenizolaygazetesi.com\/index.php?rest_route=%2Fwp%2Fv2%2Fcategories&post=13099"},{"taxonomy":"post_tag","embeddable":true,"href":"https:\/\/akdenizolaygazetesi.com\/index.php?rest_route=%2Fwp%2Fv2%2Ftags&post=13099"}],"curies":[{"name":"wp","href":"https:\/\/api.w.org\/{rel}","templated":true}]}}