{"id":13108,"date":"2021-07-01T11:42:24","date_gmt":"2021-07-01T08:42:24","guid":{"rendered":"http:\/\/akdenizolaygazetesi.com\/?p=13108"},"modified":"2021-07-01T11:42:24","modified_gmt":"2021-07-01T08:42:24","slug":"baskan-gultak-motosiklet-sporcularinin-da-yaninda","status":"publish","type":"post","link":"https:\/\/akdenizolaygazetesi.com\/?p=13108","title":{"rendered":"Ba\u015fkan G\u00fcltak motosiklet sporcular\u0131n\u0131n da yan\u0131nda"},"content":{"rendered":"<p>Akdeniz Belediyesi, T\u00fcrkiye Motosiklet Federasyonu ve Mersin Motosiklet Spor Kul\u00fcb\u00fc i\u015fbirli\u011finde, Adanal\u0131o\u011flu Kulak Mahallesi\u2019nde \u201cMoto Drag Yar\u0131\u015fmas\u0131\u201d d\u00fczenlenecek. Ba\u015fkan Mustafa G\u00fcltak, &#8220;Motosiklet severleri 4 Temmuz 2021 Pazar g\u00fcn\u00fc 09:00 ila 18:00 saatleri aras\u0131nda ger\u00e7ekle\u015fecek yar\u0131\u015flar\u0131 izlemeye davet ediyoruz&#8221; diye konu\u015ftu.<br \/>\nAkdeniz Belediyesi, motosiklet sevdal\u0131lar\u0131n\u0131, binlerce ki\u015finin kat\u0131l\u0131m\u0131yla ger\u00e7ekle\u015fecek g\u00fczel bir etkinlikte bulu\u015fturuyor. Ba\u015fkan Mustafa G\u00fcltak; vatanda\u015flar\u0131 4 Temmuz 2021 Pazar g\u00fcn\u00fc binlerce ki\u015finin kat\u0131l\u0131m\u0131yla organize edilecek olan Moto Drag Yar\u0131\u015fmas\u0131\u2019n\u0131n heyecan\u0131na ortak olmaya davet etti.<\/p>\n<p>Ba\u015fkan G\u00fcltak; Akdeniz Belediyesi&#8217;nin katk\u0131lar\u0131yla d\u00fczenlenecek olan Moto Drag Yar\u0131\u015fmas\u0131 \u00f6ncesi T\u00fcrkiye Motosiklet Federasyonu (TMF) Mersin \u0130l Temsilcisi ve Mersin Motosiklet Spor Kul\u00fcb\u00fc Ba\u015fkan\u0131 Yusuf G\u00fcder, Y\u00f6netim Kurulu \u00dcyeleri ve motosiklet sporcular\u0131yla belediye binas\u0131 \u00f6n\u00fcnde bir araya geldi. Yar\u0131\u015fa kat\u0131lacak olan motosikletleri inceleyip bilgi alan Ba\u015fkan Mustafa G\u00fcltak, &#8220;Mersin&#8217;de 4 Temmuz&#8217;da heyecan dolu bir g\u00fcn bizleri bekliyor olacak.  \u00c7ok heyecanl\u0131y\u0131z. Sporun ve sporcunun yan\u0131nda olmaya devam ediyoruz. 50&#8217;ye yak\u0131n yar\u0131\u015fmac\u0131 ve 5 binin \u00fczerinde bir seyirci beklentimiz var. \u00c7ok fazla talep oldu. Bu yar\u0131\u015f sayesinde Akdeniz&#8217;i ve dolay\u0131s\u0131yla Mersin&#8217;i de tan\u0131tm\u0131\u015f olaca\u011f\u0131z&#8221; diye konu\u015ftu.<br \/>\nBa\u015fkan G\u00fcltak motosiklet sporcular\u0131n\u0131n da yan\u0131nda<br \/>\nTMF \u0130l Temsilcisi Yusuf G\u00fcder ise pandemi nedeni ile son 2 y\u0131ld\u0131r moto drag yar\u0131\u015f\u0131 yapamad\u0131klar\u0131n\u0131 bu sebepten heyecanlar\u0131n\u0131n \u00e7ok daha fazla oldu\u011funu dile getirerek, &#8220;4 Temmuz&#8217;da ger\u00e7ekle\u015fecek olan Moto Drag yar\u0131\u015f\u0131na T\u00fcrkiye Motosiklet Federasyonu lisans\u0131na sahip yakla\u015f\u0131k 50 yar\u0131\u015f\u00e7\u0131 kat\u0131lacak. Bu s\u00fcre\u00e7te Akdeniz Belediyesi&#8217;nin katk\u0131lar\u0131 \u00e7ok fazla oldu. Bundan dolay\u0131 Say\u0131n Ba\u015fkan\u0131m\u0131z Mustafa G\u00fcltak&#8217;a motosiklet sporcular\u0131n\u0131n yan\u0131nda oldu\u011fu i\u00e7in sonsuz te\u015fekk\u00fcr ediyoruz&#8221; ifadelerini kulland\u0131.<br \/>\nBa\u015fkan G\u00fcltak, yar\u0131\u015fa kat\u0131lacak olan motosikletlerden birini deneyerek sporcularla sohbet etti. Konu\u015fmalar\u0131n ard\u0131ndan Yusuf G\u00fcder, Ba\u015fkan Mustafa G\u00fcltak&#8217;a g\u00fcn\u00fcn an\u0131s\u0131na forma hediye etti. <\/p>\n","protected":false},"excerpt":{"rendered":"<p>Akdeniz Belediyesi, T\u00fcrkiye Motosiklet Federasyonu ve Mersin Motosiklet Spor Kul\u00fcb\u00fc i\u015fbirli\u011finde, Adanal\u0131o\u011flu Kulak Mahallesi\u2019nde \u201cMoto Drag Yar\u0131\u015fmas\u0131\u201d d\u00fczenlenecek. Ba\u015fkan Mustafa G\u00fcltak, &#8220;Motosiklet severleri 4 Temmuz 2021 Pazar g\u00fcn\u00fc 09:00 ila &hellip; <a href=\"https:\/\/akdenizolaygazetesi.com\/?p=13108\" class=\"more-link\">Devam\u0131n\u0131 Oku&#8230;<\/a><\/p>\n","protected":false},"author":2,"featured_media":13109,"comment_status":"open","ping_status":"open","sticky":false,"template":"","format":"standard","meta":[],"categories":[3,10],"tags":[],"_links":{"self":[{"href":"https:\/\/akdenizolaygazetesi.com\/index.php?rest_route=\/wp\/v2\/posts\/13108"}],"collection":[{"href":"https:\/\/akdenizolaygazetesi.com\/index.php?rest_route=\/wp\/v2\/posts"}],"about":[{"href":"https:\/\/akdenizolaygazetesi.com\/index.php?rest_route=\/wp\/v2\/types\/post"}],"author":[{"embeddable":true,"href":"https:\/\/akdenizolaygazetesi.com\/index.php?rest_route=\/wp\/v2\/users\/2"}],"replies":[{"embeddable":true,"href":"https:\/\/akdenizolaygazetesi.com\/index.php?rest_route=%2Fwp%2Fv2%2Fcomments&post=13108"}],"version-history":[{"count":1,"href":"https:\/\/akdenizolaygazetesi.com\/index.php?rest_route=\/wp\/v2\/posts\/13108\/revisions"}],"predecessor-version":[{"id":13110,"href":"https:\/\/akdenizolaygazetesi.com\/index.php?rest_route=\/wp\/v2\/posts\/13108\/revisions\/13110"}],"wp:featuredmedia":[{"embeddable":true,"href":"https:\/\/akdenizolaygazetesi.com\/index.php?rest_route=\/wp\/v2\/media\/13109"}],"wp:attachment":[{"href":"https:\/\/akdenizolaygazetesi.com\/index.php?rest_route=%2Fwp%2Fv2%2Fmedia&parent=13108"}],"wp:term":[{"taxonomy":"category","embeddable":true,"href":"https:\/\/akdenizolaygazetesi.com\/index.php?rest_route=%2Fwp%2Fv2%2Fcategories&post=13108"},{"taxonomy":"post_tag","embeddable":true,"href":"https:\/\/akdenizolaygazetesi.com\/index.php?rest_route=%2Fwp%2Fv2%2Ftags&post=13108"}],"curies":[{"name":"wp","href":"https:\/\/api.w.org\/{rel}","templated":true}]}}