{"id":13111,"date":"2021-07-01T11:44:02","date_gmt":"2021-07-01T08:44:02","guid":{"rendered":"http:\/\/akdenizolaygazetesi.com\/?p=13111"},"modified":"2021-07-01T11:44:02","modified_gmt":"2021-07-01T08:44:02","slug":"tarsus-genclik-kampi-bir-kez-daha-yas-almis-vatandaslari-agirladi","status":"publish","type":"post","link":"https:\/\/akdenizolaygazetesi.com\/?p=13111","title":{"rendered":"TARSUS GEN\u00c7L\u0130K KAMPI, B\u0130R KEZ DAHA YA\u015e ALMI\u015e VATANDA\u015eLARI A\u011eIRLADI"},"content":{"rendered":"<p>Mersin B\u00fcy\u00fck\u015fehir Belediyesi, normalle\u015fme ad\u0131mlar\u0131n\u0131n at\u0131lmas\u0131yla birlikte pandemi s\u00fcrecinde evlerinden \u00e7\u0131kamayan ya\u015f alm\u0131\u015f yurtta\u015flar i\u00e7in sosyal etkinlikler d\u00fczenlemeye devam ediyor.<\/p>\n<p>B\u00fcy\u00fck\u015fehir Belediyesi, Ulu \u00d6nder Gazi Mustafa Kemal Atat\u00fcrk\u2019\u00fcn 30 Haziran 1927 tarihinde emekli olmas\u0131ndan dolay\u0131 her y\u0131l kutlanan Emekliler G\u00fcn\u00fc dolay\u0131s\u0131yla Tarsus Gen\u00e7lik Kamp\u0131\u2019nda renkli g\u00f6r\u00fcnt\u00fclere sahne olan bir etkinlik d\u00fczenledi.<\/p>\n<p>Kent Orkestras\u0131\u2019ndan emeklilere muhte\u015fem konser<\/p>\n<p>B\u00fcy\u00fck\u015fehir Belediyesi Sosyal Hizmetler Dairesi b\u00fcnyesinde faaliyet y\u00fcr\u00fcten ve ya\u015f alm\u0131\u015f yurtta\u015flar\u0131n g\u00fczel zaman ge\u00e7irmesine f\u0131rsat sunan Mersin merkez ve Tarsus Emekli Evlerine \u00fcye yurtta\u015flar\u0131n ilk kez birlikte kat\u0131ld\u0131\u011f\u0131 programda Kent Orkestras\u0131 taraf\u0131ndan muhte\u015fem bir konser verildi.<\/p>\n<p>Tertemiz havada, a\u011fa\u00e7lar\u0131n alt\u0131nda, pandemi kurallar\u0131na azami \u00f6zen g\u00f6sterilerek ger\u00e7ekle\u015fen etkinlikte \u00e7al\u0131nan hareketli m\u00fcziklere e\u015flik eden baz\u0131 emekliler, oynayarak stres att\u0131, arkada\u015flar\u0131yla birlikte zaman ge\u00e7irmenin mutlulu\u011funu ya\u015fad\u0131.<\/p>\n<p>Mersin\u2019den 60, Tarsus\u2019tan ise 40 emekli yurtta\u015f\u0131n kat\u0131ld\u0131\u011f\u0131 etkinlik kapsam\u0131nda Gazeteci-Yazar Mirza Turgut taraf\u0131ndan Mersin\u2019in ve b\u00f6lgenin yak\u0131n tarihini i\u00e7eren bir sunum da ger\u00e7ekle\u015ftirildi. Etkinli\u011fe, B\u00fcy\u00fck\u015fehir Belediyesi Meclis \u00dcyesi ve Tarsus-\u00c7aml\u0131yayla Koordinasyon Sorumlusu Ali Bolta\u00e7, Sosyal Hizmetler Dairesi Ba\u015fkanl\u0131\u011f\u0131 Sosyal Hizmetler \u015eube M\u00fcd\u00fcr\u00fc \u00d6zlem Ya\u015far  ile E\u011fitim Hizmetleri \u015eube M\u00fcd\u00fcr\u00fc Ozan Soydan kat\u0131ld\u0131.<\/p>\n<p>\u201cBuras\u0131 \u00e7ok g\u00fczel\u201d<\/p>\n<p>Mersin Emekli Evi \u00fcyelerinden H\u00fclya T\u00fcmer, g\u00f6n\u00fcllerince e\u011flendikleri etkinlik hakk\u0131nda, \u201cEmeklilere b\u00f6yle bir g\u00fcn haz\u0131rlad\u0131klar\u0131 i\u00e7in \u00e7ok te\u015fekk\u00fcr ediyoruz Vahap Se\u00e7er Bey\u2019e. Ba\u015far\u0131l\u0131 \u00e7al\u0131\u015f\u0131yor, ba\u015far\u0131s\u0131ndan \u00e7ok memnunuz. \u0130n\u015fallah daha uzun y\u0131llar kal\u0131r. Buras\u0131 \u00e7ok g\u00fczel, \u00e7ok memnun olduk\u201d dedi.<\/p>\n<p>\u201cBug\u00fcne kadar bu g\u00fczellikleri ya\u015fatan olmad\u0131\u201d<\/p>\n<p>Bir ba\u015fka Emekli Evi sakini Meral Aksoylar, \u201cVahap Beyin emeklilere verdi\u011fi de\u011feri en \u00fcst katlarda de\u011ferlendiriyorum. \u00c7\u00fcnk\u00fc bug\u00fcne kadar bu g\u00fczellikleri ya\u015fatan olmad\u0131. 40 y\u0131ld\u0131r Mersin\u2019de \u00e7al\u0131\u015f\u0131yorum, 18 y\u0131ld\u0131r emekliyim, ilk defa \u00e7ok g\u00fczel bir emekli g\u00fcn\u00fc ya\u015fad\u0131m. \u00d6zellikle te\u015fekk\u00fcr ediyorum\u201d diye konu\u015ftu.<\/p>\n<p>\u201c\u015eimdiye kadar hi\u00e7 b\u00f6yle bir etkinlik olmad\u0131\u201d<\/p>\n<p>Tarsus Emekli Evi \u00fcyesi \u00d6mer \u00dcnl\u00fc, daha \u00f6nce b\u00f6yle etkinlik d\u00fczenlenmedi\u011fini ifade ederek, \u201cY\u0131llard\u0131r Tarsus\u2019ta emekliyiz. \u015eimdiye kadar hi\u00e7 b\u00f6yle bir etkinlik olmad\u0131. Bu i\u015fi organize edip, bize bu hizmeti verenlere sonsuz te\u015fekk\u00fcr ediyorum\u201d ifadelerini kulland\u0131.<\/p>\n<p>\u201cUzun zaman evde kapal\u0131 kald\u0131ktan sonra bug\u00fcn bana \u00e7ok mutlu geldi\u201d<\/p>\n<p>Uzun s\u00fcre evde kapal\u0131 kald\u0131ktan sonra Emekli Evlerinin d\u00fczenledi\u011fi programlarla moral buldu\u011funu kaydeden bir ba\u015fka emekli Zeynep \u0130lkul ise \u201cUzun zaman evde kapal\u0131 kald\u0131ktan sonra, bug\u00fcn bana \u00e7ok mutlu geldi. Benim i\u00e7in \u00e7ok b\u00fcy\u00fck bir de\u011fi\u015fiklik, kapal\u0131 yerlere girmiyorum sa\u011fl\u0131\u011f\u0131m a\u00e7\u0131s\u0131ndan. Fakat bug\u00fcn burada a\u00e7\u0131k alanda hep beraber olmak kendi ya\u015f\u0131tlar\u0131mla; \u00e7\u00fcnk\u00fc emekli olunca \u00e7ocuklar da olsa, torunlar da olsa pandemi d\u00f6neminde tamamen yaln\u0131z kald\u0131k. Bu etkinli\u011fi sa\u011flayan B\u00fcy\u00fck\u015fehir Belediye Ba\u015fkan\u0131m\u0131z Vahap Bey\u2019e te\u015fekk\u00fcr ediyorum\u201d dedi.<\/p>\n<p>\u201cTarsusumuzun en nezih ortamlar\u0131ndan birindeyiz\u201d<\/p>\n<p>B\u00fcy\u00fck\u015fehir Tarsus-\u00c7aml\u0131yayla Koordinasyon Sorumlusu Ali Bolta\u00e7, \u201cEmekli yurtta\u015flar\u0131m\u0131z, emekli b\u00fcy\u00fcklerimiz; haf\u0131zalar\u0131m\u0131z burada. Mersin B\u00fcy\u00fck\u015fehir Belediye Ba\u015fkan\u0131m\u0131z Say\u0131n Vahap Se\u00e7er\u2019e te\u015fekk\u00fcr\u00fc bir bor\u00e7 biliyoruz. \u00c7\u00fcnk\u00fc emeklilerimize, hatta gen\u00e7lerimize, ya\u015fl\u0131lar\u0131m\u0131za, Mersin B\u00fcy\u00fck\u015fehir Belediyesi \u00e7at\u0131s\u0131 alt\u0131nda ya\u015fayan b\u00fct\u00fcn insanlara verdi\u011fi hizmetten dolay\u0131 te\u015fekk\u00fcr ediyorum\u201d dedi.<\/p>\n<p>Sosyal Hizmetler \u015eube M\u00fcd\u00fcr\u00fc \u00d6zlem Ya\u015far ise \u201cEmekliler Haftas\u0131 nedeniyle bu \u00f6nemli g\u00fcndeki etkinlikte iki Emekli Evimizdeki emeklilerimizi birle\u015ftirdik. Atat\u00fcrk\u2019\u00fcn emekli oldu\u011fu g\u00fcn. \u00d6zellikle bug\u00fcnde emeklilerimizi bir araya getirmek istedik. Tarsus Emekli Evi ve Mersin Emekli Evi \u00fcyelerini canl\u0131 m\u00fczik e\u015fli\u011finde bir araya getirdik, e\u011flenmelerine vesile olduk\u201d diye konu\u015ftu.<\/p>\n","protected":false},"excerpt":{"rendered":"<p>Mersin B\u00fcy\u00fck\u015fehir Belediyesi, normalle\u015fme ad\u0131mlar\u0131n\u0131n at\u0131lmas\u0131yla birlikte pandemi s\u00fcrecinde evlerinden \u00e7\u0131kamayan ya\u015f alm\u0131\u015f yurtta\u015flar i\u00e7in sosyal etkinlikler d\u00fczenlemeye devam ediyor. B\u00fcy\u00fck\u015fehir Belediyesi, Ulu \u00d6nder Gazi Mustafa Kemal Atat\u00fcrk\u2019\u00fcn 30 Haziran &hellip; <a href=\"https:\/\/akdenizolaygazetesi.com\/?p=13111\" class=\"more-link\">Devam\u0131n\u0131 Oku&#8230;<\/a><\/p>\n","protected":false},"author":2,"featured_media":13113,"comment_status":"open","ping_status":"open","sticky":false,"template":"","format":"standard","meta":[],"categories":[3,5],"tags":[],"_links":{"self":[{"href":"https:\/\/akdenizolaygazetesi.com\/index.php?rest_route=\/wp\/v2\/posts\/13111"}],"collection":[{"href":"https:\/\/akdenizolaygazetesi.com\/index.php?rest_route=\/wp\/v2\/posts"}],"about":[{"href":"https:\/\/akdenizolaygazetesi.com\/index.php?rest_route=\/wp\/v2\/types\/post"}],"author":[{"embeddable":true,"href":"https:\/\/akdenizolaygazetesi.com\/index.php?rest_route=\/wp\/v2\/users\/2"}],"replies":[{"embeddable":true,"href":"https:\/\/akdenizolaygazetesi.com\/index.php?rest_route=%2Fwp%2Fv2%2Fcomments&post=13111"}],"version-history":[{"count":1,"href":"https:\/\/akdenizolaygazetesi.com\/index.php?rest_route=\/wp\/v2\/posts\/13111\/revisions"}],"predecessor-version":[{"id":13114,"href":"https:\/\/akdenizolaygazetesi.com\/index.php?rest_route=\/wp\/v2\/posts\/13111\/revisions\/13114"}],"wp:featuredmedia":[{"embeddable":true,"href":"https:\/\/akdenizolaygazetesi.com\/index.php?rest_route=\/wp\/v2\/media\/13113"}],"wp:attachment":[{"href":"https:\/\/akdenizolaygazetesi.com\/index.php?rest_route=%2Fwp%2Fv2%2Fmedia&parent=13111"}],"wp:term":[{"taxonomy":"category","embeddable":true,"href":"https:\/\/akdenizolaygazetesi.com\/index.php?rest_route=%2Fwp%2Fv2%2Fcategories&post=13111"},{"taxonomy":"post_tag","embeddable":true,"href":"https:\/\/akdenizolaygazetesi.com\/index.php?rest_route=%2Fwp%2Fv2%2Ftags&post=13111"}],"curies":[{"name":"wp","href":"https:\/\/api.w.org\/{rel}","templated":true}]}}