{"id":13127,"date":"2021-07-02T11:57:37","date_gmt":"2021-07-02T08:57:37","guid":{"rendered":"http:\/\/akdenizolaygazetesi.com\/?p=13127"},"modified":"2021-07-02T11:57:37","modified_gmt":"2021-07-02T08:57:37","slug":"cugiderden-model-fabrika-ve-inovasyon-merkezine-ziyaret","status":"publish","type":"post","link":"https:\/\/akdenizolaygazetesi.com\/?p=13127","title":{"rendered":"\u00c7UG\u0130DER&#8217;den Model Fabrika ve \u0130novasyon Merkezi&#8217;ne ziyaret"},"content":{"rendered":"<p>\u00c7ukurova Gen\u00e7 Giri\u015fimci \u0130\u015f \u0130nsanlar\u0131 Derne\u011fi (\u00c7UG\u0130DER) Y\u00f6netim Kurulu \u00dcyeleri Model Fabrika ve \u0130novasyon Merkezi&#8217;ni ziyaret Ederek \u00e7al\u0131\u015fmalar hakk\u0131nda bilgi ald\u0131lar.<\/p>\n<p>Mersin Tarsus Organize Sanayi B\u00f6lgesi&#8217;nde yer alan Model Fabrika ve \u0130novasyon Merkezi ziyaret\u00e7ilerini a\u011f\u0131rlamaya devam ediyor. \u00c7UG\u0130DER Y\u00f6netim Kurulu Ba\u015fkan\u0131 Sibel Gelbul, T\u00dcS\u0130AD Y\u00f6netim Kurulu \u00dcyesi ve \u00c7UG\u0130DER Y\u00fcksek \u0130sti\u015fare Kurulu Ba\u015fkan Yard\u0131mc\u0131s\u0131 Selahattin Balkan, \u00c7UG\u0130DER Bilim Kurulu \u00dcyesi Bedrettin G\u00fcnde\u015f, Onursal Ba\u015fkan Mazlum Balkan, Y\u00fcksek \u0130sti\u015fare Kurulu \u00dcyesi Necmettin Cabadak, Bilim Kurulu \u00dcyesi Do\u00e7. Dr Ayhan Demirci ve y\u00f6netim kurulu \u00fcyeleri Model Fabrika ve \u0130novasyon Merkezi&#8217;ni ziyaret ederek MTOSB Ba\u015fkan\u0131 Sabri Tekli&#8217;den bilgiler ald\u0131.<\/p>\n<p>Model Fabrika ve \u0130novasyon Merkezi&#8217;nin gen\u00e7 giri\u015fimcilere \u00f6nemli katk\u0131lar sa\u011flad\u0131\u011f\u0131n\u0131 belirten Ba\u015fkan Tekli, &#8220;Gen\u00e7 giri\u015fimciler bu merkezde \u00e7ok \u015fey \u00f6\u011freniyor. Buras\u0131 yenili\u011fe a\u00e7\u0131k ve vizyoner bireyler yeti\u015ftirme noktas\u0131nda \u00f6nem ta\u015f\u0131yan bir merkezdir. Sanayicilerimiz, firma sahipleri ve yetkilileri, gen\u00e7lerimiz buradan e\u011fitimlerini alarak i\u015f hayatlar\u0131na olumlu y\u00f6nde katk\u0131 sa\u011fl\u0131yor. \u00c7UG\u0130DER y\u00f6netiminin merkezimize yapm\u0131\u015f oldu\u011fu ziyaretten son derece mutluyum&#8221; dedi.<\/p>\n<p>\u00c7UG\u0130DER Y\u00f6netim Kurulu Ba\u015fkan\u0131 Sibel Gelbul ise, \u2018\u00c7ukurova i\u015f d\u00fcnyas\u0131n\u0131n gen\u00e7 liderleri olarak, b\u00f6lgenin kalk\u0131nmas\u0131na, ticaretine dinamizm katmak amac\u0131yla \u00e7al\u0131\u015fmalar\u0131m\u0131z\u0131 s\u00fcrd\u00fcr\u00fcyoruz. K\u00fcresel ticaretin kurallar\u0131n\u0131, \u00fclkemizin global piyasalardaki yerini ve potansiyelini ve b\u00f6lgemizin ihtiya\u00e7lar\u0131n\u0131 biliyoruz. Mersin ve Adana\u2019n\u0131n Ortado\u011fu ve Avrupa aras\u0131ndaki stratejik konumunu; b\u00f6lgenin tar\u0131m\u0131, sanayisi, liman\u0131 ile ta\u015f\u0131d\u0131\u011f\u0131 y\u00fcksek potansiyeli biliyor; b\u00f6lgenin de\u011ferlerine de\u011fer katmak i\u00e7in \u00e7al\u0131\u015f\u0131yoruz. Her biri kendi sekt\u00f6r\u00fcnde giri\u015fimci olan \u00fcyelerimiz aras\u0131nda tam bir i\u015fbirli\u011fi sa\u011flanmas\u0131 i\u00e7in \u00e7al\u0131\u015f\u0131yor, bug\u00fcne dek yap\u0131lmam\u0131\u015f olan\u0131 yapmak i\u00e7in y\u00f6netim kurulu \u00fcyelerimiz ile birlikte m\u00fccadele ediyoruz. Mevcut y\u00f6netim kurulu olarak g\u00f6reve geldi\u011fimiz g\u00fcnden bu yana yenilik\u00e7i projeler ile \u00f6nce kentimizin, sonra \u00fclkemizin ekonomisine katk\u0131 sunmak ad\u0131na faaliyetlerimizi s\u00fcrd\u00fcr\u00fcyoruz\u2019 dedi.<\/p>\n<p>Model Fabrika ve \u0130novasyon Merkezi&#8217;nde incelemelerde bulunan heyet, sonras\u0131nda Ba\u015fkan Tekli&#8217;ye hediye takdim etti.<\/p>\n","protected":false},"excerpt":{"rendered":"<p>\u00c7ukurova Gen\u00e7 Giri\u015fimci \u0130\u015f \u0130nsanlar\u0131 Derne\u011fi (\u00c7UG\u0130DER) Y\u00f6netim Kurulu \u00dcyeleri Model Fabrika ve \u0130novasyon Merkezi&#8217;ni ziyaret Ederek \u00e7al\u0131\u015fmalar hakk\u0131nda bilgi ald\u0131lar. Mersin Tarsus Organize Sanayi B\u00f6lgesi&#8217;nde yer alan Model Fabrika &hellip; <a href=\"https:\/\/akdenizolaygazetesi.com\/?p=13127\" class=\"more-link\">Devam\u0131n\u0131 Oku&#8230;<\/a><\/p>\n","protected":false},"author":2,"featured_media":13128,"comment_status":"open","ping_status":"open","sticky":false,"template":"","format":"standard","meta":[],"categories":[8,3],"tags":[],"_links":{"self":[{"href":"https:\/\/akdenizolaygazetesi.com\/index.php?rest_route=\/wp\/v2\/posts\/13127"}],"collection":[{"href":"https:\/\/akdenizolaygazetesi.com\/index.php?rest_route=\/wp\/v2\/posts"}],"about":[{"href":"https:\/\/akdenizolaygazetesi.com\/index.php?rest_route=\/wp\/v2\/types\/post"}],"author":[{"embeddable":true,"href":"https:\/\/akdenizolaygazetesi.com\/index.php?rest_route=\/wp\/v2\/users\/2"}],"replies":[{"embeddable":true,"href":"https:\/\/akdenizolaygazetesi.com\/index.php?rest_route=%2Fwp%2Fv2%2Fcomments&post=13127"}],"version-history":[{"count":1,"href":"https:\/\/akdenizolaygazetesi.com\/index.php?rest_route=\/wp\/v2\/posts\/13127\/revisions"}],"predecessor-version":[{"id":13129,"href":"https:\/\/akdenizolaygazetesi.com\/index.php?rest_route=\/wp\/v2\/posts\/13127\/revisions\/13129"}],"wp:featuredmedia":[{"embeddable":true,"href":"https:\/\/akdenizolaygazetesi.com\/index.php?rest_route=\/wp\/v2\/media\/13128"}],"wp:attachment":[{"href":"https:\/\/akdenizolaygazetesi.com\/index.php?rest_route=%2Fwp%2Fv2%2Fmedia&parent=13127"}],"wp:term":[{"taxonomy":"category","embeddable":true,"href":"https:\/\/akdenizolaygazetesi.com\/index.php?rest_route=%2Fwp%2Fv2%2Fcategories&post=13127"},{"taxonomy":"post_tag","embeddable":true,"href":"https:\/\/akdenizolaygazetesi.com\/index.php?rest_route=%2Fwp%2Fv2%2Ftags&post=13127"}],"curies":[{"name":"wp","href":"https:\/\/api.w.org\/{rel}","templated":true}]}}