{"id":13130,"date":"2021-07-02T11:59:12","date_gmt":"2021-07-02T08:59:12","guid":{"rendered":"http:\/\/akdenizolaygazetesi.com\/?p=13130"},"modified":"2021-07-02T11:59:12","modified_gmt":"2021-07-02T08:59:12","slug":"secer-medekanin-kent-bellegi-fotograf-muzik-plastik-sanatlar-ve-arkeoloji-turizm-kurullari-ile-bulustu","status":"publish","type":"post","link":"https:\/\/akdenizolaygazetesi.com\/?p=13130","title":{"rendered":"SE\u00c7ER, MEDEKA\u2019NIN KENT BELLE\u011e\u0130, FOTO\u011eRAF, M\u00dcZ\u0130K, PLAST\u0130K SANATLAR VE ARKEOLOJ\u0130-TUR\u0130ZM KURULLARI \u0130LE BULU\u015eTU"},"content":{"rendered":"<p>Mersin B\u00fcy\u00fck\u015fehir Belediye Ba\u015fkan\u0131 Vahap Se\u00e7er, Mersin\u2019e De\u011fer Katanlar Kurulu\u2019nun (MEDEKA) alt kurullar\u0131 ile bir araya gelmeye ve fikir al\u0131\u015fveri\u015finde bulunmaya devam ediyor. Ger\u00e7ekle\u015ftirilen MEDEKA toplant\u0131lar\u0131 sayesinde kentte yap\u0131lacak etkinlikler konusunda kentin dinamiklerinin fikirleri ve katk\u0131lar\u0131 al\u0131n\u0131yor.<\/p>\n<p>Son olarak MEDEKA\u2019n\u0131n Kent Belle\u011fi, Foto\u011fraf, M\u00fczik, Plastik Sanatlar ve Arkeoloji-Turizm Kurullar\u0131 ile bir araya gelen Ba\u015fkan Se\u00e7er, kurullar\u0131n planlad\u0131klar\u0131 i\u015fler hakk\u0131nda bilgi alarak \u00fcyelerle fikir al\u0131\u015fveri\u015finde bulundu. Kurul \u00fcyeleri hem B\u00fcy\u00fck\u015fehir Belediyesi\u2019nin yapt\u0131\u011f\u0131 farkl\u0131 \u00e7al\u0131\u015fmalar i\u00e7in hem de kendilerini MEDEKA \u00e7at\u0131s\u0131 alt\u0131nda bir araya getirdi\u011fi i\u00e7in Ba\u015fkan Se\u00e7er\u2019e te\u015fekk\u00fcrlerini iletti.<\/p>\n<p>\u201cMersin\u2019i her alanda lay\u0131k oldu\u011fu yere getirmek i\u00e7in \u00f6nemli bir f\u0131rsat\u201d<\/p>\n<p>\u0130lk olarak Kent Belle\u011fi, Foto\u011fraf ve M\u00fczik Kurullar\u0131 ile bir araya gelen Ba\u015fkan Se\u00e7er, kurul \u00fcyelerinin her birinin kentin de\u011ferini art\u0131racak, alan\u0131nda \u00e7ok \u00f6nemli \u00e7al\u0131\u015fmalar y\u00fcr\u00fctt\u00fc\u011f\u00fcn\u00fc ifade etti. Se\u00e7er, kurullar\u0131n \u00f6nemini, \u201cMersin\u2019i her alanda lay\u0131k oldu\u011fu yere getirmek i\u00e7in \u00f6nemli bir f\u0131rsat diye d\u00fc\u015f\u00fcn\u00fcyorum\u201d s\u00f6zleriyle anlatt\u0131.<\/p>\n<p>\u201cM\u00fczik belki de kullanabilece\u011finiz en de\u011ferli enstr\u00fcman, evrensel bir kavram\u201d<\/p>\n<p>Kurul \u00fcyelerinin \u00f6nerileri ve sorular\u0131 \u00fczerine tekrar s\u00f6z alan Ba\u015fkan Se\u00e7er, konu\u015fmalarda m\u00fczi\u011fin toplumdaki birle\u015ftirici g\u00fcc\u00fcne vurgu yap\u0131ld\u0131\u011f\u0131n\u0131 ifade etti. M\u00fczi\u011fin g\u00f6n\u00fcl birli\u011fi yaratt\u0131\u011f\u0131n\u0131 kaydeden Se\u00e7er, \u201cM\u00fczik belki de kullanabilece\u011finiz en de\u011ferli enstr\u00fcman. Evrensel bir kavram m\u00fczik. Yapt\u0131\u011f\u0131 i\u015f de asl\u0131nda \u00e7ok evrensel. Yani her renkten insanlar\u0131 bir araya m\u00fczik vas\u0131tas\u0131yla getirebiliyorsunuz. \u00d6rne\u011fin burada bir topluluk konser verdi\u011finde Akdeniz \u0130l\u00e7esi\u2019nden de, Tarsus&#8217;tan da, Anamur&#8217;dan da, k\u0131rm\u0131z\u0131 renkli olan da, mavi renkli olan da, sar\u0131 renkli olan da; bunu mezhepsel, etnik k\u00f6ken a\u00e7\u0131s\u0131ndan, inan\u00e7 gruplar\u0131 a\u00e7\u0131s\u0131ndan s\u00f6yl\u00fcyorum; ya da siyasi g\u00f6r\u00fc\u015f farkl\u0131l\u0131klar\u0131na bak\u0131lmaks\u0131z\u0131n insanlar bir arada oturup ayn\u0131 hazla o dinletiyi dinleyebiliyor, izleyebiliyor. Bu da kentin toplumsal dokusuna \u00f6nemli bir katk\u0131 sa\u011fl\u0131yor. Huzuru, bar\u0131\u015f\u0131, birli\u011fi, beraberli\u011fi sa\u011fl\u0131yor\u201d dedi.<\/p>\n<p>\u201c27 ay bizim asl\u0131nda 127 ay\u0131n enerjisi ve \u00e7al\u0131\u015fmas\u0131yla olu\u015ftu\u201d<\/p>\n<p>Ba\u015fkan Se\u00e7er, B\u00fcy\u00fck\u015fehir Belediyesi olarak s\u00fcrd\u00fcrd\u00fckleri \u00e7al\u0131\u015fmalar hakk\u0131nda da bilgiler verdi. Yap\u0131m\u0131 devam eden bisiklet yollar\u0131n\u0131n artt\u0131\u011f\u0131n\u0131n g\u00f6zlenmesinin kendisini \u00e7ok mutlu etti\u011fini belirten Se\u00e7er, \u201cHakikaten demek ki bir \u015feyler yap\u0131nca bunlar g\u00f6r\u00fcl\u00fcyor. Yakla\u015f\u0131k y\u00f6netime geldi\u011fimiz g\u00fcnden bug\u00fcne kadar 27 ayl\u0131k bir s\u00fcre ge\u00e7ti. Bu 27 ay bizim asl\u0131nda bir 127 ay\u0131n enerjisi ve \u00e7al\u0131\u015fmas\u0131yla olu\u015ftu. Bunu t\u00fcm samimiyetimle samimiyetinize s\u0131\u011f\u0131narak s\u00f6yl\u00fcyorum. Bu konuyu da abartmadan s\u00f6ylemeye \u00e7al\u0131\u015f\u0131yorum ama bu bir realite. \u0130yi i\u015fler yapmaya devam edece\u011fiz. Evet bisiklet yollar\u0131 ger\u00e7ekten artt\u0131. \u00d6zel spesifik projeler de \u00e7al\u0131\u015f\u0131yoruz. Bisiklet Ula\u015f\u0131m Master Plan\u0131 yap\u0131yoruz. Bunlar \u00e7ok de\u011ferli \u015feyler. Yani bug\u00fcne kadar d\u00fc\u015f\u00fcn\u00fclmemi\u015f. Peyzaj Master Plan\u0131 yap\u0131yoruz. Bug\u00fcne kadar bunlar d\u00fc\u015f\u00fcn\u00fclmemi\u015f. \u00c7alakalem, el yordam\u0131yla g\u00fcn\u00fc kurtarmak i\u00e7in i\u015fler yapm\u0131yoruz\u201d ifadelerini kulland\u0131.<\/p>\n<p>\u00c7aml\u0131bel i\u00e7in d\u00fczenlenen yar\u0131\u015fman\u0131n bitti\u011fini ve uygulama projesinin ba\u015flayaca\u011f\u0131n\u0131 s\u00f6zlerine ekleyen Se\u00e7er, 5 Temmuz\u2019da da Cumhuriyet Meydan\u0131\u2019nda nas\u0131l bir \u00e7al\u0131\u015fma yap\u0131ld\u0131\u011f\u0131n\u0131n sergilenece\u011fini duyurdu. Se\u00e7er, VR Mersin uygulamas\u0131 ve yeni hayata ge\u00e7irdikleri TEKS\u0130N\u2019den de detayl\u0131 olarak bahsetti.<\/p>\n<p>MEDEKA olu\u015fumunun i\u00e7inde herkesin kendi alan\u0131nda \u00e7ok de\u011ferli katk\u0131lar sunaca\u011f\u0131n\u0131 ifade eden Se\u00e7er, kentin tan\u0131t\u0131m\u0131n\u0131n \u00f6nemine dikkat \u00e7ekti. Se\u00e7er, \u201cSadece MEDEKA belediye destekli organizasyonlar\u0131 de\u011fil de, genel anlamda Mersin&#8217;in sorunlar\u0131na \u00e7\u00f6z\u00fcm sa\u011flayacak ya da de\u011fer katacak konularda t\u00fcm enstr\u00fcmanlar\u0131 kullanmaya zorlamal\u0131d\u0131r diye d\u00fc\u015f\u00fcn\u00fcyorum. \u015eimdi uzun bir zaman ald\u0131 bu tan\u0131t\u0131m konusu ama tan\u0131t\u0131m\u0131 ger\u00e7ekle\u015ftirece\u011finiz zaman asl\u0131nda bir\u00e7ok sorunu \u00e7\u00f6z\u00fcyorsunuz. Arkeolojide de, turizmde de, ticarette de, refah d\u00fczeyinin y\u00fckselmesine de\u2026 Nereye bakarsan\u0131z bak\u0131n, k\u00fclt\u00fcre, sanata, nereye giderseniz gidin mutlaka tan\u0131nm\u0131\u015f olmak laz\u0131m. Siyasette oldu\u011fu gibi. Tan\u0131nmam\u0131\u015f bir adama kimse oy vermez, tan\u0131nmam\u0131\u015f bir kente kimse de gelmez\u201d dedi.<\/p>\n<p>\u201cHer etnik yap\u0131ya, her inan\u00e7 grubuna, her renge sayg\u0131 duyuyorum\u201d<\/p>\n<p>Ba\u015fkan Se\u00e7er, Ta\u015f Bina\u2019y\u0131 m\u00fcze yapmay\u0131 d\u00fc\u015f\u00fcnd\u00fcklerini belirterek, Karamanc\u0131lar Kona\u011f\u0131 ile ilgili \u00e7al\u0131\u015fmalar\u0131n da devam etti\u011fini s\u00f6yledi. Mersin\u2019i modern bir kent haline getirmek istedi\u011fini ifade eden Se\u00e7er, \u201cBen modern adam\u0131m, modern bir Mersin arzu ediyorum. Ben demokrat bir insan\u0131m, daha demokratik bir toplum yaratmaya \u00e7al\u0131\u015f\u0131yorum. Herkese sayg\u0131 duyuyorum. Her etnik yap\u0131ya, her inan\u00e7 grubuna, her renge. Ben istiyorum her vatanda\u015f\u0131m ayn\u0131 anlay\u0131\u015f i\u00e7erisinde olsun\u201d dedi. Ba\u015fkan Se\u00e7er, kentte modern yap\u0131lar istedi\u011fini vurgulayarak, \u201cBiz MEDEKA\u2019n\u0131n kurullar\u0131n\u0131n bize \u00f6nerileri \u00e7er\u00e7evesinde baz\u0131 i\u015fler yapaca\u011f\u0131z\u201d diye konu\u015ftu.<\/p>\n<p>Kurullar taraf\u0131ndan planlanan etkinlikler<\/p>\n<p>Toplant\u0131da Kurul \u00fcyeleri yapmay\u0131 planlad\u0131klar\u0131 \u00e7al\u0131\u015fmalarla ilgili bilgi verdi. MEDEKA Foto\u011fraf Kurulu, Pandemide Ya\u015fam Foto\u011fraf Yar\u0131\u015fmas\u0131, Liseler Aras\u0131 Foto\u011fraf Yar\u0131\u015fmas\u0131, Mersin Foto\u011fraf G\u00fcnleri, Mersin Fotofest ile kenti uluslararas\u0131 alanda tan\u0131tmak i\u00e7in Uluslararas\u0131 Foto\u011fraf Yar\u0131\u015fmas\u0131 etkinlikleri d\u00fczenlemeyi planl\u0131yor.<\/p>\n<p>M\u00fczik Kurulu; \u00f6zellikle dezavantajl\u0131 mahallelerde ya\u015fayan \u00e7ocuk, kad\u0131n ve belediye personelinden koro olu\u015fturarak, farkl\u0131 etkinliklerde bu korolar\u0131n sahne almas\u0131n\u0131 \u00f6ng\u00f6r\u00fcyor. Akdeniz Gen\u00e7lik Orkestras\u0131, Liseleraras\u0131 M\u00fczik Yar\u0131\u015fmas\u0131, Mersin Senfonisi ve Caz Festivali de d\u00fczenlenmesi planlan\u0131yor.<\/p>\n<p>Kent Belle\u011fi Kurulu ise Kent Tarihi Ara\u015ft\u0131rmalar\u0131 Kurulu\u2019nun ve farkl\u0131 kurullar\u0131n olu\u015fturdu\u011fu envanterin bir ar\u015fiv olarak derlenip toplanmas\u0131n\u0131 sa\u011flamak amac\u0131yla Kent Belle\u011fi Merkezi olu\u015fturulmas\u0131n\u0131 ama\u00e7l\u0131yor.<\/p>\n<p>Plastik Sanatlar Kurulu, 5 Haziran \u00c7evre G\u00fcn\u00fc Etkinli\u011fi, Heykel Park olu\u015fturulmas\u0131, Estetik Sempozyumu ve Mersin\u2019in sanat\u00e7\u0131lar\u0131n\u0131n yer alaca\u011f\u0131 bir kitab\u0131n haz\u0131rlanarak 100 Y\u0131ll\u0131k Sanat Bilan\u00e7osu olu\u015fturulmas\u0131n\u0131 hedefliyor.<\/p>\n<p>Turizm-Arkeoloji Kurulu ise Kanl\u0131divane Etkinlik \u00c7al\u0131\u015fmas\u0131, Avrupa Bisiklet A\u011f\u0131\u2019na \u00fcye olma \u00e7al\u0131\u015fmalar\u0131n\u0131 ba\u015flatmak i\u00e7in Eurovelo A\u011f\u0131 ile ilgili bilgilendirme yap\u0131lmas\u0131, Arkeolojik Kaz\u0131lar \u015eenli\u011fi d\u00fczenlemeyi planl\u0131yor.<\/p>\n","protected":false},"excerpt":{"rendered":"<p>Mersin B\u00fcy\u00fck\u015fehir Belediye Ba\u015fkan\u0131 Vahap Se\u00e7er, Mersin\u2019e De\u011fer Katanlar Kurulu\u2019nun (MEDEKA) alt kurullar\u0131 ile bir araya gelmeye ve fikir al\u0131\u015fveri\u015finde bulunmaya devam ediyor. Ger\u00e7ekle\u015ftirilen MEDEKA toplant\u0131lar\u0131 sayesinde kentte yap\u0131lacak etkinlikler &hellip; <a href=\"https:\/\/akdenizolaygazetesi.com\/?p=13130\" class=\"more-link\">Devam\u0131n\u0131 Oku&#8230;<\/a><\/p>\n","protected":false},"author":2,"featured_media":13131,"comment_status":"open","ping_status":"open","sticky":false,"template":"","format":"standard","meta":[],"categories":[2,3,5],"tags":[],"_links":{"self":[{"href":"https:\/\/akdenizolaygazetesi.com\/index.php?rest_route=\/wp\/v2\/posts\/13130"}],"collection":[{"href":"https:\/\/akdenizolaygazetesi.com\/index.php?rest_route=\/wp\/v2\/posts"}],"about":[{"href":"https:\/\/akdenizolaygazetesi.com\/index.php?rest_route=\/wp\/v2\/types\/post"}],"author":[{"embeddable":true,"href":"https:\/\/akdenizolaygazetesi.com\/index.php?rest_route=\/wp\/v2\/users\/2"}],"replies":[{"embeddable":true,"href":"https:\/\/akdenizolaygazetesi.com\/index.php?rest_route=%2Fwp%2Fv2%2Fcomments&post=13130"}],"version-history":[{"count":1,"href":"https:\/\/akdenizolaygazetesi.com\/index.php?rest_route=\/wp\/v2\/posts\/13130\/revisions"}],"predecessor-version":[{"id":13132,"href":"https:\/\/akdenizolaygazetesi.com\/index.php?rest_route=\/wp\/v2\/posts\/13130\/revisions\/13132"}],"wp:featuredmedia":[{"embeddable":true,"href":"https:\/\/akdenizolaygazetesi.com\/index.php?rest_route=\/wp\/v2\/media\/13131"}],"wp:attachment":[{"href":"https:\/\/akdenizolaygazetesi.com\/index.php?rest_route=%2Fwp%2Fv2%2Fmedia&parent=13130"}],"wp:term":[{"taxonomy":"category","embeddable":true,"href":"https:\/\/akdenizolaygazetesi.com\/index.php?rest_route=%2Fwp%2Fv2%2Fcategories&post=13130"},{"taxonomy":"post_tag","embeddable":true,"href":"https:\/\/akdenizolaygazetesi.com\/index.php?rest_route=%2Fwp%2Fv2%2Ftags&post=13130"}],"curies":[{"name":"wp","href":"https:\/\/api.w.org\/{rel}","templated":true}]}}