{"id":13133,"date":"2021-07-03T16:53:13","date_gmt":"2021-07-03T13:53:13","guid":{"rendered":"http:\/\/akdenizolaygazetesi.com\/?p=13133"},"modified":"2021-07-03T16:53:13","modified_gmt":"2021-07-03T13:53:13","slug":"akdeniz-artik-kendi-sicak-ve-soguk-asfaltini-uretecek","status":"publish","type":"post","link":"https:\/\/akdenizolaygazetesi.com\/?p=13133","title":{"rendered":"\u201cAkdeniz, art\u0131k kendi s\u0131cak ve so\u011fuk asfalt\u0131n\u0131 \u00fcretecek\u201d"},"content":{"rendered":"<p>Akdeniz il\u00e7esine ilk kez kazand\u0131r\u0131lacak olan \u201cs\u0131cak ve so\u011fuk asfalt plentinin\u201d kurulum \u00e7al\u0131\u015fmalar\u0131n\u0131n h\u0131zla ve aral\u0131ks\u0131z \u015fekilde s\u00fcrd\u00fc\u011f\u00fcn\u00fc belirten Akdeniz Belediye Ba\u015fkan\u0131 Mustafa G\u00fcltak; bu \u015fantiyelerin de en ge\u00e7 iki ay i\u00e7erisinde tamamen kurulaca\u011f\u0131n\u0131 ve il\u00e7enin ihtiya\u00e7 duyan b\u00fct\u00fcn mahallelerine hizmet vermeye ba\u015flayaca\u011f\u0131n\u0131 s\u00f6yledi.<br \/>\n\u201cAkdeniz\u2019in sorunlar\u0131 \u00e7\u00f6z\u00fclmeden Mersin de\u011fi\u015fmez\u201d diyen Ba\u015fkan G\u00fcltak; \u201cLiman, serbest b\u00f6lge, hal gibi ticaret ve ekonominin yan\u0131nda kentimizin t\u00fcm ya\u015fam\u0131 neredeyse Akdeniz\u2019de d\u00f6n\u00fcyor. Akdeniz\u2019in n\u00fcfusu g\u00fcnd\u00fcz 800 bini buluyor. Hal b\u00f6yleyken Akdeniz; kentin ticari ve ekonomik kazan\u0131mlar\u0131ndan pay\u0131n\u0131 almal\u0131d\u0131r\u201d dedi.<br \/>\nBayramdan sonra Silifke yaz kamp\u0131na dezavantajl\u0131 durumdaki aileleri g\u00f6ndereceklerini de kaydeden Ba\u015fkan G\u00fcltak; basketbol, tenis, futbol ve y\u00fczme kurslar\u0131n\u0131n verilece\u011fi Akdeniz Belediyesi Yaz Spor Okulu\u2019nun a\u00e7\u0131ld\u0131\u011f\u0131n\u0131 belirterek, \u00fccretsiz bu kurslara \u00e7ocuklar\u0131n\u0131 g\u00f6ndermeleri i\u00e7in mahalle sakinlerine \u00e7a\u011fr\u0131da da bulundu.<br \/>\nAkdeniz Belediye Ba\u015fkan\u0131 M. Mustafa G\u00fcltak, G\u00fcne\u015f Mahallesi\u2019ni ziyaret ederek, mahalle sakinleri,  Mahalle Muhtar\u0131 Nezir El\u00e7i ve esnaflarla bir araya geldi. Mahallede yap\u0131lan ve yap\u0131lacak olan \u00e7al\u0131\u015fmalar hakk\u0131nda a\u00e7\u0131klamalar yapan Ba\u015fkan G\u00fcltak, semt pazar\u0131na da u\u011fray\u0131p, Mersin Pazarc\u0131lar Esnaf Odas\u0131 Ba\u015fkan\u0131 Abdulhalim Batur, pazarc\u0131 esnaf\u0131 ve al\u0131\u015fveri\u015f yapan vatanda\u015flarla sohbet etti. AK Parti Akdeniz \u0130l\u00e7e Ba\u015fkan Yard\u0131mc\u0131s\u0131 \u00d6kke\u015f Erten ve Gen\u00e7lik Kollar\u0131 y\u00f6netimi, belediye ba\u015fkan yard\u0131mc\u0131lar\u0131 ve birim m\u00fcd\u00fcrlerinin de kat\u0131ld\u0131\u011f\u0131 bulu\u015fmada; esnaf ve vatanda\u015flara \u015fapka, \u00e7anta ve maske da\u011f\u0131t\u0131m\u0131 da ger\u00e7ekle\u015fti.<br \/>\n\u201cAkdeniz, art\u0131k kendi s\u0131cak ve so\u011fuk asfalt\u0131n\u0131 \u00fcretecek\u201d<br \/>\nAkdeniz Belediyesi\u2019nin; K\u00fcrk\u00e7\u00fc Mahallesi yolu \u00fczerinde asfalt plenti kuraca\u011f\u0131 sahada, ekiplerin beton d\u00f6kme i\u015flemi ba\u015flatt\u0131\u011f\u0131n\u0131 belirten Ba\u015fkan G\u00fcltak, \u201cBirka\u00e7 ay i\u00e7erisinde Gaziantep \u015eahinbey Belediye Ba\u015fkan\u0131 Say\u0131n Mehmet Tahmazo\u011flu\u2019nun, hibe yoluyla belediyemize g\u00f6nderdi\u011fi makinemizi kuraca\u011f\u0131z. Say\u0131n Tahmazo\u011flu\u2019na te\u015fekk\u00fcr ediyoruz. Basit de\u011fil, 15 milyon TL tutar\u0131nda bir hibe, hediyedir bu makine. Bir iki ay i\u00e7erisinde bu plenti yerine monte ettikten sonra Akdeniz\u2019in, ilk kez asfalt \u00fcreten bir \u015fantiyesi olacak. \u00d6nemli bir hizmet, \u00e7\u00fcnk\u00fc asfalt ihalesine girmek \u00e7ok para gerektiriyor. O nedenle, \u2018kendi asfalt\u0131m\u0131z\u0131 kendimiz \u00fcretelim\u2019 dedik ve plenti Akdeniz\u2019e kazand\u0131r\u0131yoruz\u201d dedi.<br \/>\n\u201cK\u0131rsal mahallelerimizin tar\u0131m yolu sorununu da \u00e7\u00f6z\u00fcyoruz\u201d<br \/>\nBa\u015fkan G\u00fcltak; Akdeniz\u2019de; so\u011fuk asfalt tesisinin de yak\u0131n bir tarihte hayata ge\u00e7ece\u011fini ifade ederek; \u201cTar\u0131m yollar\u0131na her y\u0131l mucur veriyoruz. Her ya\u011fmurda bu mucur gidiyor, her baharda tekrar mucur d\u00f6k\u00fcyoruz. Hem kamu zarar\u0131 olu\u015fuyor, hem de i\u015f kalitesi d\u00fc\u015f\u00fcyor. Bundan dolay\u0131 so\u011fuk asfalt tesisini de hayata ge\u00e7iriyoruz. \u00d6zellikle Adanal\u0131o\u011flu, Kazanl\u0131, Karaduvar, Karacailyas ve beldelerden d\u00f6n\u00fc\u015fm\u00fc\u015f mahallerimizin bu sorununu \u00e7\u00f6zm\u00fc\u015f olaca\u011f\u0131z. Asfalt plentini kurar kurmaz, G\u00fcne\u015f Mahallemizde de ihtiya\u00e7 duyan sokaklara ekiplerimiz girecek, hem sokaklar hem de kald\u0131r\u0131mlar yenilenecek\u201d diye konu\u015ftu.<br \/>\nBa\u015fkan G\u00fcltak\u2019tan, yaz kamp\u0131 ve yaz spor okuluna davet\u2026<br \/>\nYaz Spor Okulu\u2019nun a\u00e7\u0131ld\u0131\u011f\u0131n\u0131; basketbol, tenis, futbol ve y\u00fczme kurslar\u0131n\u0131n ba\u015flad\u0131\u011f\u0131n\u0131 kaydeden Ba\u015fkan G\u00fcltak, servis hizmeti de verdiklerini belirterek, \u00e7ocuklar\u0131n\u0131 \u00fccretsiz kurslara g\u00f6ndermeleri i\u00e7in ailelere \u00e7a\u011fr\u0131 yapt\u0131. Ba\u015fkan G\u00fcltak, s\u00f6zlerini \u015f\u00f6yle s\u00fcrd\u00fcrd\u00fc; \u201cBayram\u2019dan sonra; t\u00fcm mahallelerimizi i\u00e7eren Silifke kamplar\u0131m\u0131z da ba\u015fl\u0131yor. \u00c7ad\u0131r kentler kuraca\u011f\u0131z bu kamplara. Tabi klimal\u0131, televizyonlu modern \u00e7ad\u0131rlar olacak. Her d\u00f6nem i\u00e7in 150 ila 200 aras\u0131nda insan\u0131m\u0131z\u0131 Silifke\u2019ye kampa g\u00f6t\u00fcrece\u011fiz. Kurban Bayram\u0131\u2019ndan sonra kamp ba\u015flayacak ve A\u011fustos bitti\u011finde yakla\u015f\u0131k bin 500 dezavantajl\u0131 ailemizi; kad\u0131nlar\u0131, gen\u00e7leri ve \u00e7ocuklar\u0131m\u0131z\u0131 Silifke\u2019de deniz ve kum ile bulu\u015fturmu\u015f olaca\u011f\u0131z\u201d diye konu\u015ftu. Ba\u015fkan G\u00fcltak; Y\u0131lmaz G\u00fcney Park\u0131\u2019nda s\u00fcren yenileme \u00e7al\u0131\u015fmalar\u0131n\u0131n y\u0131lba\u015f\u0131nda tamamlan\u0131p hizmete a\u00e7\u0131laca\u011f\u0131n\u0131 da s\u00f6yledi; \u201cPark\u0131m\u0131z\u0131n i\u00e7inde yar\u0131 olimpik bir y\u00fczme havuzu da yer alacak. Akdeniz\u2019in ilk kez kullan\u0131labilir aquaparkl\u0131 y\u00fczme havuzu olacak. Bundan sonra kendi b\u00f6lgemizde kurdu\u011fumuz havuzlarla da hizmet verece\u011fiz\u201d dedi.<br \/>\n\u201c\u00c7ay Mahallesi kentsel d\u00f6n\u00fc\u015f\u00fcm projesinin ba\u015fka \u00f6rne\u011fi yok\u201d<br \/>\nBa\u015fkan G\u00fcltak; \u00c7ay Mahallesi\u2019nde, 415 konutluk TOK\u0130 yerinde kentsel d\u00f6n\u00fc\u015f\u00fcm projesinin bitti\u011fini de belirterek; \u201cB\u00f6lgede, toplam 140 d\u00f6n\u00fcml\u00fck arazinin i\u00e7inde 700 adet konut y\u00fckselecek. Mersin\u2019de, b\u00f6yle \u00f6rnek ba\u015fka bir proje yok. Devletimizin imk\u00e2nlar\u0131n\u0131 zorlay\u0131p, b\u00f6yle bir projenin hayata ge\u00e7mesini sa\u011flad\u0131k. Sadece \u00c7ay Mahalleli vatanda\u015flar\u0131m\u0131z bu binalarda ya\u015fayacak. Projede tand\u0131r f\u0131r\u0131nlar\u0131ndan, vatanda\u015f\u0131n istedi\u011fi her \u015fey var. Vatanda\u015flar\u0131m\u0131z, 30-40 y\u0131ld\u0131r kiminle ya\u015f\u0131yor ise ayn\u0131 \u015fekilde devam edecek. \u0130nsanlar\u0131m\u0131z, bu yeni ve modern konutlara ta\u015f\u0131nd\u0131\u011f\u0131nda yabanc\u0131l\u0131k hissetmeyecek\u201d dedi.<br \/>\n\u201cBar\u0131\u015f Mahallesi de de\u011fi\u015fip d\u00f6n\u00fc\u015fecek\u201d<br \/>\nA\u00e7\u0131klamas\u0131nda; Bar\u0131\u015f Mahallesi\u2019ni kapsayan yerinde kentsel d\u00f6n\u00fc\u015f\u00fcm projesi ihalesinin de 30 Temmuz 2021\u2019de yap\u0131laca\u011f\u0131 ve sonbahara do\u011fru temelin at\u0131laca\u011f\u0131 bilgisini de veren Ba\u015fkan G\u00fcltak; Akdeniz\u2019in y\u0131llarca \u00f6telendi\u011fini, sorunlar\u0131n hal\u0131n\u0131n alt\u0131na s\u00fcp\u00fcr\u00fcld\u00fc\u011f\u00fcn\u00fc vurgulad\u0131. Ba\u015fkan G\u00fcltak; \u015f\u00f6yle konu\u015ftu; \u201cAkdeniz\u2019in daha ya\u015fanabilir olmas\u0131n\u0131 istiyoruz. \u0130nsanlar\u0131m\u0131z\u0131n dost ve akrabalar\u0131yla birlikte, \u00f6rf, adet ve k\u00fclt\u00fcrlerini ya\u015fayabilmelerini istiyoruz. Bunu sa\u011flamak i\u00e7in, vatanda\u015flar\u0131m\u0131z\u0131n ikna olup \u2018evet\u2019 dedi\u011fi, d\u00f6n\u00fc\u015f\u00fcm projeleri olmal\u0131d\u0131r. Modern binalar, park ve ye\u015fil alanlar, kapal\u0131 semt pazarlar\u0131, d\u00fczenli cadde ve sokaklar neden Akdeniz\u2019de de olmas\u0131n? Akdenizlilerin sa\u011fl\u0131\u011f\u0131, mutlulu\u011fu ve huzurunu d\u00fc\u015f\u00fcn\u00fcyorsak, insanlar\u0131m\u0131z\u0131n ma\u011fdur edilmeyece\u011fi, tersine mutlu olacaklar\u0131 hizmet ve projeleri hayata katmak zorunday\u0131z.\u201d<br \/>\n\u201cAkdeniz, kentin ticari ve ekonomik kazan\u0131mlar\u0131ndan pay\u0131n\u0131 almal\u0131\u201d<br \/>\nMersin\u2019in ticari ve ekonomik hayat\u0131n Akdeniz\u2019de d\u00f6nd\u00fc\u011f\u00fcn\u00fcn alt\u0131n\u0131 \u00e7izen Ba\u015fkan G\u00fcltak, \u201cAkdeniz de\u011fi\u015fmezse Mersin de de\u011fi\u015fmez. Akdeniz\u2019in sorunlar\u0131 \u00e7\u00f6z\u00fclmeden, Mersin\u2019in sorunlar\u0131 da \u00e7\u00f6z\u00fclmez\u201d s\u00f6z\u00fcn\u00fc yineleyen Ba\u015fkan G\u00fcltak; diyoruz. \u201cLiman, serbest b\u00f6lge, ticaret ve ekonominin yan\u0131nda t\u00fcm ya\u015fam Akdeniz\u2019de d\u00f6n\u00fcyor. Akdeniz\u2019in n\u00fcfusu g\u00fcnd\u00fcz 800 bini buluyor. Di\u011fer il\u00e7elerden Akdeniz\u2019e sirk\u00fclasyon var ama Akdeniz\u2019de bir de\u011fi\u015fim yok. Bu kabul edilemez! Akdeniz de\u011fi\u015fecek, de\u011fi\u015fmeli art\u0131k. G\u00f6\u00e7 vermeyecek, g\u00f6\u00e7 alacak. Akdeniz halk\u0131 da \u015fehrin ve il\u00e7emizin ticari ve ekonomik kazanc\u0131ndan faydalanacak. T\u00fcrk, K\u00fcrt, Arap, \u00c7erkez ve Y\u00f6r\u00fck\u2019\u00fc ile Akdeniz; bar\u0131\u015f\u0131n, karde\u015fli\u011fin ve huzurun h\u00e2kim oldu\u011fu bir il\u00e7e olacak. Bu de\u011fi\u015fimi sa\u011flamak i\u00e7in de halk\u0131m\u0131zdan destek istiyorum\u201d \u015feklinde konu\u015ftu. Konu\u015fmas\u0131ndan sonra Ba\u015fkan G\u00fcltak, G\u00fcne\u015f Mahallesi sakinleri ve esnaf\u0131n\u0131n ya\u015fad\u0131klar\u0131 bir tak\u0131m s\u0131k\u0131nt\u0131lar\u0131 ve taleplerini dinleyip not ettirdi, \u00e7e\u015fitli konulardaki sorular\u0131n\u0131 yan\u0131tlad\u0131. G\u00fcltak, Akdeniz Belediyesi sorumlulu\u011fu d\u0131\u015f\u0131ndaki hizmet ve taleplerle ilgili olarak da ilgili kurumlarla g\u00f6r\u00fc\u015fece\u011fini de dile getirdi.<\/p>\n","protected":false},"excerpt":{"rendered":"<p>Akdeniz il\u00e7esine ilk kez kazand\u0131r\u0131lacak olan \u201cs\u0131cak ve so\u011fuk asfalt plentinin\u201d kurulum \u00e7al\u0131\u015fmalar\u0131n\u0131n h\u0131zla ve aral\u0131ks\u0131z \u015fekilde s\u00fcrd\u00fc\u011f\u00fcn\u00fc belirten Akdeniz Belediye Ba\u015fkan\u0131 Mustafa G\u00fcltak; bu \u015fantiyelerin de en ge\u00e7 iki &hellip; <a href=\"https:\/\/akdenizolaygazetesi.com\/?p=13133\" class=\"more-link\">Devam\u0131n\u0131 Oku&#8230;<\/a><\/p>\n","protected":false},"author":2,"featured_media":13134,"comment_status":"open","ping_status":"open","sticky":false,"template":"","format":"standard","meta":[],"categories":[3,5],"tags":[],"_links":{"self":[{"href":"https:\/\/akdenizolaygazetesi.com\/index.php?rest_route=\/wp\/v2\/posts\/13133"}],"collection":[{"href":"https:\/\/akdenizolaygazetesi.com\/index.php?rest_route=\/wp\/v2\/posts"}],"about":[{"href":"https:\/\/akdenizolaygazetesi.com\/index.php?rest_route=\/wp\/v2\/types\/post"}],"author":[{"embeddable":true,"href":"https:\/\/akdenizolaygazetesi.com\/index.php?rest_route=\/wp\/v2\/users\/2"}],"replies":[{"embeddable":true,"href":"https:\/\/akdenizolaygazetesi.com\/index.php?rest_route=%2Fwp%2Fv2%2Fcomments&post=13133"}],"version-history":[{"count":1,"href":"https:\/\/akdenizolaygazetesi.com\/index.php?rest_route=\/wp\/v2\/posts\/13133\/revisions"}],"predecessor-version":[{"id":13135,"href":"https:\/\/akdenizolaygazetesi.com\/index.php?rest_route=\/wp\/v2\/posts\/13133\/revisions\/13135"}],"wp:featuredmedia":[{"embeddable":true,"href":"https:\/\/akdenizolaygazetesi.com\/index.php?rest_route=\/wp\/v2\/media\/13134"}],"wp:attachment":[{"href":"https:\/\/akdenizolaygazetesi.com\/index.php?rest_route=%2Fwp%2Fv2%2Fmedia&parent=13133"}],"wp:term":[{"taxonomy":"category","embeddable":true,"href":"https:\/\/akdenizolaygazetesi.com\/index.php?rest_route=%2Fwp%2Fv2%2Fcategories&post=13133"},{"taxonomy":"post_tag","embeddable":true,"href":"https:\/\/akdenizolaygazetesi.com\/index.php?rest_route=%2Fwp%2Fv2%2Ftags&post=13133"}],"curies":[{"name":"wp","href":"https:\/\/api.w.org\/{rel}","templated":true}]}}