{"id":13136,"date":"2021-07-03T16:55:21","date_gmt":"2021-07-03T13:55:21","guid":{"rendered":"http:\/\/akdenizolaygazetesi.com\/?p=13136"},"modified":"2021-07-03T16:55:21","modified_gmt":"2021-07-03T13:55:21","slug":"mersin-uluslararasi-muzik-festivali-kente-mal-olmus-bir-organizasyondur","status":"publish","type":"post","link":"https:\/\/akdenizolaygazetesi.com\/?p=13136","title":{"rendered":"&#8220;Mersin Uluslararas\u0131 M\u00fczik Festivali, Kente Mal Olmu\u015f Bir Organizasyondur&#8221;"},"content":{"rendered":"<p>Toroslar Belediye Ba\u015fkan\u0131 Ats\u0131z Af\u015f\u0131n Y\u0131lmaz; &#8220;Kentimizin faydas\u0131na olan, ulusal ve uluslararas\u0131 alanda tan\u0131t\u0131lmas\u0131na katk\u0131 sa\u011flayan, k\u00fclt\u00fcr, sanat ve turizmine ivme kazand\u0131racak her t\u00fcrl\u00fc \u00e7al\u0131\u015fman\u0131n yan\u0131nday\u0131z&#8221; dedi.<\/p>\n<p>Toroslar Belediyesi, 11 Eyl\u00fcl-2 Ekim 2021 tarihleri aras\u0131nda ger\u00e7ekle\u015ftirilecek olan 19. Mersin Uluslararas\u0131 M\u00fczik Festivali&#8217;ne 150 bin TL maddi destek sa\u011flayacak.<\/p>\n<p>Toroslar Belediye Meclisi Temmuz Ay\u0131 Toplant\u0131s\u0131&#8217;n\u0131 Yunus Emre K\u00fclt\u00fcr Merkezinde ger\u00e7ekle\u015ftirdi. Toplant\u0131, sayg\u0131 duru\u015fu ve \u0130stiklal Mar\u015f\u0131&#8217;n\u0131n okunmas\u0131yla ba\u015flad\u0131.<\/p>\n<p>G\u00fcndem maddelerinin g\u00f6r\u00fc\u015f\u00fclerek karara ba\u011fland\u0131\u011f\u0131 toplant\u0131n\u0131n a\u00e7\u0131l\u0131\u015f\u0131nda bir konu\u015fma yapan Toroslar Belediye Ba\u015fkan\u0131 Ats\u0131z Af\u015f\u0131n Y\u0131lmaz, yakla\u015f\u0131k 25 g\u00fcnd\u00fcr yo\u011fun bak\u0131mda tedavi g\u00f6ren Belediye Meclis \u00dcyesi Mehmet Bulut&#8217;a acil \u015fifalar diledi.<\/p>\n<p>&#8220;Mersin Uluslararas\u0131 M\u00fczik Festivali, Kente Mal Olmu\u015f Bir Organizasyondur&#8221;<\/p>\n<p>19. Mersin Uluslararas\u0131 M\u00fczik Festivali i\u00e7in Toroslar Belediyesi b\u00fct\u00e7esinden 150 bin TL maddi destek sa\u011flanmas\u0131na ili\u015fkin teklif g\u00f6r\u00fc\u015f\u00fclerek oy birli\u011fiyle kabul edildi.<\/p>\n<p>M\u00fczik festivalinin, kenti ulusal ve uluslararas\u0131 alanda tan\u0131tan \u00f6nemli bir organizasyon oldu\u011funu belirten Ba\u015fkan Y\u0131lmaz; &#8220;Bu festival, Mersin&#8217;e mal olmu\u015f bir organizasyondur. Ge\u00e7ti\u011fimiz y\u0131l pandemi \u015fartlar\u0131 nedeniyle yap\u0131lamam\u0131\u015ft\u0131. Bu y\u0131l 19&#8217;uncusu ger\u00e7ekle\u015ftirilecek. Festivale d\u00fcnyaca \u00fcnl\u00fc sanat\u00e7\u0131 ve m\u00fczisyenler kat\u0131lacak. Toroslar Belediyesi olarak her y\u0131l oldu\u011fu gibi bu y\u0131l da destek sa\u011fl\u0131yoruz. Festival kapsam\u0131nda Toroslar\u0131m\u0131zda da bir etkinlik d\u00fczenlenecek. Mersinimize de\u011fer katan ve eme\u011fi ge\u00e7en herkese te\u015fekk\u00fcr ediyorum&#8221; diye konu\u015ftu.<\/p>\n<p>&#8220;Hedefimiz, Mersin&#8217;de Turizm Potansiyelini Daha da Canland\u0131rmak&#8221;<\/p>\n<p>K\u00fclt\u00fcr ve Turizm Bakanl\u0131\u011f\u0131nca Mersin ili dahilinde ilan edilen turizm merkezlerinin yat\u0131r\u0131ma a\u00e7\u0131lmas\u0131na \u00f6nc\u00fcl\u00fck etmek, b\u00f6lgede turizmi \u00e7e\u015fitlendirmek ve geli\u015fimi i\u00e7in \u00f6nc\u00fc olmak amac\u0131yla Mersin Ticaret ve Sanayi Odas\u0131&#8217;n\u0131n (MTSO) giri\u015fimleriyle Mersin Turizm ve Yat\u0131r\u0131m Anonim \u015eirketi unvan\u0131yla kurulacak olan \u015firkete, Toroslar Belediyesi&#8217;nin ortak olmas\u0131 konusunda Belediye Ba\u015fkan\u0131 Ats\u0131z Af\u015f\u0131n Y\u0131lmaz&#8217;a yetki verilmesine ili\u015fkin teklif de g\u00f6r\u00fc\u015f\u00fclerek, Plan ve B\u00fct\u00e7e Komisyonu&#8217;na havalesi oy birli\u011fiyle kabul edildi..<\/p>\n<p>Mersin ve \u00c7evresi Turizm Alan\u0131 Alt Yap\u0131 Hizmet Birli\u011fi\u2019nin (METAB) ba\u015fkan\u0131 da olan Ba\u015fkan Y\u0131lmaz, kentte turizmin geli\u015fmesi i\u00e7in Mersin&#8217;deki yat\u0131r\u0131mc\u0131lar\u0131n, kurum ve kurulu\u015flar\u0131nda bu s\u00fcrecin i\u00e7inde olmas\u0131n\u0131 \u00f6nemsediklerini belirterek; &#8220;Mersinimizde \u00f6nemli turizm b\u00f6lgeleri var. METAB olarak da bu b\u00f6lgelerin imar plan\u0131 s\u00fcre\u00e7lerini takip ediyoruz. Mersin Valili\u011fimizin himayesinde, MTSO&#8217;nun koordinasyonunda bu b\u00f6lgelere yat\u0131r\u0131m yap\u0131lmas\u0131 konusunda bir giri\u015fim var. Mersin&#8217;deki yat\u0131r\u0131mc\u0131lar\u0131m\u0131z\u0131n bir araya gelerek yat\u0131r\u0131m yapmalar\u0131 d\u00fc\u015f\u00fcncesiyle bir dizi \u00e7al\u0131\u015fma ve toplant\u0131 yap\u0131ld\u0131. Bu \u00e7al\u0131\u015fmalara di\u011fer belediye ba\u015fkanlar\u0131m\u0131zla birlikte biz de kat\u0131ld\u0131k. Turizmin geli\u015fmesi i\u00e7in kentimize d\u0131\u015far\u0131dan yat\u0131r\u0131mc\u0131n\u0131n gelmesini istiyor ve destekliyoruz. Mersin&#8217;deki yat\u0131r\u0131mc\u0131lar\u0131n, kurum ve kurulu\u015flar\u0131n da bu s\u00fcrecin i\u00e7inde olmas\u0131 gerekiyor&#8221; \u015feklinde konu\u015ftu.<\/p>\n<p>&#8220;Yeni \u0130mar Planlar\u0131 Toroslar&#8217;\u0131 Gelece\u011fe Ta\u015f\u0131yacak&#8221;<\/p>\n<p>Toroslar il\u00e7esi; 3. Etap, 4. Etap, Kuzey Kent Giri\u015fi 5. Etap, 8. Etap ve 9. Etap 1\/1000 \u00f6l\u00e7ekli Revizyon Uygulama \u0130mar Plan\u0131&#8217;na ili\u015fkin t\u00fcm komisyonlar\u0131n ortak raporu da g\u00f6r\u00fc\u015f\u00fclerek,  komisyonlara bir ay ek s\u00fcre verilmesine oy birli\u011fiyle kabul edildi.<\/p>\n<p>Yeni imar planlar\u0131n\u0131n Toroslar&#8217;\u0131 gelece\u011fe ta\u015f\u0131yacak g\u00fczel bir \u00e7al\u0131\u015fma oldu\u011funu kaydederek; &#8220;B\u00fcy\u00fck\u015fehir Belediyesi taraf\u0131ndan 5 binlik planlar\u0131n tamamlanmas\u0131n\u0131 bekliyoruz. 1., 6. ve 7. etaplar\u0131 g\u00f6nderdik&#8221; ifadelerini kulland\u0131.<\/p>\n<p>Toroslar Belediye Meclisi, Temmuz Ay\u0131 Meclis Toplant\u0131s\u0131&#8217;n\u0131n ikinci oturumunu yapmak \u00fczere 06 Temmuz Sal\u0131 g\u00fcn\u00fc saat 14.00&#8217;de yeniden toplanacak.<\/p>\n<p>A\u011fustos ay\u0131nda meclisin tatil olmas\u0131 nedeniyle bir sonraki meclis toplant\u0131s\u0131n\u0131n 02 Eyl\u00fcl Per\u015fembe g\u00fcn\u00fc saat 14.00 olarak ger\u00e7ekle\u015ftirilmesine karar verildi.<\/p>\n","protected":false},"excerpt":{"rendered":"<p>Toroslar Belediye Ba\u015fkan\u0131 Ats\u0131z Af\u015f\u0131n Y\u0131lmaz; &#8220;Kentimizin faydas\u0131na olan, ulusal ve uluslararas\u0131 alanda tan\u0131t\u0131lmas\u0131na katk\u0131 sa\u011flayan, k\u00fclt\u00fcr, sanat ve turizmine ivme kazand\u0131racak her t\u00fcrl\u00fc \u00e7al\u0131\u015fman\u0131n yan\u0131nday\u0131z&#8221; dedi. Toroslar Belediyesi, 11 &hellip; <a href=\"https:\/\/akdenizolaygazetesi.com\/?p=13136\" class=\"more-link\">Devam\u0131n\u0131 Oku&#8230;<\/a><\/p>\n","protected":false},"author":2,"featured_media":13137,"comment_status":"open","ping_status":"open","sticky":false,"template":"","format":"standard","meta":[],"categories":[2,3,5],"tags":[],"_links":{"self":[{"href":"https:\/\/akdenizolaygazetesi.com\/index.php?rest_route=\/wp\/v2\/posts\/13136"}],"collection":[{"href":"https:\/\/akdenizolaygazetesi.com\/index.php?rest_route=\/wp\/v2\/posts"}],"about":[{"href":"https:\/\/akdenizolaygazetesi.com\/index.php?rest_route=\/wp\/v2\/types\/post"}],"author":[{"embeddable":true,"href":"https:\/\/akdenizolaygazetesi.com\/index.php?rest_route=\/wp\/v2\/users\/2"}],"replies":[{"embeddable":true,"href":"https:\/\/akdenizolaygazetesi.com\/index.php?rest_route=%2Fwp%2Fv2%2Fcomments&post=13136"}],"version-history":[{"count":1,"href":"https:\/\/akdenizolaygazetesi.com\/index.php?rest_route=\/wp\/v2\/posts\/13136\/revisions"}],"predecessor-version":[{"id":13138,"href":"https:\/\/akdenizolaygazetesi.com\/index.php?rest_route=\/wp\/v2\/posts\/13136\/revisions\/13138"}],"wp:featuredmedia":[{"embeddable":true,"href":"https:\/\/akdenizolaygazetesi.com\/index.php?rest_route=\/wp\/v2\/media\/13137"}],"wp:attachment":[{"href":"https:\/\/akdenizolaygazetesi.com\/index.php?rest_route=%2Fwp%2Fv2%2Fmedia&parent=13136"}],"wp:term":[{"taxonomy":"category","embeddable":true,"href":"https:\/\/akdenizolaygazetesi.com\/index.php?rest_route=%2Fwp%2Fv2%2Fcategories&post=13136"},{"taxonomy":"post_tag","embeddable":true,"href":"https:\/\/akdenizolaygazetesi.com\/index.php?rest_route=%2Fwp%2Fv2%2Ftags&post=13136"}],"curies":[{"name":"wp","href":"https:\/\/api.w.org\/{rel}","templated":true}]}}