{"id":13139,"date":"2021-07-03T16:57:18","date_gmt":"2021-07-03T13:57:18","guid":{"rendered":"http:\/\/akdenizolaygazetesi.com\/?p=13139"},"modified":"2021-07-03T16:57:18","modified_gmt":"2021-07-03T13:57:18","slug":"buyuksehirin-sporcu-kizlari-meral-secer-ve-neptun-soyerle-sohbet-etti","status":"publish","type":"post","link":"https:\/\/akdenizolaygazetesi.com\/?p=13139","title":{"rendered":"B\u00dcY\u00dcK\u015eEH\u0130R\u2019\u0130N SPORCU KIZLARI MERAL SE\u00c7ER VE NEPT\u00dcN SOYER\u2019LE SOHBET ETT\u0130"},"content":{"rendered":"<p>Mersin B\u00fcy\u00fck\u015fehir Belediyesi taraf\u0131ndan a\u00e7\u0131l\u0131\u015f\u0131 ger\u00e7ekle\u015ftirilen Gazi \u00c7iftli\u011fi\u2019nin t\u00f6reni i\u00e7in Mersin\u2019de bulunan \u0130zmir K\u00f6y-Koop Ba\u015fkan\u0131 Nept\u00fcn Soyer, Mersinden Kad\u0131n Kooperatifi Ba\u015fkan\u0131 Meral Se\u00e7er\u2019in ev sahipli\u011finde \u00f6nce K\u0131r \u00c7i\u00e7ekleri Projesi kapsam\u0131nda sporcu k\u0131zlarla bulu\u015fup sohbet etti, ard\u0131ndan Mersinden G\u00fcne\u015f Enerjisi ile Kurutma Tesisi\u2019ni ziyaret etti.<\/p>\n<p>Meral Se\u00e7er ve Nept\u00fcn Soyer, sporcu k\u0131zlarla bulu\u015ftu<\/p>\n<p>Meral Se\u00e7er ve Nept\u00fcn Soyer ilk olarak Mersin B\u00fcy\u00fck\u015fehir Belediyesi\u2019nin \u2018K\u0131r \u00c7i\u00e7ekleri Projesi\u2019 kapsam\u0131nda Macit \u00d6zcan Spor Kompleksi i\u00e7erisinde konaklayan K\u0131r \u00c7i\u00e7ekleri\u2019ni ziyaret etti. B\u00fcy\u00fck\u015fehir taraf\u0131ndan t\u00fcm masraflar\u0131 kar\u015f\u0131lanarak k\u0131rsaldan kent merkezine getirilip e\u011fitim ve spor alan\u0131ndaki imkanlardan yararlanma olana\u011f\u0131 sunulan sporcu k\u0131zlar daha \u00f6nce kahvalt\u0131 etkinli\u011finde bulu\u015ftuklar\u0131 Meral Se\u00e7er\u2019in ard\u0131ndan Nept\u00fcn Soyer\u2019le de tan\u0131\u015ft\u0131. Se\u00e7er, Soyer\u2019in de bir \u00f6\u011fretmen oldu\u011funu ve projeyi duyunca K\u0131r \u00c7i\u00e7ekleri\u2019yle tan\u0131\u015fmak istedi\u011fini s\u00f6yledi.<\/p>\n<p>Meral Se\u00e7er bir soru sordu, \u00e7ocuklardan dikkat \u00e7eken yan\u0131tlar geldi<\/p>\n<p>Sporcu k\u0131zlar\u0131n kald\u0131\u011f\u0131 yurdu gezen Meral Se\u00e7er ve Nept\u00fcn Soyer, k\u0131r \u00e7i\u00e7ekleriyle uzun uzun sohbet etti. K\u0131zlara \u2018ileride \u00fclkeyi y\u00f6neten ki\u015fi olmalar\u0131 halinde neyi de\u011fi\u015ftirmek istediklerini\u2019 soran Meral Se\u00e7er, dikkat \u00e7eken yan\u0131tlar ald\u0131. \u00c7ocuk haklar\u0131, kad\u0131n haklar\u0131 ve hayvan haklar\u0131na y\u00f6nelik ad\u0131mlar atmak istediklerini s\u00f6yleyen k\u0131z \u00e7ocuklar\u0131, \u00e7evreyi korumaya y\u00f6nelik de \u00e7al\u0131\u015fma y\u00fcr\u00fctmek istediklerini vurgulad\u0131. Sporcu k\u0131zlardan birisinin \u201cIrk\u00e7\u0131l\u0131\u011fa son verilmesi i\u00e7in elimden geleni yapard\u0131m. Her insan\u0131n farkl\u0131 \u00f6zellikleri vard\u0131r ama hi\u00e7bir insan bir di\u011ferinden \u00fcst\u00fcn de\u011fildir\u201d s\u00f6zleri arkada\u015flar\u0131ndan alk\u0131\u015flarla destek ald\u0131.<\/p>\n<p>\u00c7ocuklardan \u201cburadan gitmek istemiyoruz\u201d yan\u0131t\u0131<\/p>\n<p>Meral Se\u00e7er, \u00e7ocuklar\u0131n hep Mersin\u2019de kalmak istediklerini belirtmeleri \u00fczerine bunun sebebini merak etti\u011fini s\u00f6yledi. S\u00f6z alarak; Ba\u015fkan Vahap Se\u00e7er\u2019i, belletmenlerini ve arkada\u015flar\u0131n\u0131 \u00e7ok sevdiklerini vurgulayan bir\u00e7ok \u00e7ocuk, \u201cBuradan gitmek istemiyorum\u201d c\u00fcmlesini kulland\u0131. Ziyarette Meral Se\u00e7er ve Nept\u00fcn Soyer de \u00e7ocuklardan gelen sorular\u0131 yan\u0131tlayarak tecr\u00fcbelerini ve \u00e7ocukluk hayallerini K\u0131r \u00c7i\u00e7ekleri\u2019yle payla\u015ft\u0131.<\/p>\n<p>\u201cG\u00fczel g\u00fcnler bu \u00e7ocuklar\u0131m\u0131zla bizlere gelecek\u201d<\/p>\n<p>Meral Se\u00e7er, K\u0131r \u00c7i\u00e7ekleri Projesi\u2019ni \u00f6nemsediklerini vurgulayarak, \u201cK\u0131r \u00c7i\u00e7ekleri Projesi\u2019nde k\u0131rsaldaki spora yetenekli \u00e7ocuklar\u0131m\u0131z\u0131n se\u00e7ilmesi ve burada spor alan\u0131nda, e\u011fitim alan\u0131nda yeti\u015ftirilmesi konusu \u00e7ok \u00f6nemli. Bu imkanlara sahip olmayan \u00e7ocuklar burada yarat\u0131lan imkanlarla gelece\u011fin sporcular\u0131, gelece\u011fin \u00f6\u011fretmenleri, gelece\u011fin doktorlar\u0131, gelece\u011fin anneleri olacaklar ve bunun geli\u015ftirilmesi \u00e7ok faydal\u0131 olacakt\u0131r. \u0130zmir\u2019den misafirimiz Nept\u00fcn Han\u0131m, \u0130zmir B\u00fcy\u00fck\u015fehir Belediye Ba\u015fkan\u0131m\u0131z\u2019\u0131n e\u015fi. Buray\u0131 g\u00f6rmek istedi. Onunla birlikte projenin ne kadar g\u00fczel oldu\u011funu \u00e7ocuklar\u0131m\u0131zla sohbet esnas\u0131nda g\u00f6rd\u00fck. \u00c7ok mutluyuz. G\u00fczel g\u00fcnler bu \u00e7ocuklar\u0131m\u0131zla bizlere gelecek\u201d dedi.<\/p>\n<p>\u201cK\u0131r \u00c7i\u00e7ekleri, T\u00fcrkiye\u2019nin her yerine yay\u0131lmal\u0131\u201d<\/p>\n<p>Nept\u00fcn Soyer ise Mersin\u2019de T\u00fcrkiye ad\u0131na \u00e7ok g\u00fczel bir \u00e7al\u0131\u015fma ger\u00e7ekle\u015fti\u011fini vurgulayarak, \u201cDaha \u00f6nce Vahap Ba\u015fkan\u2019dan ve Meral Han\u0131m\u2019dan duydu\u011fum bir projeydi ama burada ete kemi\u011fe b\u00fcr\u00fcnm\u00fc\u015f haliyle g\u00f6rd\u00fc\u011f\u00fcm zaman \u00e7ok etkilendim. \u0130smi de asl\u0131nda anlat\u0131yor ne oldu\u011funu. Bu K\u0131r \u00c7i\u00e7ekleri, T\u00fcrkiye\u2019nin her yerine yay\u0131lmal\u0131. Bu tohumu herkese vermeliyiz diye d\u00fc\u015f\u00fcn\u00fcyorum. Sporla ba\u015flayan ama bir yandan hem sanat hem edebiyat e\u011fitimi\u2026 O \u00e7ocuklara k\u0131rsalda imkan bulamad\u0131klar\u0131 e\u011fitimlerin burada bu kadar g\u00fczel bir ortamda sa\u011flanmas\u0131\u2026 Ger\u00e7ekten \u00e7ok mutlu oldum g\u00f6rd\u00fc\u011f\u00fcm zaman. Vahap Ba\u015fkan\u2019a ve \u00e7al\u0131\u015fanlar\u0131na \u00e7ok te\u015fekk\u00fcr ediyoruz\u201d diye konu\u015ftu.<\/p>\n<p>K\u0131r \u00c7i\u00e7ekleri\u2019nin ard\u0131ndan Mersinden G\u00fcne\u015f Enerjisi ile Kurutma Tesisi ziyareti<\/p>\n<p>Meral Se\u00e7er ile Nept\u00fcn Soyer, ard\u0131ndan Birle\u015fmi\u015f Milletler Uluslararas\u0131 G\u00f6\u00e7 \u00d6rg\u00fct\u00fc ile Mersin B\u00fcy\u00fck\u015fehir Belediyesi i\u015f birli\u011finde yap\u0131m\u0131 tamamlanan ve Mersinden Kad\u0131n Kooperatifi\u2019nin i\u015fletti\u011fi Mersinden G\u00fcne\u015f Enerjisi ile Kurutma Tesisi\u2019ni ziyaret ederek, inceledi. Hayata ge\u00e7irdikleri \u00e7al\u0131\u015fmalarla ilgili fikir payla\u015f\u0131m\u0131nda bulunan Se\u00e7er ve Soyer, ard\u0131ndan tesiste \u00e7al\u0131\u015fan kad\u0131nlarla hat\u0131ra foto\u011fraf\u0131 \u00e7ektirdi.<\/p>\n","protected":false},"excerpt":{"rendered":"<p>Mersin B\u00fcy\u00fck\u015fehir Belediyesi taraf\u0131ndan a\u00e7\u0131l\u0131\u015f\u0131 ger\u00e7ekle\u015ftirilen Gazi \u00c7iftli\u011fi\u2019nin t\u00f6reni i\u00e7in Mersin\u2019de bulunan \u0130zmir K\u00f6y-Koop Ba\u015fkan\u0131 Nept\u00fcn Soyer, Mersinden Kad\u0131n Kooperatifi Ba\u015fkan\u0131 Meral Se\u00e7er\u2019in ev sahipli\u011finde \u00f6nce K\u0131r \u00c7i\u00e7ekleri Projesi kapsam\u0131nda &hellip; <a href=\"https:\/\/akdenizolaygazetesi.com\/?p=13139\" class=\"more-link\">Devam\u0131n\u0131 Oku&#8230;<\/a><\/p>\n","protected":false},"author":2,"featured_media":13140,"comment_status":"open","ping_status":"open","sticky":false,"template":"","format":"standard","meta":[],"categories":[34,2,3,5,10],"tags":[],"_links":{"self":[{"href":"https:\/\/akdenizolaygazetesi.com\/index.php?rest_route=\/wp\/v2\/posts\/13139"}],"collection":[{"href":"https:\/\/akdenizolaygazetesi.com\/index.php?rest_route=\/wp\/v2\/posts"}],"about":[{"href":"https:\/\/akdenizolaygazetesi.com\/index.php?rest_route=\/wp\/v2\/types\/post"}],"author":[{"embeddable":true,"href":"https:\/\/akdenizolaygazetesi.com\/index.php?rest_route=\/wp\/v2\/users\/2"}],"replies":[{"embeddable":true,"href":"https:\/\/akdenizolaygazetesi.com\/index.php?rest_route=%2Fwp%2Fv2%2Fcomments&post=13139"}],"version-history":[{"count":1,"href":"https:\/\/akdenizolaygazetesi.com\/index.php?rest_route=\/wp\/v2\/posts\/13139\/revisions"}],"predecessor-version":[{"id":13141,"href":"https:\/\/akdenizolaygazetesi.com\/index.php?rest_route=\/wp\/v2\/posts\/13139\/revisions\/13141"}],"wp:featuredmedia":[{"embeddable":true,"href":"https:\/\/akdenizolaygazetesi.com\/index.php?rest_route=\/wp\/v2\/media\/13140"}],"wp:attachment":[{"href":"https:\/\/akdenizolaygazetesi.com\/index.php?rest_route=%2Fwp%2Fv2%2Fmedia&parent=13139"}],"wp:term":[{"taxonomy":"category","embeddable":true,"href":"https:\/\/akdenizolaygazetesi.com\/index.php?rest_route=%2Fwp%2Fv2%2Fcategories&post=13139"},{"taxonomy":"post_tag","embeddable":true,"href":"https:\/\/akdenizolaygazetesi.com\/index.php?rest_route=%2Fwp%2Fv2%2Ftags&post=13139"}],"curies":[{"name":"wp","href":"https:\/\/api.w.org\/{rel}","templated":true}]}}