{"id":13142,"date":"2021-07-03T16:59:12","date_gmt":"2021-07-03T13:59:12","guid":{"rendered":"http:\/\/akdenizolaygazetesi.com\/?p=13142"},"modified":"2021-07-03T16:59:12","modified_gmt":"2021-07-03T13:59:12","slug":"proje-ile-1000-kisiye-ulasildi","status":"publish","type":"post","link":"https:\/\/akdenizolaygazetesi.com\/?p=13142","title":{"rendered":"PROJE \u0130LE 1000 K\u0130\u015e\u0130YE ULA\u015eILDI"},"content":{"rendered":"<p>Mersin B\u00fcy\u00fck\u015fehir Belediyesi Engelliler ve Sa\u011fl\u0131k Hizmetleri Dairesi taraf\u0131ndan d\u00fczenlenen \u201cDikkat Eksikli\u011fi ve Hiperaktivite Bozuklu\u011fu Bilin\u00e7li Aile Projesi\u201d e\u011fitim program\u0131 tamamland\u0131. 10 \u015eubat\u2019ta ba\u015flayan proje, iki farkl\u0131 grupla toplamda 1000 ki\u015fiye ula\u015ft\u0131. 18 oturumda haftada bir olmak \u00fczere 5 uzmanla zoom \u00fczerinden yap\u0131lan online e\u011fitimlerle Mersin s\u0131n\u0131rlar\u0131n\u0131 a\u015fan proje, \u00fclke \u00e7ap\u0131nda ilgi g\u00f6rd\u00fc ve yurt d\u0131\u015f\u0131ndan da vatanda\u015flar kat\u0131l\u0131m sa\u011flad\u0131.<\/p>\n<p>\u0130lk grup sonras\u0131 yo\u011fun talep \u00fczerine 9 oturumluk 2. e\u011fitim program\u0131 tamamland\u0131<\/p>\n<p>E\u011fitim, dikkat eksikli\u011fi ve hiperaktivite bozuklu\u011fu olan \u00e7ocuklar\u0131n tedavisinde anne, baba ve sosyal \u00e7evrenin e\u011fitiminin \u00f6nemine dikkat \u00e7ekmek amac\u0131yla ger\u00e7ekle\u015ftirildi. Hedef kitle olarak ailelerin se\u00e7ildi\u011fi proje, akademisyenler, doktorlar, \u00f6\u011fretmenler, psikologlar ve alanda \u00e7al\u0131\u015fan farkl\u0131 meslek uzmanlar\u0131 taraf\u0131ndan da yo\u011fun ilgi g\u00f6rd\u00fc. Yo\u011fun talebin ard\u0131ndan ikinci grubun a\u00e7\u0131ld\u0131\u011f\u0131 projeye aileler, \u00f6\u011fretmenler ve bir\u00e7ok farkl\u0131 meslek uzmanlar\u0131ndan olumlu geri d\u00f6n\u00fc\u015fler al\u0131nd\u0131. <\/p>\n<p>5 uzmandan 5 konu<\/p>\n<p>DEHB Bilin\u00e7li Aile Projesi e\u011fitim program\u0131nda, Dr. \u00d6zlem S\u00fcr\u00fcc\u00fc \u201cDikkat Eksikli\u011fi ve Hiperaktivite Bozuklu\u011fu (DEHB) ile Anne-Baba E\u011fitimi\u201d, Prof. Dr. Olgu Hall\u0131o\u011flu K\u0131l\u0131n\u00e7 \u201cDEHB ve Kardiyak Semptomlar\u0131\u201d, Op. Dr. Haldun Canova \u201cDEHB ve Gebelik D\u00f6nemi\u201d, Diyetisyen Burcu Ada Talas \u201cDEHB ve Beslenme\u201d, Uzman Klinik Psikolog Y\u00fccel \u015eavkl\u0131 ise \u201cDEHB Tan\u0131 De\u011ferlendirme ve Mersin B\u00fcy\u00fck\u015fehir Belediyesi MOXO Projesi\u201d konular\u0131nda e\u011fitim verdi.<\/p>\n<p>DEHB\u2019e dair bir\u00e7ok farkl\u0131 disiplini bir araya getiren proje, di\u011fer bir\u00e7ok benzer projeye de \u00f6rnek olu\u015fturdu. Bir\u00e7ok farkl\u0131 alandan uzman\u0131n vatanda\u015fla bulu\u015fmas\u0131 sa\u011flanarak ve mevcut program ak\u0131\u015f\u0131 d\u0131\u015f\u0131nda soru-cevap etkinlikleri de yap\u0131larak bire bir destek s\u00fcreci olu\u015fturuldu. Proje sonunda kat\u0131l\u0131m belgeleri de dijital ortamda kat\u0131l\u0131mc\u0131lara ula\u015ft\u0131r\u0131ld\u0131.<\/p>\n<p>\u201cProgram i\u00e7erisinde \u00e7ok g\u00fczel geri d\u00f6n\u00fc\u015fler ald\u0131k, toplamda 1000 ki\u015fiye ula\u015ft\u0131k\u201d<\/p>\n<p>B\u00fcy\u00fck\u015fehir Belediyesi Engelliler ve Sa\u011fl\u0131k Hizmetleri Dairesi\u2019nde g\u00f6revli Uzman Klinik Psikolog Y\u00fccel \u015eavkl\u0131, alan\u0131nda uzmanlar\u0131n olu\u015fturdu\u011fu bir ekiple kat\u0131l\u0131mc\u0131larda \u00e7ok geni\u015f kapsaml\u0131 bir etki b\u0131rakt\u0131klar\u0131n\u0131 ifade ederek, \u015funlar\u0131 s\u00f6yledi:<\/p>\n<p>\u201cDikkat Eksikli\u011fi ve Hiperaktivite Bozuklu\u011fu \u00e7a\u011f\u0131m\u0131z\u0131n en b\u00fcy\u00fck problemlerinden bir tanesi. Psikiyatri kliniklerine en \u00e7ok ba\u015fvuru sebepleri aras\u0131nda ba\u015fta yer al\u0131yor. Pandemide \u00e7ocuklar\u0131n eve kapanmas\u0131 patoloji belirtilerini art\u0131rd\u0131, yeni patolojilerin ortaya \u00e7\u0131kmas\u0131n\u0131 tetikledi. Bunun \u00fczerine de b\u00f6yle bir \u00e7al\u0131\u015fma haz\u0131rlad\u0131k \u00e7\u00fcnk\u00fc biliyoruz ki Dikkat Eksikli\u011fi ve Hiperaktivite Bozuklu\u011fu\u2019nun tedavisinde \u00fc\u00e7 fakt\u00f6r var. \u0130la\u00e7 tedavisi, psikoterapi yani e\u011fitsel tedaviler ve beraberinde anne, baba, \u00f6\u011fretmen e\u011fitimi. Bizim projemizin amac\u0131 anne, baba ve \u00f6\u011fretmen kanad\u0131n\u0131 tutmakt\u0131 ama T\u00fcrkiye\u2019de bir ilk olan projenin kapsam\u0131n\u0131 uzmanlarla birlikte o kadar geni\u015flettik ki ayn\u0131 zamanda di\u011fer iki alan\u0131 da i\u00e7erisine dahil ettik. Burada kat\u0131l\u0131mc\u0131lar\u0131m\u0131z hem ila\u00e7 fakt\u00f6r\u00fc hem de tedavi \u00fczerindeki di\u011fer b\u00fct\u00fcn alanlarda bilgi edinme \u015fans\u0131 buldu. Tabi hedef kitlemiz de ayn\u0131 zamanda geni\u015fledi \u00e7\u00fcnk\u00fc sadece anne, babalar de\u011fil doktorlar, psikologlar, uzmanlar ve di\u011fer farkl\u0131 bran\u015flarda \u00f6\u011fretmenler, \u00e7ok farkl\u0131 alanlardan kat\u0131l\u0131mc\u0131lar\u0131m\u0131z oldu. Program i\u00e7erisinde de \u00e7ok g\u00fczel geri d\u00f6n\u00fc\u015flerini ald\u0131k. Projemiz yakla\u015f\u0131k alt\u0131 ay s\u00fcrd\u00fc iki farkl\u0131 grupta. Birinci grubumuzu tamamlad\u0131ktan sonra \u00e7ok yo\u011fun talep ald\u0131k, ikinci grubumuzu ba\u015flatt\u0131k ve toplamda 1000 ki\u015fiye ula\u015ft\u0131k.\u201d<\/p>\n<p>\u201cToplum sa\u011fl\u0131\u011f\u0131n\u0131 \u00f6nemsiyoruz, projelerimiz devam edecek\u201d<\/p>\n<p>DEBH\u2019in uzun vadede do\u011fru ve yerinde m\u00fcdahale yap\u0131lmad\u0131\u011f\u0131 takdirde davran\u0131\u015f bozuklu\u011funa ve daha ileriki s\u00fcre\u00e7te de ergenlikle birlikte ki\u015filik bozukluklar\u0131na, antisosyal ki\u015filik bozukluklar\u0131na kadar d\u00f6n\u00fc\u015febilen bir rahats\u0131zl\u0131k oldu\u011funu s\u00f6zlerine ekleyen \u015eavkl\u0131, \u201cProjemiz bu anlamda da b\u00fcy\u00fck resimde aileleri bilin\u00e7lendirerek, \u00e7evreyi bilin\u00e7lendirerek ve do\u011fru m\u00fcdahale y\u00f6ntemlerini aktararak, \u00f6n\u00fcne ge\u00e7meye bir yol, bir destek sa\u011flad\u0131. Dolayl\u0131 yoldan da bu anlamda toplum ruh sa\u011fl\u0131\u011f\u0131na bir katk\u0131 sundu\u011funu da s\u00f6yleyebiliriz. Toplum sa\u011fl\u0131\u011f\u0131n\u0131 \u00f6nemsiyoruz ve bu alanda da Mersin B\u00fcy\u00fck\u015fehir Belediyesi olarak bu ve buna benzer \u00e7al\u0131\u015fmalar\u0131m\u0131z, projelerimiz devam edecek\u201d dedi.<\/p>\n","protected":false},"excerpt":{"rendered":"<p>Mersin B\u00fcy\u00fck\u015fehir Belediyesi Engelliler ve Sa\u011fl\u0131k Hizmetleri Dairesi taraf\u0131ndan d\u00fczenlenen \u201cDikkat Eksikli\u011fi ve Hiperaktivite Bozuklu\u011fu Bilin\u00e7li Aile Projesi\u201d e\u011fitim program\u0131 tamamland\u0131. 10 \u015eubat\u2019ta ba\u015flayan proje, iki farkl\u0131 grupla toplamda 1000 &hellip; <a href=\"https:\/\/akdenizolaygazetesi.com\/?p=13142\" class=\"more-link\">Devam\u0131n\u0131 Oku&#8230;<\/a><\/p>\n","protected":false},"author":2,"featured_media":13143,"comment_status":"open","ping_status":"open","sticky":false,"template":"","format":"standard","meta":[],"categories":[2,3,5],"tags":[],"_links":{"self":[{"href":"https:\/\/akdenizolaygazetesi.com\/index.php?rest_route=\/wp\/v2\/posts\/13142"}],"collection":[{"href":"https:\/\/akdenizolaygazetesi.com\/index.php?rest_route=\/wp\/v2\/posts"}],"about":[{"href":"https:\/\/akdenizolaygazetesi.com\/index.php?rest_route=\/wp\/v2\/types\/post"}],"author":[{"embeddable":true,"href":"https:\/\/akdenizolaygazetesi.com\/index.php?rest_route=\/wp\/v2\/users\/2"}],"replies":[{"embeddable":true,"href":"https:\/\/akdenizolaygazetesi.com\/index.php?rest_route=%2Fwp%2Fv2%2Fcomments&post=13142"}],"version-history":[{"count":1,"href":"https:\/\/akdenizolaygazetesi.com\/index.php?rest_route=\/wp\/v2\/posts\/13142\/revisions"}],"predecessor-version":[{"id":13144,"href":"https:\/\/akdenizolaygazetesi.com\/index.php?rest_route=\/wp\/v2\/posts\/13142\/revisions\/13144"}],"wp:featuredmedia":[{"embeddable":true,"href":"https:\/\/akdenizolaygazetesi.com\/index.php?rest_route=\/wp\/v2\/media\/13143"}],"wp:attachment":[{"href":"https:\/\/akdenizolaygazetesi.com\/index.php?rest_route=%2Fwp%2Fv2%2Fmedia&parent=13142"}],"wp:term":[{"taxonomy":"category","embeddable":true,"href":"https:\/\/akdenizolaygazetesi.com\/index.php?rest_route=%2Fwp%2Fv2%2Fcategories&post=13142"},{"taxonomy":"post_tag","embeddable":true,"href":"https:\/\/akdenizolaygazetesi.com\/index.php?rest_route=%2Fwp%2Fv2%2Ftags&post=13142"}],"curies":[{"name":"wp","href":"https:\/\/api.w.org\/{rel}","templated":true}]}}