{"id":13145,"date":"2021-07-03T17:02:22","date_gmt":"2021-07-03T14:02:22","guid":{"rendered":"http:\/\/akdenizolaygazetesi.com\/?p=13145"},"modified":"2021-07-03T17:02:22","modified_gmt":"2021-07-03T14:02:22","slug":"baskan-yilmaz-turkiye-diyanet-vakfina-kurban-bagisinda-bulundu","status":"publish","type":"post","link":"https:\/\/akdenizolaygazetesi.com\/?p=13145","title":{"rendered":"BA\u015eKAN YILMAZ, T\u00dcRK\u0130YE D\u0130YANET VAKFINA KURBAN BA\u011eI\u015eINDA BULUNDU"},"content":{"rendered":"<p>Toroslar Belediye Ba\u015fkan\u0131 Ats\u0131z Af\u015f\u0131n Y\u0131lmaz, Diyanet \u0130\u015fleri Ba\u015fkanl\u0131\u011f\u0131 ve T\u00fcrkiye Diyanet Vakf\u0131 (TDV) taraf\u0131ndan &#8220;Kurban\u0131n\u0131 Payla\u015f, Karde\u015finle Yak\u0131nla\u015f&#8221; slogan\u0131yla s\u00fcrd\u00fcr\u00fclen 2021 Y\u0131l\u0131 Vekalet Yoluyla Kurban Kesim Program\u0131na destek verdi.<\/p>\n<p>T\u00fcrkiye Diyanet Vakf\u0131na vekalet yoluyla ba\u011f\u0131\u015fta bulunan Ba\u015fkan Y\u0131lmaz; &#8220;Bayram\u0131n bereketini, dayan\u0131\u015fma ve payla\u015fma ile art\u0131r\u0131yoruz&#8221; dedi.<\/p>\n<p>Ba\u015fkan Y\u0131lmaz&#8217;\u0131n kurban vekaletini, T\u00fcrkiye Diyanet Vakf\u0131 ad\u0131na Toroslar \u0130l\u00e7e M\u00fcft\u00fcs\u00fc Bayram Danac\u0131 kabul etti. \u0130l\u00e7e M\u00fcft\u00fcs\u00fc Danac\u0131, yapt\u0131\u011f\u0131 ba\u011f\u0131\u015ftan dolay\u0131 Ba\u015fkan Y\u0131lmaz&#8217;a te\u015fekk\u00fcr ederek, ba\u015far\u0131lar\u0131n\u0131n devam\u0131n\u0131 diledi.<\/p>\n<p>Ba\u015fkan Y\u0131lmaz; &#8220;Yard\u0131ma muhta\u00e7 insanlara el uzatmak amac\u0131yla y\u00fcr\u00fct\u00fclen bu kampanyaya ba\u011f\u0131\u015f yaparak, katk\u0131da bulundum. Bu kampanya, toplumsal dayan\u0131\u015fman\u0131n da en g\u00fczel \u00f6rneklerinden biridir. Bu duygu ve d\u00fc\u015f\u00fcncelerle birlik ve beraberli\u011fimizin daim olmas\u0131n\u0131 diliyor, Diyanet \u0130\u015fleri Ba\u015fkanl\u0131\u011f\u0131m\u0131za, T\u00fcrkiye Diyanet Vakf\u0131na ve kampanyada g\u00f6rev alan t\u00fcm g\u00f6revlilere te\u015fekk\u00fcr ediyorum. Kurban ibadetimiz hay\u0131rl\u0131 olsun&#8221; diye konu\u015ftu.<\/p>\n","protected":false},"excerpt":{"rendered":"<p>Toroslar Belediye Ba\u015fkan\u0131 Ats\u0131z Af\u015f\u0131n Y\u0131lmaz, Diyanet \u0130\u015fleri Ba\u015fkanl\u0131\u011f\u0131 ve T\u00fcrkiye Diyanet Vakf\u0131 (TDV) taraf\u0131ndan &#8220;Kurban\u0131n\u0131 Payla\u015f, Karde\u015finle Yak\u0131nla\u015f&#8221; slogan\u0131yla s\u00fcrd\u00fcr\u00fclen 2021 Y\u0131l\u0131 Vekalet Yoluyla Kurban Kesim Program\u0131na destek verdi. &hellip; <a href=\"https:\/\/akdenizolaygazetesi.com\/?p=13145\" class=\"more-link\">Devam\u0131n\u0131 Oku&#8230;<\/a><\/p>\n","protected":false},"author":2,"featured_media":13147,"comment_status":"open","ping_status":"open","sticky":false,"template":"","format":"standard","meta":[],"categories":[2,3,5],"tags":[],"_links":{"self":[{"href":"https:\/\/akdenizolaygazetesi.com\/index.php?rest_route=\/wp\/v2\/posts\/13145"}],"collection":[{"href":"https:\/\/akdenizolaygazetesi.com\/index.php?rest_route=\/wp\/v2\/posts"}],"about":[{"href":"https:\/\/akdenizolaygazetesi.com\/index.php?rest_route=\/wp\/v2\/types\/post"}],"author":[{"embeddable":true,"href":"https:\/\/akdenizolaygazetesi.com\/index.php?rest_route=\/wp\/v2\/users\/2"}],"replies":[{"embeddable":true,"href":"https:\/\/akdenizolaygazetesi.com\/index.php?rest_route=%2Fwp%2Fv2%2Fcomments&post=13145"}],"version-history":[{"count":1,"href":"https:\/\/akdenizolaygazetesi.com\/index.php?rest_route=\/wp\/v2\/posts\/13145\/revisions"}],"predecessor-version":[{"id":13148,"href":"https:\/\/akdenizolaygazetesi.com\/index.php?rest_route=\/wp\/v2\/posts\/13145\/revisions\/13148"}],"wp:featuredmedia":[{"embeddable":true,"href":"https:\/\/akdenizolaygazetesi.com\/index.php?rest_route=\/wp\/v2\/media\/13147"}],"wp:attachment":[{"href":"https:\/\/akdenizolaygazetesi.com\/index.php?rest_route=%2Fwp%2Fv2%2Fmedia&parent=13145"}],"wp:term":[{"taxonomy":"category","embeddable":true,"href":"https:\/\/akdenizolaygazetesi.com\/index.php?rest_route=%2Fwp%2Fv2%2Fcategories&post=13145"},{"taxonomy":"post_tag","embeddable":true,"href":"https:\/\/akdenizolaygazetesi.com\/index.php?rest_route=%2Fwp%2Fv2%2Ftags&post=13145"}],"curies":[{"name":"wp","href":"https:\/\/api.w.org\/{rel}","templated":true}]}}