{"id":1315,"date":"2020-11-04T18:21:54","date_gmt":"2020-11-04T15:21:54","guid":{"rendered":"http:\/\/mersinekonomipolitikagazetesi.com\/?p=1315"},"modified":"2020-11-04T18:21:54","modified_gmt":"2020-11-04T15:21:54","slug":"gunes-koruyucusu-alirken-dikkat","status":"publish","type":"post","link":"https:\/\/akdenizolaygazetesi.com\/?p=1315","title":{"rendered":"G\u00dcNE\u015e KORUYUCUSU ALIRKEN D\u0130KKAT"},"content":{"rendered":"<p>Yaz aylar\u0131n\u0131n gelmesiyle birlikte, uzmanlar g\u00fcne\u015ften korunmak i\u00e7in al\u0131nan g\u00fcne\u015f koruyucular\u0131 hakk\u0131nda uyar\u0131larda bulundu.<\/p>\n<p>Yaz aylar\u0131n\u0131n gelmesiyle ba\u015flayan ve \u00f6zellikle tatil sezonunun a\u00e7\u0131lmas\u0131yla birlikte, uzmanlar g\u00fcne\u015ften korunmak isteyen vatanda\u015flar\u0131n, g\u00fcne\u015f koruyucusu al\u0131rken dikkat etmeleri gereken hususlar konusunda \u00f6nemli uyar\u0131larda bulundu. \u00d6ncelikli olarak, cilt tipine uygun g\u00fcne\u015f koruyucusunun tespit edilmesi ve bu do\u011frultuda do\u011fru \u00fcr\u00fcn\u00fcn temin edilmesi gerekti\u011fini belirten Dermakozmetik Uzman\u0131 M\u00fcge \u00d6zkan, g\u00fcne\u015f koruyucusunun belirtti\u011fi vaadleri kar\u015f\u0131lamas\u0131 gerekti\u011finin \u00f6nemini vurgulad\u0131. Bu do\u011frultuda g\u00fcne\u015f koruyucular\u0131n\u0131n doktor kontrol\u00fcnde al\u0131nmas\u0131 gerekti\u011finin de alt\u0131n\u0131 \u00e7izen \u00d6zkan; kozmetik \u00fcr\u00fcnleri satan parf\u00fcmeri ve benzeri i\u015fletmelerden uzak durulmas\u0131n\u0131 ve cilt sa\u011fl\u0131\u011f\u0131 konusunda bu t\u00fcr \u00fcr\u00fcnlerin kesinlikle eczac\u0131 dan\u0131\u015fmanl\u0131\u011f\u0131nda edinilmesinin do\u011fru olaca\u011f\u0131n\u0131 ifade etti.<\/p>\n<p>\u00c7ocuklarda ve gebelerde hassas cilt problemlerine kar\u015f\u0131n kesinlikle doktor kontrol\u00fcnde kullan\u0131lmas\u0131n\u0131n gerekti\u011fini belirten M\u00fcge \u00d6zkan konu ile ilgili a\u00e7\u0131klamas\u0131nda; &#8221;\u00d6zellikle \u00e7ocuklar ve gebelerde hassas cilt problemleri ve \u00e7e\u015fitli komplikasyonlar ya\u015fanmamas\u0131 i\u00e7in vatanda\u015flar\u0131n bu t\u00fcr \u00fcr\u00fcnleri kesinlikle doktor kontrol\u00fcnde ve eczac\u0131 dan\u0131\u015fmanl\u0131\u011f\u0131nda al\u0131p kullanmalar\u0131 gerekir. Al\u0131nan \u00fcr\u00fcnlerin markas\u0131 ve kalitesi de tabiki bu durumda \u00f6nemli, kozmetik \u00fcr\u00fcnleri satan parf\u00fcmeri gibi i\u015fletmelerden bu t\u00fcr \u00fcr\u00fcnlerin al\u0131nmas\u0131n\u0131 kesinlikle \u00f6nermiyorum. Sa\u011fl\u0131k s\u00f6z konusu oldu\u011funda uzmanlar taraf\u0131ndan kesinlikle yard\u0131m al\u0131nmas\u0131n\u0131n yararl\u0131 olaca\u011f\u0131n\u0131 belirtmeliyim.&#8221; \u015feklinde ifadelere yerdi.<\/p>\n","protected":false},"excerpt":{"rendered":"<p>Yaz aylar\u0131n\u0131n gelmesiyle birlikte, uzmanlar g\u00fcne\u015ften korunmak i\u00e7in al\u0131nan g\u00fcne\u015f koruyucular\u0131 hakk\u0131nda uyar\u0131larda bulundu. Yaz aylar\u0131n\u0131n gelmesiyle ba\u015flayan ve \u00f6zellikle tatil sezonunun a\u00e7\u0131lmas\u0131yla birlikte, uzmanlar g\u00fcne\u015ften korunmak isteyen vatanda\u015flar\u0131n, g\u00fcne\u015f &hellip; <a href=\"https:\/\/akdenizolaygazetesi.com\/?p=1315\" class=\"more-link\">Devam\u0131n\u0131 Oku&#8230;<\/a><\/p>\n","protected":false},"author":1,"featured_media":0,"comment_status":"open","ping_status":"open","sticky":false,"template":"","format":"standard","meta":[],"categories":[],"tags":[],"_links":{"self":[{"href":"https:\/\/akdenizolaygazetesi.com\/index.php?rest_route=\/wp\/v2\/posts\/1315"}],"collection":[{"href":"https:\/\/akdenizolaygazetesi.com\/index.php?rest_route=\/wp\/v2\/posts"}],"about":[{"href":"https:\/\/akdenizolaygazetesi.com\/index.php?rest_route=\/wp\/v2\/types\/post"}],"author":[{"embeddable":true,"href":"https:\/\/akdenizolaygazetesi.com\/index.php?rest_route=\/wp\/v2\/users\/1"}],"replies":[{"embeddable":true,"href":"https:\/\/akdenizolaygazetesi.com\/index.php?rest_route=%2Fwp%2Fv2%2Fcomments&post=1315"}],"version-history":[{"count":0,"href":"https:\/\/akdenizolaygazetesi.com\/index.php?rest_route=\/wp\/v2\/posts\/1315\/revisions"}],"wp:attachment":[{"href":"https:\/\/akdenizolaygazetesi.com\/index.php?rest_route=%2Fwp%2Fv2%2Fmedia&parent=1315"}],"wp:term":[{"taxonomy":"category","embeddable":true,"href":"https:\/\/akdenizolaygazetesi.com\/index.php?rest_route=%2Fwp%2Fv2%2Fcategories&post=1315"},{"taxonomy":"post_tag","embeddable":true,"href":"https:\/\/akdenizolaygazetesi.com\/index.php?rest_route=%2Fwp%2Fv2%2Ftags&post=1315"}],"curies":[{"name":"wp","href":"https:\/\/api.w.org\/{rel}","templated":true}]}}