{"id":13154,"date":"2021-07-04T11:19:45","date_gmt":"2021-07-04T08:19:45","guid":{"rendered":"http:\/\/akdenizolaygazetesi.com\/?p=13154"},"modified":"2021-07-04T11:19:58","modified_gmt":"2021-07-04T08:19:58","slug":"mersin-buyuksehirin-engelsiz-yasam-parkinda-her-sey-var","status":"publish","type":"post","link":"https:\/\/akdenizolaygazetesi.com\/?p=13154","title":{"rendered":"MERS\u0130N B\u00dcY\u00dcK\u015eEH\u0130R\u2019\u0130N \u201cENGELS\u0130Z YA\u015eAM PARKI\u201dNDA HER \u015eEY VAR"},"content":{"rendered":"<p>Mersin B\u00fcy\u00fck\u015fehir Belediyesi Engelliler ve Sa\u011fl\u0131k Hizmetleri Dairesi\u2019nin \u201cEngelsiz Ya\u015fam Park\u0131\u201d, Yeni\u015fehir il\u00e7esi \u0130stemihan Talay Caddesi\u2019nde hizmete girdi. B\u00fcy\u00fck\u015fehir Belediye Ba\u015fkan\u0131 Vahap Se\u00e7er\u2019in a\u00e7\u0131l\u0131\u015f\u0131n\u0131 yapt\u0131\u011f\u0131 parkta 165 \u00f6zel birey parkurlardan dans evine kadar bir\u00e7ok olanaktan \u00fccretsiz faydalanmaya ba\u015flad\u0131. Merkezin en \u00f6nemli hizmetlerinden birini de otizmin ba\u015flang\u0131\u00e7 tan\u0131s\u0131 olan \u2018Uyaran Eksikli\u011fi\u2019ni \u00f6nlemek amac\u0131yla hayata ge\u00e7irilen ve T\u00fcrkiye\u2019de belediyeler aras\u0131nda ilk olan \u2018Geli\u015fimsel Oyun Grubu\u2019 projesi olu\u015fturuyor. \u00d6zel gereksinimli \u00e7ocuklar, havan\u0131n iyice \u0131s\u0131nmas\u0131yla birlikte parktaki havuzda hem serinliyor hem de spor yap\u0131yor.<\/p>\n<p>\u201c4 merkez il\u00e7emizden rahatl\u0131kla ula\u015f\u0131labilecek bir yer\u201d<\/p>\n<p>Engelsiz Ya\u015fam Park\u0131\u2019n\u0131n a\u00e7\u0131l\u0131\u015f\u0131n\u0131 yapan Ba\u015fkan Se\u00e7er, \u201cBuras\u0131 4 bin 250 metrekare. Mevki olarak da 4 merkez il\u00e7emizden rahatl\u0131kla ula\u015f\u0131labilecek bir yer. \u00d6zel bireylerimiz sosyal aktivite alanlar\u0131n\u0131n geni\u015f olmas\u0131 sebebiyle de \u00e7ok rahat, \u00e7ok g\u00fcvenli bir \u015fekilde burada vakit ge\u00e7irme imk\u00e2n\u0131na sahip olacaklar\u201d diyerek, park i\u00e7in 46 \u00f6\u011frencinin m\u00fcracaatta bulundu\u011funu a\u00e7\u0131klam\u0131\u015ft\u0131.<\/p>\n<p>At\u00f6lyeler, oyun odalar\u0131 ve dans evi\u2026<\/p>\n<p>165 \u00f6zel birey Engelsiz Ya\u015fam Park\u0131\u2019ndaki olanaklardan faydalanmaya ba\u015flad\u0131. Geni\u015f bir alana yay\u0131lan park\u0131n kapal\u0131 k\u0131s\u0131mlar\u0131nda \u2018g\u00f6r\u00fc\u015fme odas\u0131\u2019, \u2018at\u00f6lye\u2019 ve \u2018oyun odas\u0131\u2019 yer ald\u0131. Hemen yan taraf\u0131ndaki yar\u0131 kapal\u0131 alana ise bir \u2018dans evi\u2019  kuruldu. \u00d6zel bireylerin fitness ve dans aktivitelerine kat\u0131labilece\u011fi dans evi ayr\u0131ca profesyonel spor ekipmanlar\u0131yla da donat\u0131ld\u0131.<\/p>\n<p>Survivor parkuru, bocce sahas\u0131 ve havuz\u2026<\/p>\n<p>Park\u0131n a\u00e7\u0131k alan\u0131nda \u00f6zel bireylerin rahat\u00e7a kullanabilece\u011fi \u00fcst\u00fc a\u00e7\u0131l\u0131p kapanabilen \u2018y\u00fczme havuzu\u2019 yaza haz\u0131r bir hale getirildi. A\u00e7\u0131k alanda ayr\u0131ca \u2018bocce sahalar\u0131\u2019, \u2018survivor parkuru\u2019, \u2018\u00e7ocuk oyun gruplar\u0131\u2019 ve \u2018masa tenisi alan\u0131\u2019 yer ald\u0131. Geni\u015f bir ye\u015fil alana sahip parkta ebeveynler i\u00e7in de dinlenme alanlar\u0131 ve kamelyalar olu\u015fturuldu.<\/p>\n<p>G\u00f6\u00e7t\u00fc: \u201cPandemi d\u00f6neminde 0-6 ya\u015f gruplar\u0131n\u0131n \u00e7o\u011funda uyaran eksikli\u011fi tan\u0131s\u0131 olu\u015ftu\u201d<\/p>\n<p>Uzman Psikolog Gizem G\u00f6\u00e7t\u00fc, T\u00fcrkiye\u2019de belediyeler aras\u0131nda ilk olan Geli\u015fimsel Oyun Grubu Proje olu\u015fturucusu olarak neden buna ihtiya\u00e7 duyduklar\u0131n\u0131 anlatt\u0131. G\u00f6\u00e7t\u00fc, \u201cPandemi d\u00f6neminde k\u00fc\u00e7\u00fck ya\u015f gruplar\u0131 0-6 ya\u015f gruplar\u0131 ger\u00e7ekten \u00e7ok darbe ald\u0131 \u00e7\u00fcnk\u00fc uyaran ihtiya\u00e7lar\u0131n\u0131n oldu\u011fu, tam sosyalle\u015fmeleri gereken, temas etmeleri gereken bir s\u00fcrede biz \u00e7ocuklar\u0131 evlere kapatt\u0131k. O y\u00fczden de \u00e7o\u011funda Uyaran Eksikli\u011fi tan\u0131s\u0131 olu\u015ftu\u201d dedi. Uyaran Eksikli\u011fi\u2019nin nedenlerini anlatan G\u00f6\u00e7t\u00fc, \u201cUyaran eksikli\u011fi tan\u0131s\u0131 asl\u0131nda otizm ba\u015flang\u0131c\u0131 dedi\u011fimiz sosyal ileti\u015fim eksikli\u011fi, dil konu\u015fma gerili\u011fi ya da kimse yokmu\u015f gibi kimseyi duymuyormu\u015f gibi davranma \u015fekli, temastan rahats\u0131z olma, dokunsal hassasiyetleri olma gibi dedi\u011fimiz \u015feyler\u201d diye konu\u015ftu.<\/p>\n<p>\u201cAs\u0131l hedefimiz onlar\u0131n ilerlemesini sa\u011flamak\u201d<\/p>\n<p>\u00c7ocuklara ve ailelere testler uygulad\u0131klar\u0131n\u0131 s\u00f6yleyen G\u00f6\u00e7t\u00fc, \u201cBakt\u0131k ki bu y\u0131l tan\u0131lar yo\u011funla\u015f\u0131yor biz de o zaman normal geli\u015fim g\u00f6steren iki \u00e7ocukla uyaran eksikli\u011fi g\u00f6steren \u00e7ocu\u011fumuzu bir araya getirerek 3 ay boyunca haftada iki \u015feklinde Geli\u015fimsel Oyun Grubu\u2019na dahil edip geli\u015fim s\u00fcre\u00e7lerini takip edelim dedik. Ba\u015flarken mutlaka psikologlar\u0131m\u0131z ve uzmanlar\u0131m\u0131z taraf\u0131ndan Ankara Geli\u015fim Envanteri ve Denver Testi yap\u0131l\u0131yor. Ailelerle g\u00f6r\u00fc\u015fmeler yap\u0131l\u0131yor, aile e\u011fitimleri seminerleri veriliyor ve 3 ay\u0131n sonunda tekrar ayn\u0131 testleri yaparak \u00e7ocuklar\u0131n geli\u015fim takibini g\u00fcncelliyoruz. Onlar\u0131n ilerlemesini sa\u011fl\u0131yoruz as\u0131l hedefimiz bu\u201d dedi. G\u00f6\u00e7t\u00fc, s\u00f6z konusu oyun grubunu ilk kez Mersin B\u00fcy\u00fck\u015fehir Belediyesi\u2019nin uygulad\u0131\u011f\u0131n\u0131 belirterek, \u201cBu d\u0131\u015far\u0131 oyun gruplar\u0131nda yap\u0131lan bir \u015fey ama T\u00fcrkiye\u2019de de belediye kapsam\u0131nda b\u00f6yle bir Geli\u015fimsel Ara\u015ft\u0131rma Oyun Grubu ilk kez biz yap\u0131yoruz. Gayet de keyifli. Velilerimizden de geri d\u00f6n\u00fc\u015fleri de \u00e7ok g\u00fczel al\u0131yoruz\u201d diye konu\u015ftu.<\/p>\n<p>Tokg\u00f6z: \u201cOyun becerilerini geli\u015ftirmeyi ama\u00e7l\u0131yoruz\u201d<\/p>\n<p>Uzman Psikolog Merve Tokg\u00f6z de \u00e7ocuklar\u0131 kayna\u015ft\u0131rmaya y\u00f6nelik ger\u00e7ekle\u015ftirdikleri aktiviteleri anlatt\u0131. Geli\u015fimsel Oyun Gruplar\u0131 ile yapt\u0131klar\u0131 \u00e7al\u0131\u015fmalar\u0131 anlatan Tokg\u00f6z,  \u201cGeli\u015fimsel Oyun Gruplar\u0131 kurduk. Saat 10.00, 11.00 ve 14.00\u2019te olmak \u00fczere 3 seans\u0131m\u0131z var. Bazen 4 grubumuz da olabiliyor. En fazla \u00e7ocuk geli\u015fimi \u00f6\u011frencisi kapasitemiz 27. \u0130lk 3 aydaki geli\u015fim seviyelerine g\u00f6re \u00e7ocuklara oyun grubu kuruyoruz ve oyun becerilerini geli\u015ftirmeyi ama\u00e7l\u0131yoruz. Bu oyun becerilerinde ince motor, kaba motor, dil geli\u015fimi ve sosyal uyum becerileri mevcut\u201d diye konu\u015ftu.<\/p>\n<p>\u201cAmac\u0131m\u0131z \u00f6\u011frencilerimizin beden ve zihin geli\u015fimine katk\u0131 sa\u011flamak\u201d<\/p>\n<p>Beden E\u011fitimi \u00d6\u011fretmeni ve Y\u00fczme Antren\u00f6r\u00fc B\u00fc\u015fra Endez, parktaki spor alan\u0131nda y\u00fcr\u00fctt\u00fckleri \u00e7al\u0131\u015fmalar\u0131 anlatt\u0131. Endez, \u201cMasa tenisimiz mevcut, bocce, y\u00fczme havuzu, survivor parkurumuz, kondisyon antrenmanlar\u0131m\u0131z, fitness ve dans at\u00f6lyemiz mevcut. Bir ya\u015f grubu s\u0131n\u0131rlamam\u0131z yok. 6 ya\u015f ve \u00fczeri bireylerimizin hepsine hizmet veriyoruz. Bir engel grubu s\u0131n\u0131rlamam\u0131z da yok. Temel amac\u0131m\u0131z \u00f6\u011frencilerimizin beden ve zihin geli\u015fimine katk\u0131 sa\u011flamak, sinir-kas-eklem koordinasyonunu geli\u015ftirmek, ya\u015fam boyu spor hakk\u0131nda hem velileri hem \u00f6\u011frencilerimizi bilin\u00e7lendirmek. Ayn\u0131 zamanda burada bir tak\u0131m ruhu i\u00e7erisinde \u00e7ocuklar\u0131 belirli kurallara tabi tutarak onlara sorumluluk bilinci y\u00fcklemek. Kay\u0131tlar\u0131m\u0131z t\u00fcm bran\u015flarda hala devam ediyor. T\u00fcm \u00e7ocuklar\u0131m\u0131z\u0131 bekliyoruz\u201d dedi.<\/p>\n<p>\u201cAmac\u0131m\u0131z \u00e7ocuklar\u0131n toplumsal geli\u015fimlerini sa\u011flamak\u201d<\/p>\n<p>El Sanatlar\u0131 \u00d6\u011fretmeni Duygu Tuncay Akburak, at\u00f6lyede yapt\u0131klar\u0131 ah\u015fap boyama \u00e7al\u0131\u015fmalar\u0131ndan bahsederek, \u201c16 ya\u015f ve \u00fczeri \u00f6\u011frencilerle \u00e7al\u0131\u015f\u0131yoruz. Hafta i\u00e7i 5 g\u00fcn geliyoruz. Buradaki amac\u0131m\u0131z \u00e7ocuklar\u0131n toplumsal geli\u015fimlerini sa\u011flamak, mesleki anlamda bilgi ve becerilerini art\u0131r\u0131p geli\u015ftirmek ve sosyal \u00e7evrelerini art\u0131rmak. Burada yap\u0131lan \u00fcr\u00fcnler sergileniyor, sergilendikten sonra sat\u0131\u015fa da sunuluyor. Gelirleri de \u00f6\u011frencilere veriliyor\u201d diye konu\u015ftu.<\/p>\n<p>Hem serinlediler hem e\u011flendiler<\/p>\n<p>Havuzda bir araya gelen \u00f6zel \u00e7ocuklardan Veli Erciyas, beden e\u011fitimi, bocce, halk danslar\u0131 gibi bir\u00e7ok derse kat\u0131ld\u0131\u011f\u0131n\u0131 ve g\u00fcnlerinin dolu dolu ge\u00e7ti\u011fini ifade ederek, \u201cHavuz etkinli\u011fi \u00e7ok g\u00fczel. Hepimiz y\u00fczme \u00f6\u011freniyoruz. Hem y\u00fcz\u00fcyoruz hem e\u011fleniyoruz bir de spor yap\u0131yoruz\u201d dedi.<\/p>\n<p>Engelsiz Ya\u015fam Park\u0131\u2019n\u0131n etkinliklerini sevgi dolu ifadelerle dile getiren Mehmet \u00d6zkartal, \u201cY\u00fczmeyi \u00e7ok seviyorum. Beden e\u011fitimini \u00e7ok seviyorum. Dans\u0131 \u00e7ok seviyorum. Seni \u00e7ok seviyorum\u201d diye konu\u015ftu.<\/p>\n<p>Haftan\u0131n 5 g\u00fcn\u00fc bir\u00e7ok derse geldi\u011fini dile getiren Velat Kaplan ise \u201cY\u00fczme kursuna geliyorum, serinliyorum, koluma \u00e7ok iyi geliyor. Hocalar\u0131ma \u00e7ok te\u015fekk\u00fcr ediyorum. Y\u00fczme \u00f6\u011fretiyorlar. Haftan\u0131n neredeyse be\u015f g\u00fcn\u00fc buraday\u0131m\u201d ifadelerine yer verdi.<\/p>\n<p>\u201cHer g\u00fcn\u00fcm\u00fcz burada mutlu ge\u00e7iyor\u201d<\/p>\n<p>\u00d6zel \u00e7ocuklar\u0131n ailelerini Engelsiz Ya\u015fam Park\u0131\u2019na davet eden Figen Bulman, \u201c\u00c7ocuklar\u0131m\u0131z burada \u00e7ok mutlu, bir aile gibi olduk. Her g\u00fcn\u00fcm\u00fcz burada mutlu ge\u00e7iyor. T\u00fcm \u00f6zel \u00e7ocuklar\u0131m\u0131z\u0131n ailelerini buraya bekliyoruz. Burada \u00e7ocuklar\u0131n \u00e7ok mutlu olaca\u011f\u0131na inan\u0131yoruz\u201d diye konu\u015ftu.<\/p>\n<p>\u201cSerdar Can spor yap\u0131yor ben de bu g\u00fczel ortamdan yararlan\u0131yorum\u201d<\/p>\n<p>25 ya\u015f\u0131ndaki otizmli Serdar Can\u2019\u0131n annesi H\u00fclya \u00d6nder, \u2018Engelsiz Ya\u015fam Park\u0131\u2019n\u0131n a\u00e7\u0131lmas\u0131ndan memnun kald\u0131klar\u0131n\u0131 belirtti. Serdar Can\u2019\u0131n en \u00e7ok survivor parkurunu be\u011fendi\u011fini vurgulayan \u00d6nder, \u015funlar\u0131 s\u00f6yledi:<\/p>\n<p>\u201cSerdar Can burada spor yap\u0131yor, parkta \u00e7al\u0131\u015fmalara kat\u0131l\u0131yor. O \u00e7al\u0131\u015f\u0131rken ben de burada, bu g\u00fczel do\u011fal ortamdan yararlan\u0131yorum, dinleniyorum. Nefes al\u0131yoruz a\u00e7\u0131k\u00e7as\u0131. Her \u015feyden \u00f6nce do\u011fayla i\u00e7 i\u00e7e olmas\u0131, \u00e7ocuklar\u0131n \u00e7imlere, topra\u011fa dokunarak \u00e7al\u0131\u015f\u0131yor olmas\u0131 bizim i\u00e7in en g\u00fczel taraf\u0131. A\u00e7\u0131k havada oksijeni daha bol almalar\u0131. \u00c7\u00fcnk\u00fc bu karantina s\u00fcreci \u00f6zellikle \u00e7ocuklar\u0131m\u0131z\u0131 \u00e7ok bo\u011fdu. \u0130yi dayand\u0131klar\u0131n\u0131 d\u00fc\u015f\u00fcn\u00fcyorum. Buraya gelmek ger\u00e7ekten bize nefes ald\u0131rd\u0131. Hep kapal\u0131 alanlardayd\u0131k, a\u00e7\u0131k alanlarda hareket imkan\u0131 bulmak ekstra g\u00fczel oldu. Bug\u00fcn B\u00fcy\u00fck\u015fehir\u2019i \u00f6rnek alarak il\u00e7e y\u00f6netimlerinin de \u00e7al\u0131\u015fmalar ba\u015flatmas\u0131 \u00e7ok g\u00fczel. Buna \u00e7ok ihtiya\u00e7 vard\u0131.\u201d<\/p>\n<p>\u201cBurada \u00e7al\u0131\u015fan arkada\u015flar birer iyilik mele\u011fi\u201d<\/p>\n<p>Down Sendromlu 17 ya\u015f\u0131ndaki Emin Can\u2019\u0131n babas\u0131 Emin Ba\u015f ise bir filmde duydu\u011fu \u2018yarat\u0131c\u0131n\u0131n insan\u0131n \u00f6n\u00fcne iyilik yapmas\u0131 i\u00e7in baz\u0131 f\u0131rsatlar \u00e7\u0131kartt\u0131\u011f\u0131\u2019 \u015feklindeki c\u00fcmleyi hat\u0131rlatarak, \u201cSan\u0131r\u0131m Vahap Ba\u015fkan gibi insanlar bu f\u0131rsatlar\u0131 s\u00fcrekli hale getirebilen de\u011ferli insanlar. Yani bu iyilik f\u0131rsatlar\u0131n\u0131 bir sefere mahsus de\u011fil, s\u00fcreklili\u011fini sa\u011flamak \u00fczere bu t\u00fcr \u00e7al\u0131\u015fmalar yaparlar. G\u00f6rd\u00fc\u011f\u00fcm kadar\u0131yla burada \u00e7al\u0131\u015fan arkada\u015flar da birer iyilik mele\u011fi. O kadar g\u00fczel yakla\u015f\u0131yorlar, o kadar ilgileniyorlar \u00e7ocuklarla\u201d dedi.<\/p>\n<p>\u201cAnneler de burada de\u015farj olabiliyor\u201d<\/p>\n<p>10 ya\u015f\u0131ndaki o\u011flu Baran\u2019\u0131 parka getiren Selma Ayg\u00fcn, \u201cBuran\u0131n bu \u015fekilde organize edilmesi bizim i\u00e7in \u00e7ok iyi oldu. Ba\u015fta Ba\u015fkan\u0131m\u0131z Vahap Se\u00e7er\u2019e \u00e7ok te\u015fekk\u00fcr ediyoruz b\u00f6yle imkanlar\u0131 \u00e7ocuklar\u0131m\u0131za sa\u011flad\u0131\u011f\u0131 i\u00e7in. Bocce oynuyoruz, halk oyunlar\u0131, daha sonra resim yap\u0131l\u0131yor. Bir\u00e7ok faaliyetlerimiz var. Ger\u00e7ekten \u00e7ocuklar\u0131n bedensel, zihinsel geli\u015fimi a\u00e7\u0131s\u0131ndan \u00e7ok \u00f6nemli, \u00e7ok iyi. Anneler de burada de\u015farj olabiliyor. \u00c7ocuklar iyi vakit ge\u00e7irirken onlar da spor yap\u0131yorlar. Onlar i\u00e7in de \u00e7ok g\u00fczel aktiviteler var\u201d diye konu\u015ftu.<\/p>\n<p>\u201cBen en \u00e7ok masa tenisi seviyorum\u201d<\/p>\n<p>\u00d6zel gereksinimli bireylerden 24 ya\u015f\u0131ndaki Sedat K\u0131zmaz da \u2018Engelsiz Ya\u015fam Park\u0131\u2019n\u0131 be\u011fendi\u011fini ifade ederken, duygular\u0131n\u0131, \u201cBen en \u00e7ok masa tenisi seviyorum. Y\u00fczme seviyorum, her \u015fey \u00e7ok g\u00fczel. Hepsini yapar\u0131m. Buraya yak\u0131n oturuyorum, \u00f6yle geliyorum. Buras\u0131 \u00e7ok g\u00fczel, her \u015fey \u00e7ok g\u00fczel. Vahap Amca seni \u00e7ok seviyorum, sizi seviyorum\u201d c\u00fcmleleriyle dile getirdi.<\/p>\n","protected":false},"excerpt":{"rendered":"<p>Mersin B\u00fcy\u00fck\u015fehir Belediyesi Engelliler ve Sa\u011fl\u0131k Hizmetleri Dairesi\u2019nin \u201cEngelsiz Ya\u015fam Park\u0131\u201d, Yeni\u015fehir il\u00e7esi \u0130stemihan Talay Caddesi\u2019nde hizmete girdi. B\u00fcy\u00fck\u015fehir Belediye Ba\u015fkan\u0131 Vahap Se\u00e7er\u2019in a\u00e7\u0131l\u0131\u015f\u0131n\u0131 yapt\u0131\u011f\u0131 parkta 165 \u00f6zel birey parkurlardan &hellip; <a href=\"https:\/\/akdenizolaygazetesi.com\/?p=13154\" class=\"more-link\">Devam\u0131n\u0131 Oku&#8230;<\/a><\/p>\n","protected":false},"author":2,"featured_media":13155,"comment_status":"open","ping_status":"open","sticky":false,"template":"","format":"standard","meta":[],"categories":[2,3,5],"tags":[],"_links":{"self":[{"href":"https:\/\/akdenizolaygazetesi.com\/index.php?rest_route=\/wp\/v2\/posts\/13154"}],"collection":[{"href":"https:\/\/akdenizolaygazetesi.com\/index.php?rest_route=\/wp\/v2\/posts"}],"about":[{"href":"https:\/\/akdenizolaygazetesi.com\/index.php?rest_route=\/wp\/v2\/types\/post"}],"author":[{"embeddable":true,"href":"https:\/\/akdenizolaygazetesi.com\/index.php?rest_route=\/wp\/v2\/users\/2"}],"replies":[{"embeddable":true,"href":"https:\/\/akdenizolaygazetesi.com\/index.php?rest_route=%2Fwp%2Fv2%2Fcomments&post=13154"}],"version-history":[{"count":1,"href":"https:\/\/akdenizolaygazetesi.com\/index.php?rest_route=\/wp\/v2\/posts\/13154\/revisions"}],"predecessor-version":[{"id":13156,"href":"https:\/\/akdenizolaygazetesi.com\/index.php?rest_route=\/wp\/v2\/posts\/13154\/revisions\/13156"}],"wp:featuredmedia":[{"embeddable":true,"href":"https:\/\/akdenizolaygazetesi.com\/index.php?rest_route=\/wp\/v2\/media\/13155"}],"wp:attachment":[{"href":"https:\/\/akdenizolaygazetesi.com\/index.php?rest_route=%2Fwp%2Fv2%2Fmedia&parent=13154"}],"wp:term":[{"taxonomy":"category","embeddable":true,"href":"https:\/\/akdenizolaygazetesi.com\/index.php?rest_route=%2Fwp%2Fv2%2Fcategories&post=13154"},{"taxonomy":"post_tag","embeddable":true,"href":"https:\/\/akdenizolaygazetesi.com\/index.php?rest_route=%2Fwp%2Fv2%2Ftags&post=13154"}],"curies":[{"name":"wp","href":"https:\/\/api.w.org\/{rel}","templated":true}]}}