{"id":13158,"date":"2021-07-05T13:34:36","date_gmt":"2021-07-05T10:34:36","guid":{"rendered":"http:\/\/akdenizolaygazetesi.com\/?p=13158"},"modified":"2021-07-05T13:34:36","modified_gmt":"2021-07-05T10:34:36","slug":"akdeniz-belediyesi-motosiklet-tutkunlarini-motodrag-yarislarinda-bulusturdu","status":"publish","type":"post","link":"https:\/\/akdenizolaygazetesi.com\/?p=13158","title":{"rendered":"AKDEN\u0130Z BELED\u0130YES\u0130, MOTOS\u0130KLET TUTKUNLARINI \u2018MOTODRAG\u2019 YARI\u015eLARINDA BULU\u015eTURDU"},"content":{"rendered":"<p>Akdeniz Belediyesi, T\u00fcrkiye Motosiklet Federasyonu ve Mersin Motosiklet Spor Kul\u00fcb\u00fc i\u015fbirli\u011finde organize edilen Motodrag Yar\u0131\u015flar\u0131; 50 sporcu ve binlerce motosiklet severin kat\u0131l\u0131m\u0131yla, \u00e7ok yo\u011fun bir ilgi ve heyecan alt\u0131nda ger\u00e7ekle\u015fti.<br \/>\nAdanal\u0131o\u011flu Kulak Mahallesi\u2019nde, hafta sonu ger\u00e7ekle\u015fen ve motor tiplerine g\u00f6re 7 kategoride d\u00fczenlenen yar\u0131\u015flarda sporcular, antrenman ve s\u0131ralama turlar\u0131n\u0131n ard\u0131ndan 400 metre uzunlu\u011fundaki pistte yar\u0131\u015ft\u0131. \u00c7eki\u015fmeli ge\u00e7en ve adeta g\u00f6rsel bir \u015f\u00f6len havas\u0131nda ger\u00e7ekle\u015fen yar\u0131\u015flar\u0131n Pro-Street kategorisinde Tuncer Ye\u015fil 1\u2019inci; Caner K\u0131t 2\u2019nci; Kamil K\u0131rba\u015f da 3\u2019\u00fcnc\u00fc oldu.<br \/>\nMersin Valili\u011fi ve Gen\u00e7lik ve Spor \u0130l M\u00fcd\u00fcrl\u00fc\u011f\u00fc\u2019n\u00fcn deste\u011fi; Akdeniz Belediyesi K\u00fclt\u00fcr ve Sosyal \u0130\u015fler M\u00fcd\u00fcrl\u00fc\u011f\u00fc\u2019n\u00fcn katk\u0131lar\u0131 ile organize edilen, her ya\u015ftan binlerce insan\u0131n izledi\u011fi nefes kesen yar\u0131\u015flarda, dereceye giren sporculara kupa, madalya ve para \u00f6d\u00fcllerini, Akdeniz Belediye Ba\u015fkan\u0131 M. Mustafa G\u00fcltak takdim etti.<br \/>\nBa\u015fkan G\u00fcltak; \u201cT\u00fcrkiye ve Avrupa \u015eampiyonalar\u0131n\u0131 da d\u00fczenlemek istiyoruz\u201d<br \/>\nBinlerce vatanda\u015f\u0131n ilgiyle izledi\u011fi Motodrag yar\u0131\u015flar\u0131na ili\u015fkin a\u00e7\u0131klama yapan Akdeniz Belediye Ba\u015fkan\u0131 M. Mustafa G\u00fcltak; \u201cAkdeniz Belediyemiz, T\u00fcrkiye Motosiklet Federasyonu ve Mersin Motosiklet Spor Kul\u00fcb\u00fc i\u015fbirli\u011finde ger\u00e7ekle\u015ftirilen ve farkl\u0131 kentlerden Motodrag Yar\u0131\u015flar\u0131 i\u00e7in Mersin\u2019e gelen yar\u0131\u015fmac\u0131larla bir araya geldik. Sporcular\u0131m\u0131z, buran\u0131n, T\u00fcrkiye\u2019nin en iyi pist alanlar\u0131ndan biri oldu\u011funu; T\u00fcrkiye ve Avrupa \u015eampiyonalar\u0131n\u0131n da burada yap\u0131labilece\u011fini ifade ettiler.<br \/>\nBizler de daha kapsaml\u0131 ve daha b\u00fcy\u00fck etkinliklerin de bu pistte d\u00fczenlenebilece\u011fini, etkinliklerimizin say\u0131s\u0131n\u0131 artt\u0131raca\u011f\u0131m\u0131z\u0131 kendilerine ilettik. \u00c7\u00fcnk\u00fc ger\u00e7ekten \u00e7ok g\u00fczel ve uzun bir piste sahip buras\u0131&#8230; Federasyon ile g\u00f6r\u00fc\u015f\u00fcp daha b\u00fcy\u00fck ve profesyonel organizasyonlar\u0131n burada yap\u0131lmas\u0131n\u0131 sa\u011flayaca\u011f\u0131z.<br \/>\nNormalle\u015fme ile birlikte adeta festival havas\u0131nda b\u00f6yle bir etkinli\u011fe katk\u0131 sunmaktan dolay\u0131 \u00e7ok mutluyuz. Akdeniz Belediyesi, bir kez daha \u00f6nc\u00fcl\u00fc\u011f\u00fcn\u00fc ve farkl\u0131l\u0131\u011f\u0131n\u0131 ortaya koydu. Bu ve benzeri etkinliklerin en iyisini yaparak Akdeniz\u2019in ad\u0131n\u0131 t\u00fcm T\u00fcrkiye\u2019ye duyuraca\u011f\u0131z. Her zaman s\u00f6yledi\u011fimiz \u00fczere, sporun her dal\u0131na ve sporcular\u0131m\u0131za destek vermeye devam edece\u011fiz\u201d \u015feklinde konu\u015ftu.<br \/>\nMotosiklet Kul\u00fcb\u00fc Ba\u015fkan\u0131 G\u00fcder; \u201cCaddeden Piste slogan\u0131yla yola \u00e7\u0131kt\u0131k\u201d<br \/>\nT\u00fcrkiye\u2019nin farkl\u0131 illerinden gelerek yar\u0131\u015flara kat\u0131lan sporcular; g\u00f6rd\u00fckleri pistin T\u00fcrkiye\u2019nin en g\u00fczel pistlerden biri oldu\u011funu belirterek, T\u00fcrkiye \u015eampiyonas\u0131\u2019n\u0131n da burada d\u00fczenlenmesini talep ettiler. Federasyon Mersin \u0130l Temsilcisi ve Mersin Motosiklet Spor Kul\u00fcb\u00fc Ba\u015fkan\u0131 Yusuf G\u00fcder de kentte bu b\u00fcy\u00fckl\u00fckte bir organizasyonun ilk kez yap\u0131ld\u0131\u011f\u0131na dikkat \u00e7ekti. Hem sporcu hem de seyirci kat\u0131l\u0131m\u0131n\u0131n \u00e7ok olmas\u0131ndan dolay\u0131 mutluluk duyduklar\u0131n\u0131 dile getiren G\u00fcder; desteklerinden dolay\u0131 Akdeniz Belediyesi\u2019ne ve Ba\u015fkan Mustafa G\u00fcltak\u2019a te\u015fekk\u00fcr ederek; \u201cMersin&#8217;i ve Akdeniz&#8217;i tan\u0131tmak ad\u0131na \u00e7ok g\u00fczel bir etkinlik oldu\u011funu d\u00fc\u015f\u00fcn\u00fcyorum. Bizler de bug\u00fcn burada gerekli t\u00fcm g\u00fcvenlik \u00f6nlemlerini ald\u0131k. \u2018Caddeden Piste\u2019 slogan\u0131yla yola \u00e7\u0131kt\u0131k. Maalesef, caddelerde binlerce insan\u0131m\u0131z adrenalin duygusu ad\u0131na hayatlar\u0131n\u0131 kaybediyor. En b\u00fcy\u00fck amac\u0131m\u0131z, gen\u00e7lerimizi b\u00f6yle organizasyonlarla y\u00f6nlendirmenin zeminini haz\u0131rlamak\u201d dedi.<br \/>\nMotoDrag yar\u0131\u015flar\u0131nda dereceye giren sporcular ve kategorileri<br \/>\n1000 CC Pro yar\u0131\u015flar\u0131; 1\u2019inci Tuncer YE\u015e\u0130L; 2\u2019nci Caner KIT, 3\u2019\u00fcnc\u00fc Kamil KIRBA\u015e.<br \/>\n1000 CC Standart; 1\u2019inci Erol Balk\u0131\u015f, 2\u2019inci Mehmet U\u011fur TOMAK, 3\u2019\u00fcnc\u00fc Serkan \u015e\u0130R\u0130KO\u011eLU.<br \/>\n750 CC Pro; 1\u2019inci Furkan \u00d6ZDEM\u0130R, 2\u2019inci Onur Sefa ABACI, 3\u2019\u00fcnc\u00fc Serkan \u015e\u0130R\u0130KO\u011eLU;<br \/>\n600 CC Pro; 1\u2019inci Fatih AKIN, 2\u2019inci Orhan KARABA\u015e, 3\u2019\u00fcnc\u00fc Mustafa K\u00f6pr\u00fcba\u015f\u0131.<br \/>\n600 CC Standart; 1\u2019inci Timur \u0130LHAN, 2\u2019inci Berkay \u00c7ETK\u0130N, 3\u2019\u00fcnc\u00fc Batuhan ATARDA\u011e.<br \/>\n300 CC Pro; 1\u2019inci Memi\u015f F\u0131rat \u0130NAN, 2\u2019inci Mete EKREN, 3\u2019\u00fcnc\u00fc Umut \u00dcRK\u00dcT\u00dcR.<br \/>\n300 CC Standart; 1\u2019inci Berkay \u015eENEL, 2\u2019inci Emre EREN, 3\u2019\u00fcnc\u00fc Murat GENCER<\/p>\n","protected":false},"excerpt":{"rendered":"<p>Akdeniz Belediyesi, T\u00fcrkiye Motosiklet Federasyonu ve Mersin Motosiklet Spor Kul\u00fcb\u00fc i\u015fbirli\u011finde organize edilen Motodrag Yar\u0131\u015flar\u0131; 50 sporcu ve binlerce motosiklet severin kat\u0131l\u0131m\u0131yla, \u00e7ok yo\u011fun bir ilgi ve heyecan alt\u0131nda ger\u00e7ekle\u015fti. &hellip; <a href=\"https:\/\/akdenizolaygazetesi.com\/?p=13158\" class=\"more-link\">Devam\u0131n\u0131 Oku&#8230;<\/a><\/p>\n","protected":false},"author":2,"featured_media":13159,"comment_status":"open","ping_status":"open","sticky":false,"template":"","format":"standard","meta":[],"categories":[3,10],"tags":[],"_links":{"self":[{"href":"https:\/\/akdenizolaygazetesi.com\/index.php?rest_route=\/wp\/v2\/posts\/13158"}],"collection":[{"href":"https:\/\/akdenizolaygazetesi.com\/index.php?rest_route=\/wp\/v2\/posts"}],"about":[{"href":"https:\/\/akdenizolaygazetesi.com\/index.php?rest_route=\/wp\/v2\/types\/post"}],"author":[{"embeddable":true,"href":"https:\/\/akdenizolaygazetesi.com\/index.php?rest_route=\/wp\/v2\/users\/2"}],"replies":[{"embeddable":true,"href":"https:\/\/akdenizolaygazetesi.com\/index.php?rest_route=%2Fwp%2Fv2%2Fcomments&post=13158"}],"version-history":[{"count":1,"href":"https:\/\/akdenizolaygazetesi.com\/index.php?rest_route=\/wp\/v2\/posts\/13158\/revisions"}],"predecessor-version":[{"id":13160,"href":"https:\/\/akdenizolaygazetesi.com\/index.php?rest_route=\/wp\/v2\/posts\/13158\/revisions\/13160"}],"wp:featuredmedia":[{"embeddable":true,"href":"https:\/\/akdenizolaygazetesi.com\/index.php?rest_route=\/wp\/v2\/media\/13159"}],"wp:attachment":[{"href":"https:\/\/akdenizolaygazetesi.com\/index.php?rest_route=%2Fwp%2Fv2%2Fmedia&parent=13158"}],"wp:term":[{"taxonomy":"category","embeddable":true,"href":"https:\/\/akdenizolaygazetesi.com\/index.php?rest_route=%2Fwp%2Fv2%2Fcategories&post=13158"},{"taxonomy":"post_tag","embeddable":true,"href":"https:\/\/akdenizolaygazetesi.com\/index.php?rest_route=%2Fwp%2Fv2%2Ftags&post=13158"}],"curies":[{"name":"wp","href":"https:\/\/api.w.org\/{rel}","templated":true}]}}