{"id":13161,"date":"2021-07-05T13:36:31","date_gmt":"2021-07-05T10:36:31","guid":{"rendered":"http:\/\/akdenizolaygazetesi.com\/?p=13161"},"modified":"2021-07-05T13:36:31","modified_gmt":"2021-07-05T10:36:31","slug":"zakkum-hepimizin-hayatini-degistirdi","status":"publish","type":"post","link":"https:\/\/akdenizolaygazetesi.com\/?p=13161","title":{"rendered":"\u201cZAKKUM HEP\u0130M\u0130Z\u0130N HAYATINI DE\u011e\u0130\u015eT\u0130RD\u0130\u201d"},"content":{"rendered":"<p>Mersin B\u00fcy\u00fck\u015fehir Belediyesi, Silifke\u2019nin Atayurt Mahallesi\u2019nde ilk orta\u011f\u0131 Mustafa Kemal Atat\u00fcrk olan kooperatifin bulundu\u011fu Gazi \u00c7iftli\u011fi\u2019nin a\u00e7\u0131l\u0131\u015f\u0131n\u0131 ger\u00e7ekle\u015ftirdi. B\u00fcy\u00fck\u015fehir Belediye Ba\u015fkan\u0131 Vahap Se\u00e7er, Adana B\u00fcy\u00fck\u015fehir Belediye Ba\u015fkan\u0131 Zeydan Karalar, Hatay B\u00fcy\u00fck\u015fehir Belediye Ba\u015fkan\u0131 L\u00fctf\u00fc Sava\u015f ile \u0130zmir K\u00f6y Kooperatifi Birlik Ba\u015fkan\u0131 Nept\u00fcn Soyer\u2019in de yer ald\u0131\u011f\u0131 a\u00e7\u0131l\u0131\u015f t\u00f6reninde \u201cMersinden Kad\u0131n Kooperatifi Atayurt Gazi \u00c7iftli\u011fi Zakkum Fidan\u0131 Al\u0131m Garanti S\u00f6zle\u015fmesi\u201d imzaland\u0131. S\u00f6zle\u015fmeyi kooperatif ad\u0131na Mersinden Kad\u0131n Kooperatifi Ba\u015fkan\u0131 Meral Se\u00e7er ve yeti\u015ftiriciler ad\u0131na Hatice Okur D\u00f6n\u00fcm imzalad\u0131.<\/p>\n<p>Gazi \u00c7iftli\u011fi\u2019nde kooperatif\u00e7ilik ruhu yeniden ya\u015fat\u0131l\u0131yor<\/p>\n<p>\u0130lk kurucu orta\u011f\u0131 Mustafa Kemal Atat\u00fcrk olan Atat\u00fcrk Tekir \u00c7iftli\u011fi Tar\u0131m Kredi Kooperatifi\u2019nin bulundu\u011fu Gazi \u00c7iftli\u011fi, seneler sonra yeniden \u2018bir arada \u00fcretmenin ve kalk\u0131nman\u0131n\u2019 adresi oldu. Kuruldu\u011fu y\u0131llarda Silifke\u2019nin Atayurt Mahallesi\u2019nde ya\u015fayan vatanda\u015flar\u0131n kooperatif \u00e7al\u0131\u015fmalar\u0131 y\u00fcr\u00fctt\u00fc\u011f\u00fc Gazi \u00c7iftli\u011fi bir s\u00fcre sonra okula d\u00f6n\u00fc\u015ft\u00fc. Daha sonra at\u0131l hale gelen Gazi \u00c7iftli\u011fi kaderine terk edildi. Cumhuriyet\u2019in ikinci y\u00fczy\u0131l\u0131na yakla\u015f\u0131l\u0131rken, Mersin B\u00fcy\u00fck\u015fehir Belediyesi ve Mersinden Kad\u0131n Kooperatifi\u2019nin giri\u015fimleriyle a\u00e7\u0131l\u0131\u015f\u0131 yap\u0131lan Gazi \u00c7iftli\u011fi\u2019nde kooperatif\u00e7ilik ruhu yeniden ya\u015fat\u0131l\u0131yor.<\/p>\n<p>\u201c\u00dcretimlerinizin belediyemiz taraf\u0131ndan al\u0131naca\u011f\u0131n\u0131n garantisini veriyorum\u201d<\/p>\n<p>Teknoloji odas\u0131, Muazzez \u0130lmiye \u00c7\u0131\u011f K\u00fct\u00fcphanesi, \u00e7ocuk oyun odas\u0131, idari ofis, kooperatif odas\u0131, e\u011fitim salonu, at\u00f6lye, Atat\u00fcrk odas\u0131 ve ar\u015fiv odas\u0131 gibi odalardan olu\u015fan Gazi \u00c7iftli\u011fi\u2019nin a\u00e7\u0131l\u0131\u015f\u0131nda zakkum \u00fcretimiyle ilgili at\u0131lan imzalar dikkat \u00e7ekti. S\u00f6zle\u015fme, B\u00fcy\u00fck\u015fehir Belediye Ba\u015fkan\u0131 Vahap Se\u00e7er\u2019in \u015fahitli\u011finde Mersinden Kad\u0131n Kooperatifi Ba\u015fkan\u0131 Meral Se\u00e7er ve yeti\u015ftiricilerden Hatice Okur D\u00f6n\u00fcm taraf\u0131ndan imzaland\u0131.<\/p>\n<p>2020\u2019nin Eyl\u00fcl ay\u0131nda Arkum Mahallesi\u2019ne yapt\u0131\u011f\u0131 bir ziyarette zakkum \u00e7eli\u011fi \u00e7\u0131karan kad\u0131nlarla bulu\u015fan Ba\u015fkan Se\u00e7er, al\u0131m garantisini kapsayan s\u00f6zle\u015fme imzalan\u0131rken, \u201c\u00dcreticiler \u2018biz \u00fcretece\u011fiz\u2019 dediler. Kooperatif de \u2018biz bunlar\u0131n pazarlanmas\u0131nda size yard\u0131mc\u0131 olaca\u011f\u0131z\u2019 dedi. Ben de arada hem hakemlik yap\u0131yorum hem de bu \u00fcretimlerinizin Mersin\u2019in g\u00fczelle\u015fmesi i\u00e7in belediyemiz taraf\u0131ndan al\u0131naca\u011f\u0131n\u0131n garantisini veriyorum. Hay\u0131rl\u0131 u\u011furlu olsun\u201d dedi.<\/p>\n<p>\u201cGazi \u00c7iftli\u011fi\u2019nde \u00fcreten kad\u0131nlar\u0131m\u0131zla Zakkum Projesi\u2019ne ba\u015flad\u0131k\u201d<\/p>\n<p>Mersinden Kad\u0131n Kooperatifi Ba\u015fkan\u0131 Meral Se\u00e7er ise zakkum fidesi yeti\u015ftiricili\u011fi i\u00e7in Atayurtlu kad\u0131nlara e\u011fitim verildi\u011fini vurgulayarak, \u201cAtam\u0131zdan bizlere emanet olan Silifke Gazi \u00c7iftli\u011fi\u2019nde \u00fcreten kad\u0131nlar\u0131m\u0131zla Zakkum Projesi\u2019ne ba\u015flad\u0131k. Mersin B\u00fcy\u00fck\u015fehir Belediyesi\u2019nin Tarsus\u2019tan Anamur\u2019a kadar uzanan karayolu ref\u00fcjlerini s\u00fcsleyecek zakkumlar\u0131, kad\u0131n \u00fcreticilerimizden istenmesi karar\u0131 \u00fczerine kooperatif olarak \u00e7al\u0131\u015fmalar\u0131m\u0131za ba\u015flad\u0131k. Bu kapsamda, \u00f6ncelikle \u00fc\u00e7 pilot b\u00f6lgeden biri olan Silifke Atayurt\u2019ta, kad\u0131nlar\u0131m\u0131za zakkum fidesi yeti\u015ftiricili\u011fi \u00fczerine e\u011fitim verdik. Kendi evlerinde ve seralar\u0131nda imece usul\u00fc fide \u00fcretimlerini yapan kad\u0131nlar\u0131m\u0131zdan, Ekim-Kas\u0131m ay\u0131 gibi fideleri alarak ref\u00fcjleri s\u00fcslemeye ba\u015flayaca\u011f\u0131z. Bug\u00fcn; Kooperatif ve Atayurtlu kad\u0131nlar\u0131m\u0131z aras\u0131nda s\u00f6zle\u015fmemizi imzalayarak anlaml\u0131 g\u00fcn\u00fcm\u00fcze, \u00fcretimin g\u00fcc\u00fcn\u00fc de katman\u0131n gururunu ya\u015f\u0131yoruz\u201d ifadelerine yer verdi.<\/p>\n<p>\u201cMeral Han\u0131m\u2019a \u2018art\u0131k buray\u0131 kad\u0131nlarla ilgili bir \u015fey yap\u0131n bence\u2019 dedim\u201d<\/p>\n<p>Yeti\u015ftiriciler ad\u0131na s\u00f6zle\u015fmeyi imzalayan Hatice Okur D\u00f6n\u00fcm, bir pazar g\u00fcn\u00fc Gazi \u00c7iftli\u011fi\u2019nde Meral Se\u00e7er\u2019le kar\u015f\u0131la\u015ft\u0131klar\u0131n\u0131 belirterek, \u201cMeral Han\u0131m\u2019la bir pazar g\u00fcn\u00fc tesad\u00fcfen okulun \u00e7\u0131k\u0131\u015f\u0131nda kar\u015f\u0131la\u015ft\u0131k. Hobi olarak rutin \u00e7ift\u00e7ilik i\u015fimi yap\u0131yordum. Esnafl\u0131\u011f\u0131 b\u0131rak\u0131p k\u00f6y\u00fcme d\u00f6nm\u00fc\u015ft\u00fcm. Bir \u015fey yapma hevesim vard\u0131 ama o koca y\u00fcrekli kad\u0131nla kar\u015f\u0131la\u015faca\u011f\u0131m hi\u00e7 akl\u0131mdan ge\u00e7mezdi. O koca y\u00fcrekli kad\u0131n, Cumhuriyet kad\u0131n\u0131 Meral Se\u00e7er Han\u0131mefendi\u2019ydi. \u0130lk sohbetimiz \u2018ho\u015f geldiniz, ben bural\u0131y\u0131m, burada m\u00fcthi\u015f koca y\u00fcrekli kad\u0131nlar var, art\u0131k buray\u0131 kad\u0131nlarla ilgili bir \u015fey yap\u0131n bence\u2019 \u015feklindeydi. O da \u2018tam bu konu \u00fczerine geldim\u2019 dedi. \u00d6yle bir sihirli de\u011fnekle ba\u015flad\u0131 her \u015fey\u201d dedi.<\/p>\n<p>\u201cZakkum hepimizin hayat\u0131n\u0131 de\u011fi\u015ftirdi\u201d<\/p>\n<p>D\u00f6n\u00fcm, 18 kad\u0131n\u0131n uzun u\u011fra\u015flar sonucu bir araya gelerek zakkum fidesi \u00fcretimine kat\u0131ld\u0131klar\u0131n\u0131 kaydetti. Atayurtlu kad\u0131nlar\u0131n ald\u0131klar\u0131 e\u011fitimlerde kendisinin organizasyon a\u015famas\u0131nda g\u00f6rev ald\u0131\u011f\u0131n\u0131 s\u00f6zlerine ekleyen D\u00f6n\u00fcm, \u201cZakkum hepimizin hayat\u0131n\u0131 de\u011fi\u015ftirdi. Birlikteli\u011fi, beraber bir i\u015f yapmay\u0131, kooperatif\u00e7ili\u011fin ne oldu\u011funu \u00f6\u011frendik. Bilmiyorduk. Ad\u0131 vard\u0131 kooperatif\u00e7ili\u011fin. \u0130lk kooperatif burada kuruldu ve Atat\u00fcrk\u2019\u00fcn \u00e7ok b\u00fcy\u00fck eme\u011fi vard\u0131 burada. O koca y\u00fcrekli kad\u0131nlar var ya hepsi bir araya geldiler ve inan\u0131lmaz \u015fevkle zakkum \u00fcretmeye ba\u015flad\u0131k. Bizim buran\u0131n kad\u0131nlar\u0131 zakkum gibidir ger\u00e7ekten. Dayan\u0131kl\u0131, g\u00fc\u00e7l\u00fc, k\u00fc\u00e7\u00fck \u015feylerden bile mutlu olur. Onlar gibi g\u00fcnlerce a\u00e7ar, aylarca a\u00e7ar. Her \u015feye sahip \u00e7\u0131kar. Ta ki o kumlar\u0131n altlar\u0131ndaki nemi bulana kadar da dirayetli kad\u0131nlard\u0131r\u201d diye konu\u015ftu. <\/p>\n<p>\u201cBize B\u00fcy\u00fck\u015fehir Belediyesi bir f\u0131rsat tan\u0131d\u0131\u201d<\/p>\n<p>Zakkum fidesi \u00fcreticilerinden Medine Kurt, daha \u00f6nce \u00e7ilek ve domates \u00fcretimi yapt\u0131klar\u0131n\u0131 belirterek, \u201cBize B\u00fcy\u00fck\u015fehir Belediyesi bir f\u0131rsat tan\u0131d\u0131. Kad\u0131n dayan\u0131\u015fmas\u0131na destek oldu. Biz de kad\u0131nlar olarak birbirimize deste\u011fiz. Bir araya geldik, zakkum \u00fcrettik. \u015eimdi \u00e7ilek re\u00e7eline, \u00e7ilek suyuna ba\u015flad\u0131k. \u00dcretmeye devam edece\u011fiz\u201d ifadelerine yer verdi.<\/p>\n<p>\u201cZakkum i\u015fi kad\u0131nlara \u00e7al\u0131\u015fabilece\u011fi bir ortam olu\u015fturdu\u201d<\/p>\n<p>2 y\u0131ld\u0131r Atayurt\u2019ta ya\u015fad\u0131\u011f\u0131n\u0131 belirten \u00fcreticilerden Sevcan Y\u0131ld\u0131z ise ilk \u00fcretimine zakkumla ba\u015flad\u0131\u011f\u0131n\u0131 vurgulayarak, \u201cBu da benim i\u00e7in b\u00fcy\u00fck bir keyif oldu. Bir y\u0131ld\u0131r bu s\u00fcrecin i\u00e7indeyiz ama bizim i\u00e7in g\u00fczel ge\u00e7iyor. Bu okul \u00f6nceden \u00e7ok y\u0131k\u0131k bir okulmu\u015f. E\u015fimin ailesi anlatt\u0131 ama \u015fimdi bamba\u015fka bir yere d\u00f6n\u00fc\u015ft\u00fc. Vahap Se\u00e7er Ba\u015fkan\u0131m\u0131za \u00e7ok te\u015fekk\u00fcr ediyoruz. Zakkum i\u015fi kad\u0131nlara \u00e7al\u0131\u015fabilece\u011fi bir ortam olu\u015fturdu. Zakkum kad\u0131nlar i\u00e7in iyi bir alan oldu. \u015eimdi herkes kendi i\u015fini kurabiliyor. Yakla\u015f\u0131k 20 kad\u0131n zakkumla u\u011fra\u015f\u0131yor. Kimisi 5 bin kimisi 10 bin tane diyor. Bizim i\u00e7in b\u00fcy\u00fck bir de\u011fi\u015fiklik oldu\u201d dedi.<\/p>\n<p>\u201cBir\u00e7ok deneyim ya\u015fad\u0131k ama bu i\u015f ba\u015fka\u201d<\/p>\n<p>Reyhan Co\u015fkun adl\u0131 \u00fcretici ise al\u0131m s\u00f6zle\u015fmesinin imzalanmas\u0131ndan mutluluk duyduklar\u0131n\u0131 belirterek, \u201cBu sene zakkum \u00fcretmeye ba\u015flad\u0131k. Vahap Ba\u015fkan\u0131m\u0131za sonsuz te\u015fekk\u00fcrlerimizi iletiyoruz. Hatice Han\u0131m\u2019a, Necla Han\u0131m\u2019a, Meral Han\u0131m\u2019a b\u00fct\u00fcn kad\u0131nlar ad\u0131na sonsuz te\u015fekk\u00fcrlerimizi iletiyoruz. Bizim i\u00e7in g\u00fczel bir s\u00fcre\u00e7ti. Asl\u0131nda bir\u00e7ok deneyim ya\u015fad\u0131k. Daha \u00f6nce de \u00e7ilek toplamada, serada domates ve bah\u00e7ede limon gibi bir\u00e7ok i\u015fte \u00e7al\u0131\u015f\u0131yorduk ama bu i\u015f bir ba\u015fka. Her \u015feyiyle \u00e7ok g\u00fczel. B\u00fcy\u00fck bir hevesle, b\u00fcy\u00fck bir \u00f6zenle yap\u0131yoruz\u201d diye konu\u015ftu.<\/p>\n","protected":false},"excerpt":{"rendered":"<p>Mersin B\u00fcy\u00fck\u015fehir Belediyesi, Silifke\u2019nin Atayurt Mahallesi\u2019nde ilk orta\u011f\u0131 Mustafa Kemal Atat\u00fcrk olan kooperatifin bulundu\u011fu Gazi \u00c7iftli\u011fi\u2019nin a\u00e7\u0131l\u0131\u015f\u0131n\u0131 ger\u00e7ekle\u015ftirdi. B\u00fcy\u00fck\u015fehir Belediye Ba\u015fkan\u0131 Vahap Se\u00e7er, Adana B\u00fcy\u00fck\u015fehir Belediye Ba\u015fkan\u0131 Zeydan Karalar, Hatay &hellip; <a href=\"https:\/\/akdenizolaygazetesi.com\/?p=13161\" class=\"more-link\">Devam\u0131n\u0131 Oku&#8230;<\/a><\/p>\n","protected":false},"author":2,"featured_media":13162,"comment_status":"open","ping_status":"open","sticky":false,"template":"","format":"standard","meta":[],"categories":[2,3,5],"tags":[],"_links":{"self":[{"href":"https:\/\/akdenizolaygazetesi.com\/index.php?rest_route=\/wp\/v2\/posts\/13161"}],"collection":[{"href":"https:\/\/akdenizolaygazetesi.com\/index.php?rest_route=\/wp\/v2\/posts"}],"about":[{"href":"https:\/\/akdenizolaygazetesi.com\/index.php?rest_route=\/wp\/v2\/types\/post"}],"author":[{"embeddable":true,"href":"https:\/\/akdenizolaygazetesi.com\/index.php?rest_route=\/wp\/v2\/users\/2"}],"replies":[{"embeddable":true,"href":"https:\/\/akdenizolaygazetesi.com\/index.php?rest_route=%2Fwp%2Fv2%2Fcomments&post=13161"}],"version-history":[{"count":1,"href":"https:\/\/akdenizolaygazetesi.com\/index.php?rest_route=\/wp\/v2\/posts\/13161\/revisions"}],"predecessor-version":[{"id":13163,"href":"https:\/\/akdenizolaygazetesi.com\/index.php?rest_route=\/wp\/v2\/posts\/13161\/revisions\/13163"}],"wp:featuredmedia":[{"embeddable":true,"href":"https:\/\/akdenizolaygazetesi.com\/index.php?rest_route=\/wp\/v2\/media\/13162"}],"wp:attachment":[{"href":"https:\/\/akdenizolaygazetesi.com\/index.php?rest_route=%2Fwp%2Fv2%2Fmedia&parent=13161"}],"wp:term":[{"taxonomy":"category","embeddable":true,"href":"https:\/\/akdenizolaygazetesi.com\/index.php?rest_route=%2Fwp%2Fv2%2Fcategories&post=13161"},{"taxonomy":"post_tag","embeddable":true,"href":"https:\/\/akdenizolaygazetesi.com\/index.php?rest_route=%2Fwp%2Fv2%2Ftags&post=13161"}],"curies":[{"name":"wp","href":"https:\/\/api.w.org\/{rel}","templated":true}]}}