{"id":13164,"date":"2021-07-05T13:38:00","date_gmt":"2021-07-05T10:38:00","guid":{"rendered":"http:\/\/akdenizolaygazetesi.com\/?p=13164"},"modified":"2021-07-05T13:38:00","modified_gmt":"2021-07-05T10:38:00","slug":"mersin-buyuksehiri-antalyadaki-dans-yarismasinda-kenan-ozkan-temsil-edecek","status":"publish","type":"post","link":"https:\/\/akdenizolaygazetesi.com\/?p=13164","title":{"rendered":"MERS\u0130N B\u00dcY\u00dcK\u015eEH\u0130R\u2019\u0130 ANTALYA\u2019DAK\u0130 DANS YARI\u015eMASINDA KENAN \u00d6ZKAN TEMS\u0130L EDECEK"},"content":{"rendered":"<p>Mersin B\u00fcy\u00fck\u015fehir Belediyesi Engelliler ve Sa\u011fl\u0131k Hizmetleri Dairesi\u2019nde \u00e7al\u0131\u015fan 40 ya\u015f\u0131ndaki Kenan \u00d6zkan, \u201cHedef T\u00fcrkiye \u015fampiyonu olmak\u201d diyerek, yakla\u015f\u0131k 2 ayd\u0131r Tekerlekli Sandalye Dans 4. T\u00fcrkiye \u015eampiyonas\u0131\u2019na haz\u0131rlan\u0131yor. 9 Temmuz\u2019da Antalya\u2019da d\u00fczenlenecek \u015fampiyonada \u00d6zkan\u2019a \u00e7al\u0131\u015fma arkada\u015f\u0131 K\u00fcbra Melike Sa\u00e7\u0131kara partner olacak. Y\u00fcr\u00fcme engeline ra\u011fmen bir\u00e7ok bran\u015fta \u015fampiyonluklar\u0131 bulunan \u00d6zkan, \u015fampiyonluk i\u00e7in bu defa dans performans\u0131 sergileyecek.<\/p>\n<p>\u00d6zkan ve Sa\u00e7\u0131kara Engelsiz Ya\u015fam Merkezi\u2019nde yar\u0131\u015fmaya haz\u0131rlan\u0131yor<\/p>\n<p>B\u00fcy\u00fck\u015fehir Belediyesi Gen\u00e7lik ve Spor Hizmetleri Dairesi b\u00fcnyesindeki Gen\u00e7lik ve Spor Kul\u00fcb\u00fc\u2019nde bir\u00e7ok faaliyete kat\u0131lan \u00d6zkan\u2019\u0131n halter, k\u00fcrek \u00e7ekme ve tekerlekli sandalye ko\u015fusu gibi yar\u0131\u015fmalarda birincilikleri bulunuyor. B\u00fcy\u00fck\u015fehir\u2019in Engelsiz Ya\u015fam Merkezi\u2019nde g\u00f6revli 40 ya\u015f\u0131ndaki Kenan \u00d6zkan, bug\u00fcnlerde ise T\u00fcrkiye Bedensel Engelliler Spor Federasyonu Ba\u015fkanl\u0131\u011f\u0131 taraf\u0131ndan 9 Temmuz\u2019da Antalya\u2019da d\u00fczenlenecek olan Tekerlekli Sandalye Dans 4. T\u00fcrkiye \u015eampiyonas\u0131\u2019na haz\u0131rlan\u0131yor. \u00c7al\u0131\u015ft\u0131\u011f\u0131 merkezde \u201cIndila-Derni\u00e8re Danse\u201d \u015fark\u0131s\u0131yla prova yapan \u00d6zkan\u2019a ayn\u0131 birimde \u00e7al\u0131\u015fma arkada\u015f\u0131 K\u00fcbra Melike Sa\u00e7\u0131kara e\u015flik ediyor.<\/p>\n<p>\u201cBir hevesle \u2018Ben yapabilir miyim\u2019 dedim ve yapmaya ba\u015flad\u0131m\u201d<\/p>\n<p>Kenan \u00d6zkan, basketbol sayesinde dansla ilk ba\u011f\u0131n\u0131 kurdu\u011funu belirterek, \u201cMersin B\u00fcy\u00fck\u015fehir Belediyesi\u2019nin bize verdi\u011fi imkanlarla basketbolda g\u00fczel yar\u0131\u015fmalar oluyordu. Orada bir arkada\u015f\u0131m\u0131z da dans ediyordu. Ben de ona heveslenerek \u00f6nce \u2018Ben yapabilir miyim\u2019 dedim sonra \u2018Yapar\u0131m\u2019 deyip ba\u015flad\u0131m\u201d dedi.<\/p>\n<p>\u201cD\u00fc\u011f\u00fcnlerde ve diskolarda dans etmeyi \u00e7ok seviyorum\u201d<\/p>\n<p>Son 2 y\u0131ld\u0131r dansa ilgisinin daha da artt\u0131\u011f\u0131n\u0131 belirten \u00d6zkan, bu s\u00fcre\u00e7te Kongre ve Sergi Saray\u0131\u2019nda bir de performans sergilediklerini s\u00f6yledi. Dans etmeyi sevdi\u011fini vurgulayan \u00d6zkan, \u201cDaha \u00f6ncesinde de ilgim vard\u0131. D\u00fc\u011f\u00fcnlerde ve diskolarda dans etmeyi \u00e7ok seviyorum. Mersin B\u00fcy\u00fck\u015fehir Belediye Ba\u015fkan\u0131m\u0131z Vahap Se\u00e7er de bize bu imkan\u0131 tan\u0131d\u0131. Biz onun sayesinde buralara kadar geldik\u201d diye konu\u015ftu.<\/p>\n<p>\u201cHedef T\u00fcrkiye \u015fampiyonu olmak\u201d<\/p>\n<p>Antalya\u2019da yap\u0131lacak \u015fampiyonayla ilgili hedeflerinden ve s\u00fcre\u00e7ten de bahseden \u00d6zkan, \u201cMelike partnerim ile birlikte Allah izin verirse bu yar\u0131\u015fmaya kat\u0131laca\u011f\u0131m. Kay\u0131tlar\u0131 olu\u015fturduk, kat\u0131ld\u0131k. Olumlu \u00e7\u0131kt\u0131. Hedef T\u00fcrkiye \u015fampiyonu olmak, T\u00fcrk Bayra\u011f\u0131m\u0131z\u0131 dalgaland\u0131rmak. Vahap Ba\u015fkan\u0131ma bize bu imkan\u0131 sa\u011flad\u0131\u011f\u0131 i\u00e7in \u00e7ok te\u015fekk\u00fcr ediyorum. O bize imkan veriyor, biz de imkans\u0131z\u0131 ba\u015far\u0131yoruz\u201d ifadelerine yer verdi.<\/p>\n<p>\u201cG\u00f6n\u00fcll\u00fc olarak Kenan \u00d6zkan\u2019\u0131n partneri oldum\u201d<\/p>\n<p>B\u00fcy\u00fck\u015fehir Belediyesi Engelliler ve Sa\u011fl\u0131k Hizmetleri Dairesi b\u00fcnyesindeki Mola Evi\u2019nde g\u00f6revli \u00f6zel e\u011fitim \u00f6\u011fretmeni K\u00fcbra Melike Sa\u00e7\u0131kara ise 4 ayd\u0131r profesyonel anlamda dansla ilgilendi\u011fini belirterek, \u201c2 ayd\u0131r \u00e7al\u0131\u015f\u0131yoruz. Partnerim ve i\u015f arkada\u015f\u0131m Kenan \u00d6zkan daha \u00f6nce sporcu ve b\u00fcy\u00fck ba\u015far\u0131lar elde etmi\u015f. Kendisi yar\u0131\u015fmaya kat\u0131lmak istedi\u011fini s\u00f6yledi. Ben de ona destek olmak amac\u0131yla g\u00f6n\u00fcll\u00fc olarak partneri oldum\u201d dedi.<\/p>\n<p>\u201c\u00d6nemli olan partnerimle o duyguyu yans\u0131tabilmem\u201d<\/p>\n<p>Tekerlekli sandalyeli bireyler ve partnerlerinin yer alaca\u011f\u0131 yar\u0131\u015fmaya T\u00fcrkiye\u2019nin her yerinden kat\u0131l\u0131m sa\u011flanabildi\u011fini s\u00f6zlerine ekleyen Sa\u00e7\u0131kara, \u201cBiz de Mersin B\u00fcy\u00fck\u015fehir Belediyesi Gen\u00e7lik ve Spor Kul\u00fcb\u00fc\u2019n\u00fc temsilen bu yar\u0131\u015fmaya kat\u0131lmak istedik. Hedef birincilikle d\u00f6nmek. Ama burada as\u0131l \u00f6nemli olan partnerimle o duyguyu yans\u0131tabilmem\u201d diye konu\u015ftu.<\/p>\n","protected":false},"excerpt":{"rendered":"<p>Mersin B\u00fcy\u00fck\u015fehir Belediyesi Engelliler ve Sa\u011fl\u0131k Hizmetleri Dairesi\u2019nde \u00e7al\u0131\u015fan 40 ya\u015f\u0131ndaki Kenan \u00d6zkan, \u201cHedef T\u00fcrkiye \u015fampiyonu olmak\u201d diyerek, yakla\u015f\u0131k 2 ayd\u0131r Tekerlekli Sandalye Dans 4. T\u00fcrkiye \u015eampiyonas\u0131\u2019na haz\u0131rlan\u0131yor. 9 Temmuz\u2019da &hellip; <a href=\"https:\/\/akdenizolaygazetesi.com\/?p=13164\" class=\"more-link\">Devam\u0131n\u0131 Oku&#8230;<\/a><\/p>\n","protected":false},"author":2,"featured_media":13165,"comment_status":"open","ping_status":"open","sticky":false,"template":"","format":"standard","meta":[],"categories":[34,1,3,5],"tags":[],"_links":{"self":[{"href":"https:\/\/akdenizolaygazetesi.com\/index.php?rest_route=\/wp\/v2\/posts\/13164"}],"collection":[{"href":"https:\/\/akdenizolaygazetesi.com\/index.php?rest_route=\/wp\/v2\/posts"}],"about":[{"href":"https:\/\/akdenizolaygazetesi.com\/index.php?rest_route=\/wp\/v2\/types\/post"}],"author":[{"embeddable":true,"href":"https:\/\/akdenizolaygazetesi.com\/index.php?rest_route=\/wp\/v2\/users\/2"}],"replies":[{"embeddable":true,"href":"https:\/\/akdenizolaygazetesi.com\/index.php?rest_route=%2Fwp%2Fv2%2Fcomments&post=13164"}],"version-history":[{"count":1,"href":"https:\/\/akdenizolaygazetesi.com\/index.php?rest_route=\/wp\/v2\/posts\/13164\/revisions"}],"predecessor-version":[{"id":13166,"href":"https:\/\/akdenizolaygazetesi.com\/index.php?rest_route=\/wp\/v2\/posts\/13164\/revisions\/13166"}],"wp:featuredmedia":[{"embeddable":true,"href":"https:\/\/akdenizolaygazetesi.com\/index.php?rest_route=\/wp\/v2\/media\/13165"}],"wp:attachment":[{"href":"https:\/\/akdenizolaygazetesi.com\/index.php?rest_route=%2Fwp%2Fv2%2Fmedia&parent=13164"}],"wp:term":[{"taxonomy":"category","embeddable":true,"href":"https:\/\/akdenizolaygazetesi.com\/index.php?rest_route=%2Fwp%2Fv2%2Fcategories&post=13164"},{"taxonomy":"post_tag","embeddable":true,"href":"https:\/\/akdenizolaygazetesi.com\/index.php?rest_route=%2Fwp%2Fv2%2Ftags&post=13164"}],"curies":[{"name":"wp","href":"https:\/\/api.w.org\/{rel}","templated":true}]}}