{"id":13167,"date":"2021-07-05T13:39:55","date_gmt":"2021-07-05T10:39:55","guid":{"rendered":"http:\/\/akdenizolaygazetesi.com\/?p=13167"},"modified":"2021-07-05T13:39:55","modified_gmt":"2021-07-05T10:39:55","slug":"akdenizin-altin-kizi-gulizar-kara-italya-yolcusu","status":"publish","type":"post","link":"https:\/\/akdenizolaygazetesi.com\/?p=13167","title":{"rendered":"AKDEN\u0130Z\u2019\u0130N ALTIN KIZI G\u00dcL\u0130ZAR KARA \u0130TALYA YOLCUSU"},"content":{"rendered":"<p>Akdeniz Belediyespor&#8217;un Milli Boks\u00f6r\u00fc G\u00fclizar Kara, \u015e\u0131rnak&#8217;ta d\u00fczenlenen T\u00fcrkiye \u015eampiyonas\u0131&#8217;nda K1 70 kilogramda alt\u0131n madalyan\u0131n sahibi oldu. Alt\u0131n Yumruk Kara, \u015fimdi de \u0130talya&#8217;da d\u00fczenlenecek olan D\u00fcnya \u015eampiyonas\u0131&#8217;nda ay y\u0131ld\u0131zl\u0131 forma i\u00e7in ter d\u00f6kmeye haz\u0131rlan\u0131yor.<br \/>\nAkdeniz Belediyesi Spor Kul\u00fcb\u00fc\u2019n\u00fcn Kick Boks sporcusu G\u00fclizar Kara, b\u00fcy\u00fck bir ba\u015far\u0131ya daha imza att\u0131. A\u011fabeyinin \u00f6nerisi ile ba\u015flad\u0131\u011f\u0131 Uzak Do\u011fu d\u00f6v\u00fc\u015f sporlar\u0131nda, \u00f6nce Muay Thai, ard\u0131ndan Wushu\u2019da D\u00fcnya \u015eampiyonalar\u0131 elde eden G\u00fclizar Kara, girdi\u011fi her yar\u0131\u015fmada Milli Tak\u0131m\u2019\u0131n g\u00f6\u011fs\u00fcn\u00fc kabartmaya devam ediyor. Akdeniz Belediye Spor Kul\u00fcb\u00fc b\u00fcnyesinde m\u00fccadele eden G\u00fclizar Kara, \u015e\u0131rnak\u2019ta d\u00fczenlenen ve 60 ilden gelen bin 500 sporcunun kat\u0131l\u0131m\u0131yla ger\u00e7ekle\u015fen T\u00fcrkiye Ferdi Kick Boks \u015eampiyonas\u0131\u2019nda, \u2018K1-70 kilogramda \u015fampiyonlu\u011fu elde ederek alt\u0131n madalyay\u0131 kazand\u0131.<br \/>\nKara; \u201cYeni hedefim D\u00fcnya \u015eampiyonlu\u011fu\u201d<br \/>\nGen\u00e7 sporcu Kara, bu b\u00fcy\u00fck ba\u015far\u0131s\u0131 sayesinde, 15-24 Ekim 2021 tarihleri aras\u0131nda \u0130talya\u2019da d\u00fczenlenecek olan D\u00fcnya \u015eampiyonas\u0131\u2019na kat\u0131lmaya hak kazand\u0131. Elde etti\u011fi sonu\u00e7tan duydu\u011fu memnuniyeti dile getiren Milli Sporcu Kara; \u201cUzun s\u00fcredir verdi\u011fim emeklerin kar\u015f\u0131l\u0131\u011f\u0131n\u0131 almaya devam ediyorum. En son, \u015e\u0131rnak&#8217;ta K1 70 kilogramda yar\u0131\u015ft\u0131m ve birinci oldum. Bu sonu\u00e7 bana \u0130talya&#8217;da yap\u0131lacak olan D\u00fcnya \u015eampiyonas\u0131 biletini de kazand\u0131rm\u0131\u015f oldu. Milli formayla yar\u0131\u015fma gururunu bir kez daha ya\u015fayaca\u011f\u0131m. \u015eimdiki hedefim \u0130talya\u2019da d\u00fcnya \u015fampiyonu olup bayra\u011f\u0131m\u0131z\u0131 yeniden dalgaland\u0131rmak\u201d dedi.<br \/>\nBa\u015fkan G\u00fcltak; \u201cSporcular\u0131m\u0131za deste\u011fimizin meyvelerini topluyoruz\u201d<br \/>\nElde etti\u011fi ba\u015far\u0131lar\u0131 nedeniyle G\u00fclizar Kara\u2019y\u0131 tebrik eden Akdeniz Belediye Ba\u015fkan\u0131 M. Mustafa G\u00fcltak; \u201cSpora ve sporcular\u0131m\u0131za sa\u011flad\u0131\u011f\u0131m\u0131z katk\u0131 ve desteklerin meyvesini bir bir toplaman\u0131n mutlulu\u011funu ya\u015f\u0131yoruz. Belediye Spor Kul\u00fcb\u00fcm\u00fcz\u00fcn ba\u015far\u0131l\u0131 ve gelecek vaat eden sporcular\u0131ndan biri olan G\u00fclizar k\u0131z\u0131m\u0131z\u0131 tebrik ediyorum. \u0130talya\u2019da ger\u00e7ekle\u015fecek olan D\u00fcnya \u015eampiyonas\u0131\u2019nda \u00e7\u0131kaca\u011f\u0131 kar\u015f\u0131la\u015fmalarda da b\u00fcy\u00fck ba\u015far\u0131lar g\u00f6stermesini ve bayra\u011f\u0131m\u0131z\u0131 dalgaland\u0131rmas\u0131n\u0131, g\u00f6\u011fs\u00fcm\u00fcz\u00fc bir kez daha kabartmas\u0131n\u0131 diliyorum. Gen\u00e7lerimizi ve \u00e7ocuklar\u0131m\u0131z\u0131 sporun farkl\u0131 dallar\u0131yla bulu\u015fturup, Akdeniz\u2019i sporla an\u0131lan bir il\u00e7eye d\u00f6n\u00fc\u015ft\u00fcr\u00fcrken, gelece\u011fin sporcular\u0131n\u0131 yeti\u015ftirmeye ve \u00fclkemize kazand\u0131rmaya devam edece\u011fiz\u201d diye konu\u015ftu. <\/p>\n","protected":false},"excerpt":{"rendered":"<p>Akdeniz Belediyespor&#8217;un Milli Boks\u00f6r\u00fc G\u00fclizar Kara, \u015e\u0131rnak&#8217;ta d\u00fczenlenen T\u00fcrkiye \u015eampiyonas\u0131&#8217;nda K1 70 kilogramda alt\u0131n madalyan\u0131n sahibi oldu. Alt\u0131n Yumruk Kara, \u015fimdi de \u0130talya&#8217;da d\u00fczenlenecek olan D\u00fcnya \u015eampiyonas\u0131&#8217;nda ay y\u0131ld\u0131zl\u0131 forma &hellip; <a href=\"https:\/\/akdenizolaygazetesi.com\/?p=13167\" class=\"more-link\">Devam\u0131n\u0131 Oku&#8230;<\/a><\/p>\n","protected":false},"author":2,"featured_media":13168,"comment_status":"open","ping_status":"open","sticky":false,"template":"","format":"standard","meta":[],"categories":[3,10],"tags":[],"_links":{"self":[{"href":"https:\/\/akdenizolaygazetesi.com\/index.php?rest_route=\/wp\/v2\/posts\/13167"}],"collection":[{"href":"https:\/\/akdenizolaygazetesi.com\/index.php?rest_route=\/wp\/v2\/posts"}],"about":[{"href":"https:\/\/akdenizolaygazetesi.com\/index.php?rest_route=\/wp\/v2\/types\/post"}],"author":[{"embeddable":true,"href":"https:\/\/akdenizolaygazetesi.com\/index.php?rest_route=\/wp\/v2\/users\/2"}],"replies":[{"embeddable":true,"href":"https:\/\/akdenizolaygazetesi.com\/index.php?rest_route=%2Fwp%2Fv2%2Fcomments&post=13167"}],"version-history":[{"count":1,"href":"https:\/\/akdenizolaygazetesi.com\/index.php?rest_route=\/wp\/v2\/posts\/13167\/revisions"}],"predecessor-version":[{"id":13169,"href":"https:\/\/akdenizolaygazetesi.com\/index.php?rest_route=\/wp\/v2\/posts\/13167\/revisions\/13169"}],"wp:featuredmedia":[{"embeddable":true,"href":"https:\/\/akdenizolaygazetesi.com\/index.php?rest_route=\/wp\/v2\/media\/13168"}],"wp:attachment":[{"href":"https:\/\/akdenizolaygazetesi.com\/index.php?rest_route=%2Fwp%2Fv2%2Fmedia&parent=13167"}],"wp:term":[{"taxonomy":"category","embeddable":true,"href":"https:\/\/akdenizolaygazetesi.com\/index.php?rest_route=%2Fwp%2Fv2%2Fcategories&post=13167"},{"taxonomy":"post_tag","embeddable":true,"href":"https:\/\/akdenizolaygazetesi.com\/index.php?rest_route=%2Fwp%2Fv2%2Ftags&post=13167"}],"curies":[{"name":"wp","href":"https:\/\/api.w.org\/{rel}","templated":true}]}}