{"id":1317,"date":"2020-11-04T18:21:54","date_gmt":"2020-11-04T15:21:54","guid":{"rendered":"http:\/\/mersinekonomipolitikagazetesi.com\/?p=1317"},"modified":"2020-11-04T18:21:54","modified_gmt":"2020-11-04T15:21:54","slug":"55inci-mut-karacaoglan-kayisi-kultur-ve-sanat-festivali-basladi","status":"publish","type":"post","link":"https:\/\/akdenizolaygazetesi.com\/?p=1317","title":{"rendered":"55&#8217;inci Mut Karacao\u011flan Kay\u0131s\u0131 K\u00fclt\u00fcr ve Sanat Festivali ba\u015flad\u0131"},"content":{"rendered":"<p>Mersin&#8217;in Mut il\u00e7esinde 55&#8217;incisi d\u00fczenlenen Mut Karacao\u011flan Kay\u0131s\u0131 K\u00fclt\u00fcr ve Sanat Festivali, Mut halk oyunlar\u0131 g\u00f6sterisiyle ba\u015flad\u0131.<\/p>\n<p>Mut Karacao\u011flan Kay\u0131s\u0131 K\u00fclt\u00fcr ve Sanat festivalinde geleneksel hale gelen bereket ve kay\u0131s\u0131n\u0131n suyla bulu\u015fmas\u0131 i\u00e7in dilek havuzuna protokol kay\u0131s\u0131 d\u00f6kt\u00fc. Ayr\u0131ca 8 ki\u015finin kat\u0131ld\u0131\u011f\u0131 kay\u0131s\u0131 yeme yar\u0131\u015fmas\u0131 be\u011feni ile izlendi.<br \/>\nTarihi Karacao\u011flan \u00c7\u0131naralt\u0131 Park\u0131&#8217;nda ger\u00e7ekle\u015ftirilen festivalin a\u00e7\u0131l\u0131\u015f t\u00f6renine MHP Mersin Milletvekili Baki \u015eim\u015fek, \u0130l\u00e7e Kaymakam\u0131 Mehmet Ali Aky\u00fcz, B\u00fcy\u00fck\u015fehir Belediye Ba\u015fkan\u0131 MHP&#8217;li Burhanettin Kocamaz, Mut Belediye Ba\u015fkan\u0131 Nebi Y\u0131lmaz, il\u00e7e belediye ba\u015fkanlar\u0131, M\u00fclki amirler ve vatanda\u015flar kat\u0131ld\u0131.<br \/>\nT\u00f6rende konu\u015fan Mut Belediye Ba\u015fkan\u0131 Nebi Y\u0131lmaz, \u201c55\u2019cisini bu y\u0131l d\u00fczenledi\u011fimiz Mut Karacao\u011flan Kay\u0131s\u0131 K\u00fclt\u00fcr ve sanat festivalini yapaca\u011f\u0131z. Protokol esnas\u0131nda da kay\u0131s\u0131 yeme yar\u0131\u015f\u0131 ve dilek havuzuna kay\u0131s\u0131 d\u00f6kmeyi ger\u00e7ekle\u015ftiriyoruz. Tabi bu dilek havuzuna kay\u0131s\u0131 d\u00f6k\u00fclmesi gelenek haline gelmi\u015f \u00f6rf ve adetlerimizin i\u00e7erisinde yer alm\u0131\u015f bolluk bereketin olaca\u011f\u0131 ve suyla beraber bah\u00e7ede kay\u0131s\u0131n\u0131n daha bol olaca\u011f\u0131 inanc\u0131nday\u0131z. Kay\u0131s\u0131 yeme yar\u0131\u015fmas\u0131na renk katmak kay\u0131s\u0131m\u0131z\u0131n \u00e7e\u015fitlerini g\u00f6stermek ve kay\u0131s\u0131n\u0131n yendi\u011finde insan sa\u011fl\u0131\u011f\u0131na ne kadar faydal\u0131 oldu\u011funu g\u00f6stermektir. Tabi en h\u0131zl\u0131 yiyen 1 \u00e7eyrek alt\u0131n\u0131 alacak. Mut Kay\u0131s\u0131s\u0131n\u0131n markala\u015fmas\u0131nda Bildi\u011finiz gibi bu y\u0131l 110 bin ton kay\u0131s\u0131 rekoltesi bekliyoruz. Bu y\u0131l itibariyle yakla\u015f\u0131k 55 hektar araziye 1 milyon 200 bin kay\u0131s\u0131 diken Mut il\u00e7esindeyiz. Yakla\u015f\u0131k her y\u0131l 50 ile 100 bin fidan\u0131n dikiminin devam etti\u011fi hedefin 2 milyon a\u011fa\u00e7 oldu\u011fu Mut il\u00e7esinde T\u00fcrkiye de sofral\u0131k kay\u0131s\u0131n\u0131n ba\u015fkentiyiz ve T\u00fcrkiye\u2019nin y\u00fczde 70\u2019ini \u00fcretiyoruz&#8221; dedi.<br \/>\nB\u00fcy\u00fck\u015fehir Belediye Ba\u015fkan\u0131 Burhanettin Kocamaz ise yapt\u0131\u011f\u0131 konu\u015fmada \u015funlar\u0131 s\u00f6yledi:<br \/>\n&#8220;Mersin ilimiz 2016 verilerine g\u00f6re 2 bu\u00e7uk milyon ton meyve \u00fcretimi ile \u00fclkemizde en \u00e7ok meyve \u00fcreten il konumundad\u0131r. \u00d6zellikle besin de\u011feri y\u00fcksek olan Kay\u0131s\u0131n\u0131n 107 bin tonunu Mersin ilimiz \u00fcreterek Kay\u0131s\u0131 pazar\u0131nda ikinci s\u0131raya oturmu\u015ftur. Bu oran\u0131n 90 bin ton gibi ciddi bir k\u0131sm\u0131n\u0131 da Mut il\u00e7emiz kar\u015f\u0131lamaktad\u0131r.\u201d<br \/>\nMut Kaymakam\u0131 Mehmet Ali Aky\u00fcz de, \u201cYa\u015f kays\u0131n\u0131n ba\u015fkenti Mut\u2019umuzda \u00fclkemizin do\u011fal ortamda yeti\u015fen en erken Kay\u0131s\u0131n\u0131n \u00fcretimini ger\u00e7ekle\u015ftiriyoruz. \u00c7ar\u015f\u0131 pazar\u0131n hareketlendi\u011fi \u00fcreticinin al\u0131n terinin kar\u015f\u0131l\u0131\u011f\u0131n\u0131 ald\u0131\u011f\u0131 buldu\u011fu bir d\u00f6nemdeyiz. Yediden yetmi\u015fi bu an\u0131 bekleyen \u00fcreticimize ve t\u00fcccar\u0131m\u0131za bol ve bereketli kazan\u00e7lar diliyorum\u201d dedi.<br \/>\nKonu\u015fmalar\u0131n ard\u0131ndan 8 yar\u0131\u015fmac\u0131dan olu\u015fan kay\u0131s\u0131 yeme yar\u0131\u015fmas\u0131n\u0131 Mehmet Takavit kazand\u0131. Takavit\u2019e \u00e7eyrek alt\u0131n \u00f6d\u00fcl\u00fcn\u00fc ise Mersin B\u00fcy\u00fck\u015fehir Belediye Ba\u015fkan\u0131 Burhanettin kocamaz verdi.<br \/>\nKay\u0131s\u0131 yeme yar\u0131\u015fmas\u0131nda birinci olan Mehmet Takavit, \u201c\u0130ki g\u00fcn boyunca haz\u0131rl\u0131k yapt\u0131m kay\u0131s\u0131y\u0131 yerken \u00f6nce heyecan ba\u015fl\u0131yor heyecan bittikten sonra i\u015f g\u0131rtla\u011fa d\u00fc\u015f\u00fcyor. Yerken a\u015fa\u011f\u0131ya as\u0131lmas\u0131 laz\u0131m. \u0130ki g\u00fcn boyunca haz\u0131rland\u0131m ve ba\u015fard\u0131m\u201d dedi.<br \/>\nBolluk bereketin olaca\u011f\u0131 ve suyla beraber bah\u00e7ede kay\u0131s\u0131n\u0131n daha bol olaca\u011f\u0131 i\u00e7in protokol \u00fcyeleri dilek havuzuna kay\u0131s\u0131 d\u00f6kt\u00fc.<br \/>\n\u0130ki g\u00fcn s\u00fcrecek festival etkinlikleri kapsam\u0131nda \u0130lk g\u00fcn ak\u015fam\u0131 \u015eafak Korkmaz, \u00d6zg\u00fcr \u015eahinsoy, G\u00fcliz Ayla, Mabel Matiz konser verecek. \u0130kinci g\u00fcn ise Necdet Kaya ve Atiye konser verecek.<\/p>\n","protected":false},"excerpt":{"rendered":"<p>Mersin&#8217;in Mut il\u00e7esinde 55&#8217;incisi d\u00fczenlenen Mut Karacao\u011flan Kay\u0131s\u0131 K\u00fclt\u00fcr ve Sanat Festivali, Mut halk oyunlar\u0131 g\u00f6sterisiyle ba\u015flad\u0131. Mut Karacao\u011flan Kay\u0131s\u0131 K\u00fclt\u00fcr ve Sanat festivalinde geleneksel hale gelen bereket ve kay\u0131s\u0131n\u0131n &hellip; <a href=\"https:\/\/akdenizolaygazetesi.com\/?p=1317\" class=\"more-link\">Devam\u0131n\u0131 Oku&#8230;<\/a><\/p>\n","protected":false},"author":1,"featured_media":0,"comment_status":"open","ping_status":"open","sticky":false,"template":"","format":"standard","meta":[],"categories":[],"tags":[],"_links":{"self":[{"href":"https:\/\/akdenizolaygazetesi.com\/index.php?rest_route=\/wp\/v2\/posts\/1317"}],"collection":[{"href":"https:\/\/akdenizolaygazetesi.com\/index.php?rest_route=\/wp\/v2\/posts"}],"about":[{"href":"https:\/\/akdenizolaygazetesi.com\/index.php?rest_route=\/wp\/v2\/types\/post"}],"author":[{"embeddable":true,"href":"https:\/\/akdenizolaygazetesi.com\/index.php?rest_route=\/wp\/v2\/users\/1"}],"replies":[{"embeddable":true,"href":"https:\/\/akdenizolaygazetesi.com\/index.php?rest_route=%2Fwp%2Fv2%2Fcomments&post=1317"}],"version-history":[{"count":0,"href":"https:\/\/akdenizolaygazetesi.com\/index.php?rest_route=\/wp\/v2\/posts\/1317\/revisions"}],"wp:attachment":[{"href":"https:\/\/akdenizolaygazetesi.com\/index.php?rest_route=%2Fwp%2Fv2%2Fmedia&parent=1317"}],"wp:term":[{"taxonomy":"category","embeddable":true,"href":"https:\/\/akdenizolaygazetesi.com\/index.php?rest_route=%2Fwp%2Fv2%2Fcategories&post=1317"},{"taxonomy":"post_tag","embeddable":true,"href":"https:\/\/akdenizolaygazetesi.com\/index.php?rest_route=%2Fwp%2Fv2%2Ftags&post=1317"}],"curies":[{"name":"wp","href":"https:\/\/api.w.org\/{rel}","templated":true}]}}