{"id":13173,"date":"2021-07-06T12:11:17","date_gmt":"2021-07-06T09:11:17","guid":{"rendered":"http:\/\/akdenizolaygazetesi.com\/?p=13173"},"modified":"2021-07-06T12:11:17","modified_gmt":"2021-07-06T09:11:17","slug":"gultak-sorunlari-halinin-altina-supurmeyelim","status":"publish","type":"post","link":"https:\/\/akdenizolaygazetesi.com\/?p=13173","title":{"rendered":"G\u00fcltak;  &#8220;Sorunlar\u0131 hal\u0131n\u0131n alt\u0131na s\u00fcp\u00fcrmeyelim&#8221;"},"content":{"rendered":"<p>Akdeniz Belediye Meclisi&#8217;nde kentin ve il\u00e7enin en b\u00fcy\u00fck sorununun imar sorunu oldu\u011funa dikkat \u00e7eken Ba\u015fkan M. Mustafa G\u00fcltak \u00e7\u00f6z\u00fcm \u00fcretme noktas\u0131nda, &#8220;Ben hayal ediyorum. Bu olacak merak etmeyin. Benim o insanlara s\u00f6z\u00fcm var. Her \u015feye ra\u011fmen olacak. Kim ne kadar dirense de bunu ger\u00e7ekle\u015ftirece\u011fim. S\u00f6z\u00fcm olsun ki K\u00fcrt, Arap, Y\u00f6r\u00fck karde\u015flerime, Akdeniz g\u00f6\u00e7 veren de\u011fil g\u00f6\u00e7 alan bir il\u00e7e olacakt\u0131r&#8221; dedi.<br \/>\nAkdeniz Belediye Meclisi, Temmuz ay\u0131 birinci birle\u015fim, birinci oturumunu Mustafa G\u00fcltak Ba\u015fkanl\u0131\u011f\u0131\u2019nda ger\u00e7ekle\u015ftirdi. Yoklama, Sayg\u0131 Duru\u015fu ve \u0130stiklal Mar\u015f\u0131n\u0131n okunmas\u0131n\u0131n ard\u0131ndan toplant\u0131, bir \u00f6nceki birle\u015fim tutanak \u00f6zetinin kabul\u00fcyle s\u00fcrd\u00fc. Toplant\u0131da; Gen\u00e7lik, Spor ve Sa\u011fl\u0131k Komisyonu \u00fcyeli\u011finden istifa eden Arif Y\u00fccel\u2019in yerine, yasa gere\u011fi kalan s\u00fcreyi tamamlamak \u00fczere, AK Parti Meclis \u00dcyesi Mehmet T\u00fcrkmen se\u00e7ildi. Mecliste; belediye t\u00fczel ki\u015fili\u011fine ait Akdeniz \u0130mar, \u0130n\u015faat, K\u00fclt\u00fcr, Orman \u00dcr\u00fcnleri, Tar\u0131m, Turizm, Ticaret Anonim \u015eirketi\u2019nin 100 bin TL olan sermayesinin, 10 milyon TL\u2019ye kadar \u00e7\u0131kar\u0131lmas\u0131 konusunda Ba\u015fkan G\u00fcltak\u2019a yetki verilmesi ile ilgili teklif komisyonlara havale edildi.<br \/>\nMersin\u2019de; 11 Eyl\u00fcl\u20132 Ekim 2021 tarihleri aras\u0131nda ger\u00e7ekle\u015ftirilecek olan 19\u2019uncu Mersin Uluslararas\u0131 M\u00fczik Festivali\u2019ne Akdeniz Belediyesi\u2019nce yap\u0131lacak maddi deste\u011fin belirlenmesi ile ilgili teklif ile 7-12 Kas\u0131m 2021 tarihlerinde Yeni\u015fehir Atat\u00fcrk K\u00fclt\u00fcr ve Kongre Merkezinde ger\u00e7ekle\u015ftirilecek 14\u2019\u00fcnc\u00fc Uluslararas\u0131 Turun\u00e7gil Kongresi\u2019ne, belediye taraf\u0131ndan yap\u0131lacak maddi deste\u011fin belirlenmesi ile ilgili teklif komisyonlara havale edildi. Meclis\u2019te; Kad\u0131n ve Aile Hizmetleri M\u00fcd\u00fcrl\u00fc\u011f\u00fcne ba\u011fl\u0131 Kad\u0131n ve Aile Dan\u0131\u015fma Merkezi Y\u00f6netmeli\u011fi ile ilgili teklif de g\u00f6r\u00fc\u015f\u00fclerek komisyonlara havalesi yap\u0131ld\u0131. Meclise sunulan Pamukluk Baraj\u0131 ile ilgili verilen \u00f6nerge de yine ilgili komisyonlara sevk edildi.<br \/>\nG\u00fcltak;  &#8220;Sorunlar\u0131 hal\u0131n\u0131n alt\u0131na s\u00fcp\u00fcrmeyelim&#8221;<br \/>\nDaha sonra s\u00f6z alan Ba\u015fkan Mustafa G\u00fcltak, Mersin&#8217;in ve Akdeniz&#8217;in en \u00f6nemli sorunun imar sorunu oldu\u011funa i\u015faret ederek yerinde kentsel d\u00f6n\u00fc\u015f\u00fcm ile ilgili gelen ele\u015ftirilere  &#8220;E\u011fer siz Akdeniz&#8217;de ya\u015fayan karde\u015flerimizin huzurunu ve refah\u0131n\u0131 d\u00fc\u015f\u00fcn\u00fcyorsan\u0131z, e\u011fer d\u00fcnyay\u0131 seviyorsan\u0131z, \u00e7evreci oldu\u011funuzu iddia ediyorsan\u0131z gelin Akdeniz&#8217;in imar konusunu bu mecliste hep beraber el ele \u00e7\u00f6zelim. E\u011fer yerinde kentsel d\u00f6n\u00fc\u015f\u00fcm, insanlar\u0131n da raz\u0131 oldu\u011fu, g\u00f6n\u00fcllerinin al\u0131nd\u0131\u011f\u0131, bir projenin d\u0131\u015f\u0131nda ba\u015fka bir proje ile bunu hayata ge\u00e7irebilece\u011fimize dair bir iddiam\u0131z varsa gelin bu mecliste bunlar\u0131 tart\u0131\u015fal\u0131m. Hal\u0131n\u0131n alt\u0131na s\u00fcp\u00fcrmeyelim. 20-25 y\u0131ld\u0131r s\u00fcp\u00fcr\u00fclm\u00fc\u015f; yeter. E\u011fer siz daha ye\u015fil; \u00e7ocuklar\u0131n c\u0131v\u0131l c\u0131v\u0131l oynayaca\u011f\u0131 bir Akdeniz istiyorsan\u0131z, modern ortamlarda, ibadethaneleri, k\u00fclt\u00fcr evleri, donat\u0131 alanlar\u0131yla modern bir ya\u015fant\u0131y\u0131 siz bu insanlara lay\u0131k g\u00f6r\u00fcyorsan\u0131z gelin. Deprem ku\u015fa\u011f\u0131nda g\u00f6r\u00fcnmesek dahi  yar\u0131n bir g\u00fcn afet olsa en ufak bir sallanmada Akdeniz&#8217;in yar\u0131s\u0131 gider. Burada \u00e7ocuklar, anneler, babalar, dedeler, neneler \u00f6l\u00fcr. Bunu unutmay\u0131n&#8221; diye konu\u015ftu.<br \/>\n&#8220;Bar\u0131\u015f Mahallesi&#8217;nde y\u00fczde 81 memnuniyet var&#8221;<br \/>\nBar\u0131\u015f Mahallesi&#8217;nde tapu devirleri ba\u015flad\u0131\u011f\u0131n\u0131 da hat\u0131rlatan Ba\u015fkan G\u00fcltak, &#8220;Bar\u0131\u015f Mahallesi&#8217;nde  y\u00fczde 81 memnuniyet var. \u00c7ay Mahallesi&#8217;nde tek tek evlere konuk oluyoruz. Orada da hi\u00e7bir itiraz yok. Herkes evinin maliyetinin \u00e7\u0131kmas\u0131n\u0131 istiyor. Hi\u00e7 s\u0131k\u0131nt\u0131 yok. 1. etap bitti; 2. etaptay\u0131z. Orada da vatanda\u015flar\u0131m\u0131zla oturaca\u011f\u0131z. Gelin siz de buna ortak olun. Ger\u00e7ekten bu \u015fehrin kurtulu\u015fu yerinde kentsel d\u00f6n\u00fc\u015f\u00fcmd\u00fcr. Tekrar alt\u0131n\u0131 \u00e7iziyorum; insanlar\u0131n pa\u015fa g\u00f6nl\u00fc olana kadar. Direterek, zoraki, kanun zoruyla de\u011fil. Onlar\u0131n da ma\u011fdur olmayaca\u011f\u0131 l\u00fcks, konforlu bir il\u00e7e elde edelim. Bence \u015fehrin en b\u00fcy\u00fck sorunu budur&#8221; ifadelerini kulland\u0131.<br \/>\n&#8220;\u00c7ok \u015f\u00fck\u00fcr insanl\u0131k dram\u0131n\u0131 da \u00e7\u00f6z\u00fcyoruz&#8221;<br \/>\nBa\u015fkan G\u00fcltak, &#8220;Ke\u015fke hem insanlar\u0131n, hem hayvanlar\u0131n, hem de do\u011fan\u0131n \u00f6nemsendi\u011fi bir Akdeniz olabilsek. Ben hayal ediyorum. Bu olacak merak etmeyin. Benim s\u00f6z\u00fcm var o insanlara. Her \u015feye ra\u011fmen olacak. Kim ne kadar direnirse de bunu ger\u00e7ekle\u015ftirece\u011fim. S\u00f6z\u00fcm olsun ki K\u00fcrt karde\u015flerime, s\u00f6z\u00fcm olsun ki Arap karde\u015flerime, s\u00f6z\u00fcm olsun ki Y\u00f6r\u00fck karde\u015flerime, Akdeniz g\u00f6\u00e7 veren de\u011fil g\u00f6\u00e7 alan bir il\u00e7e olacakt\u0131r. \u0130nsanca ya\u015fan\u0131lan, bar\u0131\u015f\u0131n ve karde\u015fli\u011fin oldu\u011fu bir il\u00e7e olacak. Her \u015feye ra\u011fmen. Ben adayken t\u00fcm mitinglerimde; &#8216;Akdeniz&#8217;de insanl\u0131k dram\u0131 ya\u015fan\u0131yor. Bu insanl\u0131k dram\u0131n\u0131 \u00e7\u00f6zmeye geliyorum&#8217; dedim. Ben Akdeniz&#8217;in sadece alt yap\u0131s\u0131n\u0131, \u00fcst yap\u0131s\u0131n\u0131, kald\u0131r\u0131m\u0131n\u0131, soka\u011f\u0131n\u0131 \u00e7\u00f6zece\u011fim demedim. Bunlar zaten g\u00f6revimiz. \u0130nsanl\u0131k dram\u0131n\u0131 \u00e7\u00f6zmeye geliyorum dedim. \u00c7ok \u015f\u00fck\u00fcr \u00e7\u00f6z\u00fcyoruz&#8221; dedi.<br \/>\n&#8220;\u0130nsanlar\u0131n \u00e7\u0131karlar\u0131 noktas\u0131nda insanca ya\u015famalar\u0131n\u0131 sa\u011flayal\u0131m&#8221;<br \/>\nBa\u015fkan G\u00fcltak; t\u00fcm meclis \u00fcyelerine \u00e7a\u011fr\u0131da bulunarak s\u00f6zlerini noktalad\u0131: &#8220;Gelin elinizi vicdanlar\u0131n\u0131za koyun. Bu ak\u015fam yast\u0131\u011fa ba\u015f\u0131n\u0131z\u0131 koydu\u011funuzda bunlar\u0131 bir d\u00fc\u015f\u00fcn\u00fcn. Bu \u015fehrin konforunu d\u00fc\u015f\u00fcn\u00fcn. \u0130l\u00e7emizde ya\u015fayan insanlar\u0131n \u00e7\u0131karlar\u0131 noktas\u0131nda insanca ya\u015famalar\u0131n\u0131 sa\u011flayal\u0131m. Bizler Yeni\u015fehir&#8217;de g\u00fczel evlerde oturuyoruz. G\u00fczel parklarda \u00e7ocuklar\u0131m\u0131z\u0131, torunlar\u0131m\u0131z\u0131 oynat\u0131yoruz. Biz tutuyoruz Akdeniz&#8217;in haklar\u0131n\u0131 savunuyoruz. Ne g\u00fczel. Tok a\u00e7\u0131n halinden ne anlar? O y\u00fczden gelin bu i\u015fleri hep birlikte \u00e7\u00f6zelim.&#8221;<\/p>\n","protected":false},"excerpt":{"rendered":"<p>Akdeniz Belediye Meclisi&#8217;nde kentin ve il\u00e7enin en b\u00fcy\u00fck sorununun imar sorunu oldu\u011funa dikkat \u00e7eken Ba\u015fkan M. Mustafa G\u00fcltak \u00e7\u00f6z\u00fcm \u00fcretme noktas\u0131nda, &#8220;Ben hayal ediyorum. Bu olacak merak etmeyin. Benim o &hellip; <a href=\"https:\/\/akdenizolaygazetesi.com\/?p=13173\" class=\"more-link\">Devam\u0131n\u0131 Oku&#8230;<\/a><\/p>\n","protected":false},"author":2,"featured_media":13174,"comment_status":"open","ping_status":"open","sticky":false,"template":"","format":"standard","meta":[],"categories":[8,1,3,5],"tags":[],"_links":{"self":[{"href":"https:\/\/akdenizolaygazetesi.com\/index.php?rest_route=\/wp\/v2\/posts\/13173"}],"collection":[{"href":"https:\/\/akdenizolaygazetesi.com\/index.php?rest_route=\/wp\/v2\/posts"}],"about":[{"href":"https:\/\/akdenizolaygazetesi.com\/index.php?rest_route=\/wp\/v2\/types\/post"}],"author":[{"embeddable":true,"href":"https:\/\/akdenizolaygazetesi.com\/index.php?rest_route=\/wp\/v2\/users\/2"}],"replies":[{"embeddable":true,"href":"https:\/\/akdenizolaygazetesi.com\/index.php?rest_route=%2Fwp%2Fv2%2Fcomments&post=13173"}],"version-history":[{"count":1,"href":"https:\/\/akdenizolaygazetesi.com\/index.php?rest_route=\/wp\/v2\/posts\/13173\/revisions"}],"predecessor-version":[{"id":13175,"href":"https:\/\/akdenizolaygazetesi.com\/index.php?rest_route=\/wp\/v2\/posts\/13173\/revisions\/13175"}],"wp:featuredmedia":[{"embeddable":true,"href":"https:\/\/akdenizolaygazetesi.com\/index.php?rest_route=\/wp\/v2\/media\/13174"}],"wp:attachment":[{"href":"https:\/\/akdenizolaygazetesi.com\/index.php?rest_route=%2Fwp%2Fv2%2Fmedia&parent=13173"}],"wp:term":[{"taxonomy":"category","embeddable":true,"href":"https:\/\/akdenizolaygazetesi.com\/index.php?rest_route=%2Fwp%2Fv2%2Fcategories&post=13173"},{"taxonomy":"post_tag","embeddable":true,"href":"https:\/\/akdenizolaygazetesi.com\/index.php?rest_route=%2Fwp%2Fv2%2Ftags&post=13173"}],"curies":[{"name":"wp","href":"https:\/\/api.w.org\/{rel}","templated":true}]}}