{"id":13179,"date":"2021-07-06T12:14:34","date_gmt":"2021-07-06T09:14:34","guid":{"rendered":"http:\/\/akdenizolaygazetesi.com\/?p=13179"},"modified":"2021-07-06T12:14:34","modified_gmt":"2021-07-06T09:14:34","slug":"yasaklar-kalkti-mersinliler-solugu-buyuksehirin-plajlarinda-aldi","status":"publish","type":"post","link":"https:\/\/akdenizolaygazetesi.com\/?p=13179","title":{"rendered":"YASAKLAR KALKTI, MERS\u0130NL\u0130LER SOLU\u011eU B\u00dcY\u00dcK\u015eEH\u0130R\u2019\u0130N PLAJLARINDA ALDI"},"content":{"rendered":"<p>Mersin B\u00fcy\u00fck\u015fehir Belediyesi Denizk\u0131z\u0131 A.\u015e.\u2019nin i\u015fletti\u011fi 9 halk plaj\u0131, hafta sonu soka\u011fa \u00e7\u0131kma yasaklar\u0131n\u0131n kald\u0131r\u0131lmas\u0131n\u0131n ard\u0131ndan yurt i\u00e7i ve d\u0131\u015f\u0131ndan gelen tatilcilerin ak\u0131n\u0131na u\u011frad\u0131. Plajlar\u0131nda 3 mavi bayra\u011f\u0131 dalgaland\u0131ran B\u00fcy\u00fck\u015fehir\u2019in plajlar\u0131n\u0131 tercih eden tatilciler sunulan hizmetlerden, imkanlardan ve personelin yakla\u015f\u0131m\u0131ndan memnun kald\u0131klar\u0131n\u0131 vurgulad\u0131.<\/p>\n<p>B\u00fcy\u00fck\u015fehir\u2019in plajlar\u0131 tatilcilere \u00e7ok say\u0131da imkan sa\u011flad\u0131<\/p>\n<p>1 Temmuz\u2019dan itibaren soka\u011fa \u00e7\u0131kma yasaklar\u0131n\u0131n kald\u0131r\u0131lmas\u0131yla birlikte Adana, Osmaniye ve Gaziantep\u2019te ya\u015fayan vatanda\u015flar ba\u015fta olmak \u00fczere b\u00f6lgedeki \u00e7ok say\u0131da vatanda\u015f hafta sonu Mersin\u2019e ak\u0131n etti. Yurtd\u0131\u015f\u0131ndan gelen tatilciler ve kent merkezinde ya\u015fayan Mersinliler de hafta sonu solu\u011fu B\u00fcy\u00fck\u015fehir\u2019in i\u015fletti\u011fi Susano\u011flu, Yaprakl\u0131koy, K\u0131zkalesi, Yemi\u015fkumu, Kocahasanl\u0131,  Kumkuyu,  T\u0131rtar, T\u00f6bank ve Sultankoy halk plajlar\u0131nda ald\u0131. B\u00fcy\u00fck\u015fehir\u2019in plajlar\u0131 tatilcilere kafeterya, cankurtaran, \u015fezlong, \u015femsiye, engelsiz rampa, du\u015f, WC ve giyinme kabini gibi \u00e7ok say\u0131da imkan sundu. Tatilciler, toplam 3 mavi bayrak ta\u015f\u0131yan K\u0131zkalesi ve Susano\u011flu halk plajlar\u0131n\u0131 yo\u011fun olarak tercih etti.<\/p>\n<p>\u201cYasaklar\u0131n da kalkmas\u0131yla m\u00fcthi\u015f bir yo\u011funluk meydana geldi\u201d<\/p>\n<p>Susano\u011flu Halk Plaj\u0131 Sorumlusu Utku Korkmaz, yakla\u015f\u0131k bir ay \u00f6nce t\u00fcm haz\u0131rl\u0131klar\u0131 tamamlad\u0131klar\u0131n\u0131 belirterek, \u201cYasaklar\u0131n da kalkmas\u0131yla birlikte burada m\u00fcthi\u015f bir yo\u011funluk meydana geldi. \u00dclkenin her yerinden misafirlerimiz sahillere ak\u0131n etti. Mersin sahillerimiz de ayn\u0131 \u015fekilde ilgi g\u00f6rd\u00fc. M\u00fcthi\u015f bir yo\u011funluk var. Burada kafeterya hizmetlerimiz var. Plaj\u0131m\u0131z mavi bayrakl\u0131. 33 kriteri yerine getirerek mavi bayrak ald\u0131k. Burada engelli vatanda\u015flar\u0131m\u0131z i\u00e7in engelsiz rampam\u0131z var. Sahilimiz temiz. S\u00fcrekli temizlik yap\u0131yoruz. Misafirlerimizi en iyi \u015fekilde a\u011f\u0131rlamaya \u00e7al\u0131\u015f\u0131yoruz\u201d dedi.<\/p>\n<p>Korkmaz, personelin yakla\u015f\u0131m\u0131yla ilgili tatilcilerden olumlu d\u00f6n\u00fc\u015fler ald\u0131klar\u0131n\u0131 s\u00f6zlerine ekleyerek, \u201cPersonelimizin \u00e7o\u011fu \u00fcniversite \u00f6\u011frencisi, e\u011fitimli insanlar. \u0130nsan ili\u015fkilerini \u00e7ok iyi becerebilen bireyler. Misafirlerimizle ili\u015fkileri ger\u00e7ekten \u00e7ok s\u0131cakkanl\u0131. Bu a\u00e7\u0131dan \u00e7ok \u00f6vg\u00fc al\u0131yoruz. Bunlar da bizi memnun ediyor\u201d diye konu\u015ftu.<\/p>\n<p>\u201cMersin, her ge\u00e7en g\u00fcn belediye sayesinde geli\u015fen bir yer\u201d<\/p>\n<p>\u015eehir d\u0131\u015f\u0131ndan Susano\u011flu\u2019na gelen tatilcilerden Sedat Akta\u015f, kendisinin de Mersinli oldu\u011funu vurgulayarak, \u201cMersin\u2019i seviyorum ve Mersin her ge\u00e7en g\u00fcn belediye sayesinde geli\u015fen bir yer. Plajlar\u0131n\u0131 da \u00e7ok seviyorum. Her t\u00fcrl\u00fc imkan var. Du\u015f, kabin ve cankurtaran olmas\u0131 \u00e7ok iyi. Ba\u015fka yerlerdeki \u00e7o\u011fu plajda yok. Denizi temiz, plaj\u0131 temiz ve ilgileniyorlar. O y\u00fczden gayet memnun kald\u0131m. G\u00f6lgede oturuyoruz, rahat\u0131z, kafeyi de be\u011fendim. Mavi bayra\u011f\u0131 hak eden bir yer\u201d ifadelerine yer verdi.<\/p>\n<p>\u201cSusano\u011flu Halk Plaj\u0131 \u00e7ok temiz ve d\u00fczenli\u201d<\/p>\n<p>Eski\u015fehir\u2019den gelen tatilcilerden U\u011fur \u00d6zkan da tatil i\u00e7in Susano\u011flu\u2019nu tercih etti\u011fini belirterek, \u201cMersin g\u00fczel, \u00e7ok ho\u015fuma gitti. Susano\u011flu Halk Plaj\u0131 \u00e7ok temiz ve d\u00fczenli. Burada eme\u011fi olanlara te\u015fekk\u00fcr ediyorum. Ben her sene Antalya\u2019ya, Ege\u2019ye tatile gitmeye \u00e7al\u0131\u015f\u0131r\u0131m. \u00c7o\u011fu plaja g\u00f6re ger\u00e7ekten g\u00fczel. Sadece biraz daha bilinmesi gerekiyor. Susano\u011flu Halk Plaj\u0131 baya\u011f\u0131 b\u00fcy\u00fck, istedi\u011fim gibi ince kumlu. \u00c7o\u011fu yerde bu yok\u201d dedi.<\/p>\n<p>\u00d6zkan, yasaklar\u0131n kalkmas\u0131yla plajlara ilginin artt\u0131\u011f\u0131n\u0131 s\u00f6zlerine ekleyerek, \u201c\u00c7o\u011fu yerde bu ince kum, g\u00fczel sahiller yok. Vahap Ba\u015fkana b\u00f6yle g\u00fczel sahilleri \u00fclkemize kazand\u0131rd\u0131\u011f\u0131 i\u00e7in te\u015fekk\u00fcr ediyoruz. B\u00f6yle temiz, g\u00fczel sahillere ihtiyac\u0131m\u0131z var. Hem yerli hem de yabanc\u0131 turist \u00e7ekmesi a\u00e7\u0131s\u0131ndan gayet ba\u015far\u0131l\u0131, g\u00f6revini gayet yerine getiriyor\u201d diye konu\u015ftu.<\/p>\n<p>\u0130ngiltere\u2019den tatil i\u00e7in Mersin\u2019e gelen Mustafa Ta\u015fl\u0131dere ise B\u00fcy\u00fck\u015fehir\u2019in i\u015fletti\u011fi sahillerden memnun kald\u0131\u011f\u0131n\u0131 vurgulayarak, \u201cTakdirle kar\u015f\u0131l\u0131yorum. \u00c7ok temiz. Temizli\u011fe \u00f6nem veriyorlar. Kaliteli hizmet veriyorlar. Bu da bizi mutlu ediyor bir vatanda\u015f olarak. Personelden memnunuz\u201d dedi.<\/p>\n","protected":false},"excerpt":{"rendered":"<p>Mersin B\u00fcy\u00fck\u015fehir Belediyesi Denizk\u0131z\u0131 A.\u015e.\u2019nin i\u015fletti\u011fi 9 halk plaj\u0131, hafta sonu soka\u011fa \u00e7\u0131kma yasaklar\u0131n\u0131n kald\u0131r\u0131lmas\u0131n\u0131n ard\u0131ndan yurt i\u00e7i ve d\u0131\u015f\u0131ndan gelen tatilcilerin ak\u0131n\u0131na u\u011frad\u0131. Plajlar\u0131nda 3 mavi bayra\u011f\u0131 dalgaland\u0131ran B\u00fcy\u00fck\u015fehir\u2019in &hellip; <a href=\"https:\/\/akdenizolaygazetesi.com\/?p=13179\" class=\"more-link\">Devam\u0131n\u0131 Oku&#8230;<\/a><\/p>\n","protected":false},"author":2,"featured_media":13180,"comment_status":"open","ping_status":"open","sticky":false,"template":"","format":"standard","meta":[],"categories":[3,5],"tags":[],"_links":{"self":[{"href":"https:\/\/akdenizolaygazetesi.com\/index.php?rest_route=\/wp\/v2\/posts\/13179"}],"collection":[{"href":"https:\/\/akdenizolaygazetesi.com\/index.php?rest_route=\/wp\/v2\/posts"}],"about":[{"href":"https:\/\/akdenizolaygazetesi.com\/index.php?rest_route=\/wp\/v2\/types\/post"}],"author":[{"embeddable":true,"href":"https:\/\/akdenizolaygazetesi.com\/index.php?rest_route=\/wp\/v2\/users\/2"}],"replies":[{"embeddable":true,"href":"https:\/\/akdenizolaygazetesi.com\/index.php?rest_route=%2Fwp%2Fv2%2Fcomments&post=13179"}],"version-history":[{"count":1,"href":"https:\/\/akdenizolaygazetesi.com\/index.php?rest_route=\/wp\/v2\/posts\/13179\/revisions"}],"predecessor-version":[{"id":13181,"href":"https:\/\/akdenizolaygazetesi.com\/index.php?rest_route=\/wp\/v2\/posts\/13179\/revisions\/13181"}],"wp:featuredmedia":[{"embeddable":true,"href":"https:\/\/akdenizolaygazetesi.com\/index.php?rest_route=\/wp\/v2\/media\/13180"}],"wp:attachment":[{"href":"https:\/\/akdenizolaygazetesi.com\/index.php?rest_route=%2Fwp%2Fv2%2Fmedia&parent=13179"}],"wp:term":[{"taxonomy":"category","embeddable":true,"href":"https:\/\/akdenizolaygazetesi.com\/index.php?rest_route=%2Fwp%2Fv2%2Fcategories&post=13179"},{"taxonomy":"post_tag","embeddable":true,"href":"https:\/\/akdenizolaygazetesi.com\/index.php?rest_route=%2Fwp%2Fv2%2Ftags&post=13179"}],"curies":[{"name":"wp","href":"https:\/\/api.w.org\/{rel}","templated":true}]}}